{"id":9707,"date":"2021-02-18T00:43:01","date_gmt":"2021-02-18T05:43:01","guid":{"rendered":"https:\/\/www.unibac.telecso.co\/?p=9707"},"modified":"2021-11-01T00:56:18","modified_gmt":"2021-11-01T05:56:18","slug":"este-lunes-elecciones-de-representantes-estudiantiles-en-unibac","status":"publish","type":"post","link":"https:\/\/unibac.edu.co\/webnueva\/este-lunes-elecciones-de-representantes-estudiantiles-en-unibac\/","title":{"rendered":"Este lunes, elecciones de representantes estudiantiles en Unibac"},"content":{"rendered":"\t\t<div data-elementor-type=\"wp-post\" data-elementor-id=\"9707\" class=\"elementor elementor-9707\" data-elementor-settings=\"{&quot;ha_cmc_init_switcher&quot;:&quot;no&quot;}\">\n\t\t\t\t\t\t<section class=\"elementor-section elementor-top-section elementor-element elementor-element-23508fa7 elementor-section-boxed elementor-section-height-default elementor-section-height-default\" data-id=\"23508fa7\" data-element_type=\"section\" data-e-type=\"section\" data-settings=\"{&quot;_ha_eqh_enable&quot;:false}\">\n\t\t\t\t\t\t<div class=\"elementor-container elementor-column-gap-default\">\n\t\t\t\t\t<div class=\"elementor-column elementor-col-50 elementor-top-column elementor-element elementor-element-48a7e2f\" data-id=\"48a7e2f\" data-element_type=\"column\" data-e-type=\"column\">\n\t\t\t<div class=\"elementor-widget-wrap elementor-element-populated\">\n\t\t\t\t\t\t<div class=\"elementor-element elementor-element-12689583 elementor-widget elementor-widget-image\" data-id=\"12689583\" data-element_type=\"widget\" data-e-type=\"widget\" data-widget_type=\"image.default\">\n\t\t\t\t<div class=\"elementor-widget-container\">\n\t\t\t\t\t\t\t\t\t\t\t\t\t\t\t<img fetchpriority=\"high\" decoding=\"async\" width=\"781\" height=\"521\" src=\"https:\/\/unibac.edu.co\/webnueva\/wp-content\/uploads\/2021\/06\/unibac_1-1.jpg\" class=\"attachment-large size-large wp-image-8263\" alt=\"\" \/>\t\t\t\t\t\t\t\t\t\t\t\t\t\t\t<\/div>\n\t\t\t\t<\/div>\n\t\t\t\t<div class=\"elementor-element elementor-element-4ded3b57 elementor-widget elementor-widget-gva-heading-block\" data-id=\"4ded3b57\" data-element_type=\"widget\" data-e-type=\"widget\" data-widget_type=\"gva-heading-block.default\">\n\t\t\t\t<div class=\"elementor-widget-container\">\n\t\t\t\t\t<div class=\"gva-element-gva-heading-block gva-element\">   <div class=\"align-left style-1 widget gsc-heading\">\r\n      <div class=\"content-inner\">\r\n         \r\n                  \r\n                  \r\n                     <h2 class=\"title\">\r\n               <span>Noticias<\/span>\r\n            <\/h2>\r\n         \r\n                     <div class=\"sub-title\"><span>Este lunes, elecciones de representantes estudiantiles en Unibac<\/span><\/div>\r\n          \r\n\r\n         \r\n         \r\n      <\/div>\r\n   <\/div>\r\n   <div class=\"clearfix\"><\/div>\r\n<\/div>\t\t\t\t<\/div>\n\t\t\t\t<\/div>\n\t\t\t\t<div class=\"elementor-element elementor-element-61fbc0f9 elementor-widget elementor-widget-text-editor\" data-id=\"61fbc0f9\" data-element_type=\"widget\" data-e-type=\"widget\" data-widget_type=\"text-editor.default\">\n\t\t\t\t<div class=\"elementor-widget-container\">\n\t\t\t\t\t\t\t\t\t<p>Fuente: Prensa y comunicaciones Unibac<\/p><p><strong>Cartagena de Indias, 18 de febrero de 2021<\/strong>. Este lunes 22 de febrero, en el horario de 9 de la ma\u00f1ana a 8 de la noche, se realizar\u00e1n las elecciones de los representantes estudiantiles ante el Consejo Directivo y ante el Consejo Acad\u00e9mico de la Instituci\u00f3n Universitaria Bellas Artes y Ciencias de Bol\u00edvar (Unibac).<\/p><p>Para el Consejo Acad\u00e9mico los candidatos son: Ana Lucia Castellar Klee de M\u00fasica y Camilo Rivera Mill\u00e1n de Comunicaci\u00f3n Audiovisual. Para el Consejo Directivo aspiran Grace Guti\u00e9rrez Molina de M\u00fasica y Rafael Acosta P\u00e9rez de Artes Esc\u00e9nicas.<\/p><p>Los comicios se realizar\u00e1n en los pasillos del sal\u00f3n Miguel Sebasti\u00e1n Guerrero, donde estar\u00e1n habilitadas seis mesas de votaci\u00f3n, una por cada programa: Artes Esc\u00e9nicas, Artes Pl\u00e1sticas, Comunicaci\u00f3n Audiovisual, Dise\u00f1o Gr\u00e1fico, Dise\u00f1o Industrial y M\u00fasica.<\/p><p>Podr\u00e1n votar todos los estudiantes de los programas profesionales de Unibac, debidamente matriculados en el semestre en vigencia, quienes para ejercer su derecho deber\u00e1n presentar su documento de identidad y cumplir con las medidas de bioseguridad de la Instituci\u00f3n.<\/p><p>Los estudiantes elegidos cumplir\u00e1n un per\u00edodo de representaci\u00f3n de dos a\u00f1os.<\/p>\t\t\t\t\t\t\t\t<\/div>\n\t\t\t\t<\/div>\n\t\t\t\t\t<\/div>\n\t\t<\/div>\n\t\t\t\t<div class=\"elementor-column elementor-col-50 elementor-top-column elementor-element elementor-element-25ee8a21\" data-id=\"25ee8a21\" data-element_type=\"column\" data-e-type=\"column\">\n\t\t\t<div class=\"elementor-widget-wrap elementor-element-populated\">\n\t\t\t\t\t\t<div class=\"elementor-element elementor-element-6278e8ad elementor-widget elementor-widget-sidebar\" data-id=\"6278e8ad\" data-element_type=\"widget\" data-e-type=\"widget\" data-widget_type=\"sidebar.default\">\n\t\t\t\t<div class=\"elementor-widget-container\">\n\t\t\t\t\t\n\t\t<aside id=\"recent-posts-3\" class=\"widget clearfix widget_recent_entries\">\n\t\t<h3 class=\"widget-title\"><span>\u00daltimas Noticias<\/span><\/h3>\n\t\t<ul>\n\t\t\t\t\t\t\t\t\t\t\t<li>\n\t\t\t\t\t<a href=\"https:\/\/unibac.edu.co\/webnueva\/tesis-de-grado-doctoral-sobre-german-cespedes-director-del-conservatorio-de-musica-de-unibac-obtiene-distincion-laureada\/\">Tesis de grado doctoral sobre Germ\u00e1n C\u00e9spedes, director del Conservatorio de M\u00fasica de Unibac, obtiene distinci\u00f3n laureada<\/a>\n\t\t\t\t\t\t\t\t\t\t\t<span class=\"post-date\">24 abril, 2026<\/span>\n\t\t\t\t\t\t\t\t\t<\/li>\n\t\t\t\t\t\t\t\t\t\t\t<li>\n\t\t\t\t\t<a href=\"https:\/\/unibac.edu.co\/webnueva\/ustedes-representan-el-capital-intelectual-renovador-de-nuestra-region-sacra-nader-en-ceremonia-de-graduacion-de-98-nuevos-profesionales-de-unibac\/\">\u201cUstedes representan el capital intelectual renovador de nuestra regi\u00f3n\u201d: Sacra N\u00e1der en ceremonia de graduaci\u00f3n de 98 nuevos profesionales de Unibac<\/a>\n\t\t\t\t\t\t\t\t\t\t\t<span class=\"post-date\">22 abril, 2026<\/span>\n\t\t\t\t\t\t\t\t\t<\/li>\n\t\t\t\t\t\t\t\t\t\t\t<li>\n\t\t\t\t\t<a href=\"https:\/\/unibac.edu.co\/webnueva\/presentacion-de-novedades-editoriales-unibac\/\">Presentaci\u00f3n de Novedades Editoriales \u2013 Unibac<\/a>\n\t\t\t\t\t\t\t\t\t\t\t<span class=\"post-date\">30 marzo, 2026<\/span>\n\t\t\t\t\t\t\t\t\t<\/li>\n\t\t\t\t\t\t\t\t\t\t\t<li>\n\t\t\t\t\t<a href=\"https:\/\/unibac.edu.co\/webnueva\/estudiantes-de-diseno-industrial-unibac-finalistas-en-green-product-award-alemania-con-productos-hechos-con-flores-yuca-y-alpiste\/\">Estudiantes de Dise\u00f1o Industrial Unibac, finalistas en Green Product Award (Alemania) con productos hechos con flores, yuca y alpiste<\/a>\n\t\t\t\t\t\t\t\t\t\t\t<span class=\"post-date\">19 marzo, 2026<\/span>\n\t\t\t\t\t\t\t\t\t<\/li>\n\t\t\t\t\t\t\t\t\t\t\t<li>\n\t\t\t\t\t<a href=\"https:\/\/unibac.edu.co\/webnueva\/la-toma-2026-manantial-creativo-en-trabajos-de-grado-de-estudiantes-unibac\/\">\u201cLa Toma 2026\u201d, manantial creativo en trabajos de grado de estudiantes Unibac<\/a>\n\t\t\t\t\t\t\t\t\t\t\t<span class=\"post-date\">10 marzo, 2026<\/span>\n\t\t\t\t\t\t\t\t\t<\/li>\n\t\t\t\t\t<\/ul>\n\n\t\t<\/aside>\t\t\t\t<\/div>\n\t\t\t\t<\/div>\n\t\t\t\t\t<\/div>\n\t\t<\/div>\n\t\t\t\t\t<\/div>\n\t\t<\/section>\n\t\t\t\t<\/div>\n\t\t","protected":false},"excerpt":{"rendered":"<p>Noticias Este lunes, elecciones de representantes estudiantiles en Unibac Fuente: Prensa y comunicaciones Unibac Cartagena de Indias, 18 de febrero [&hellip;]<\/p>\n","protected":false},"author":3,"featured_media":0,"comment_status":"open","ping_status":"open","sticky":false,"template":"","format":"standard","meta":{"footnotes":""},"categories":[79],"tags":[],"class_list":["post-9707","post","type-post","status-publish","format-standard","hentry","category-noticias-unibac"],"_links":{"self":[{"href":"https:\/\/unibac.edu.co\/webnueva\/wp-json\/wp\/v2\/posts\/9707","targetHints":{"allow":["GET"]}}],"collection":[{"href":"https:\/\/unibac.edu.co\/webnueva\/wp-json\/wp\/v2\/posts"}],"about":[{"href":"https:\/\/unibac.edu.co\/webnueva\/wp-json\/wp\/v2\/types\/post"}],"author":[{"embeddable":true,"href":"https:\/\/unibac.edu.co\/webnueva\/wp-json\/wp\/v2\/users\/3"}],"replies":[{"embeddable":true,"href":"https:\/\/unibac.edu.co\/webnueva\/wp-json\/wp\/v2\/comments?post=9707"}],"version-history":[{"count":7,"href":"https:\/\/unibac.edu.co\/webnueva\/wp-json\/wp\/v2\/posts\/9707\/revisions"}],"predecessor-version":[{"id":9715,"href":"https:\/\/unibac.edu.co\/webnueva\/wp-json\/wp\/v2\/posts\/9707\/revisions\/9715"}],"wp:attachment":[{"href":"https:\/\/unibac.edu.co\/webnueva\/wp-json\/wp\/v2\/media?parent=9707"}],"wp:term":[{"taxonomy":"category","embeddable":true,"href":"https:\/\/unibac.edu.co\/webnueva\/wp-json\/wp\/v2\/categories?post=9707"},{"taxonomy":"post_tag","embeddable":true,"href":"https:\/\/unibac.edu.co\/webnueva\/wp-json\/wp\/v2\/tags?post=9707"}],"curies":[{"name":"wp","href":"https:\/\/api.w.org\/{rel}","templated":true}]}}