{"id":29320,"date":"2026-09-03T15:18:00","date_gmt":"2026-09-03T20:18:00","guid":{"rendered":"https:\/\/unibac.edu.co\/webnueva\/?p=29320"},"modified":"2026-09-05T07:25:18","modified_gmt":"2026-09-05T12:25:18","slug":"lanzamiento-de-las-xii-clinicas-instrumentales-de-unibac","status":"publish","type":"post","link":"https:\/\/unibac.edu.co\/webnueva\/lanzamiento-de-las-xii-clinicas-instrumentales-de-unibac\/","title":{"rendered":"Lanzamiento de las XII Cl\u00ednicas Instrumentales de Unibac"},"content":{"rendered":"\t\t<div data-elementor-type=\"wp-post\" data-elementor-id=\"29320\" class=\"elementor elementor-29320\" data-elementor-settings=\"{&quot;ha_cmc_init_switcher&quot;:&quot;no&quot;}\">\n\t\t\t\t\t\t<section class=\"elementor-section elementor-top-section elementor-element elementor-element-77b2515c elementor-section-boxed elementor-section-height-default elementor-section-height-default\" data-id=\"77b2515c\" data-element_type=\"section\" data-e-type=\"section\" data-settings=\"{&quot;_ha_eqh_enable&quot;:false}\">\n\t\t\t\t\t\t<div class=\"elementor-container elementor-column-gap-default\">\n\t\t\t\t\t<div class=\"elementor-column elementor-col-50 elementor-top-column elementor-element elementor-element-4c630993\" data-id=\"4c630993\" data-element_type=\"column\" data-e-type=\"column\">\n\t\t\t<div class=\"elementor-widget-wrap elementor-element-populated\">\n\t\t\t\t\t\t<div class=\"elementor-element elementor-element-7cd839b7 elementor-widget elementor-widget-image\" data-id=\"7cd839b7\" data-element_type=\"widget\" data-e-type=\"widget\" data-widget_type=\"image.default\">\n\t\t\t\t<div class=\"elementor-widget-container\">\n\t\t\t\t\t\t\t\t\t\t\t\t\t\t\t<img fetchpriority=\"high\" decoding=\"async\" width=\"900\" height=\"445\" src=\"https:\/\/unibac.edu.co\/webnueva\/wp-content\/uploads\/2026\/09\/Banner-de-XII-Clinicas-Instrumentales-1-1024x506.png\" class=\"attachment-large size-large wp-image-29323\" alt=\"\" \/>\t\t\t\t\t\t\t\t\t\t\t\t\t\t\t<\/div>\n\t\t\t\t<\/div>\n\t\t\t\t<div class=\"elementor-element elementor-element-579ffd6 elementor-widget elementor-widget-gva-heading-block\" data-id=\"579ffd6\" data-element_type=\"widget\" data-e-type=\"widget\" data-widget_type=\"gva-heading-block.default\">\n\t\t\t\t<div class=\"elementor-widget-container\">\n\t\t\t\t\t<div class=\"gva-element-gva-heading-block gva-element\">   <div class=\"align-left style-1 widget gsc-heading\">\r\n      <div class=\"content-inner\">\r\n         \r\n                  \r\n                  \r\n                     <h2 class=\"title\">\r\n               <span>Noticias<\/span>\r\n            <\/h2>\r\n         \r\n                     <div class=\"sub-title\"><span>Bolet\u00edn N\u00b01 Lanzamiento de las XII Cl\u00ednicas Instrumentales de Unibac<\/span><\/div>\r\n          \r\n\r\n         \r\n         \r\n      <\/div>\r\n   <\/div>\r\n   <div class=\"clearfix\"><\/div>\r\n<\/div>\t\t\t\t<\/div>\n\t\t\t\t<\/div>\n\t\t\t\t<div class=\"elementor-element elementor-element-7783b8f0 elementor-widget elementor-widget-text-editor\" data-id=\"7783b8f0\" data-element_type=\"widget\" data-e-type=\"widget\" data-widget_type=\"text-editor.default\">\n\t\t\t\t<div class=\"elementor-widget-container\">\n\t\t\t\t\t\t\t\t\t<p><strong>CARTAGENA DE INDIAS, COLOMBIA. <\/strong>La Instituci\u00f3n Universitaria Bellas Artes y Ciencias de Bol\u00edvar (Unibac) anuncia oficialmente el lanzamiento y la apertura de inscripciones a las XII Cl\u00ednicas Instrumentales de Unibac, que se celebrar\u00e1n en Cartagena de Indias del <strong>5 al 9 de octubre de 2026<\/strong>.<\/p><p>Las Cl\u00ednicas Instrumentales de Unibac se han consolidado como piedra angular de la excelencia acad\u00e9mica del programa de M\u00fasica del Conservatorio Adolfo Mej\u00eda Navarro. Desde su origen en 2014, el evento ha promovido la actualizaci\u00f3n pedag\u00f3gica, la innovaci\u00f3n interpretativa y la cooperaci\u00f3n acad\u00e9mica internacional. A lo largo de sus once versiones anteriores, ha contado con la participaci\u00f3n de m\u00e1s de 240 maestros de 25 pa\u00edses y beneficiado a m\u00e1s de 4.000 estudiantes e int\u00e9rpretes de Colombia y el extranjero.<\/p><p>El impacto de su versi\u00f3n anterior (XI Cl\u00ednicas Instrumentales y IV Cl\u00ednicas Kids en 2025) revalid\u00f3 su trascendencia social e institucional, con 437 m\u00fasicos y universitarios participantes activos, 433 ni\u00f1os beneficiados directos en semilleros, la asistencia de m\u00fasicos procedentes de 15 departamentos del pa\u00eds y una audiencia de m\u00e1s de 2.100 espectadores en 13 conciertos p\u00fablicos.<\/p><h4>N\u00d3MINA DE DOCENTES E INVITADOS INTERNACIONALES 2026<\/h4><p>Para esta XII edici\u00f3n, la agenda acad\u00e9mica integrar\u00e1 clases magistrales, investigaci\u00f3n-creaci\u00f3n, pedagog\u00eda, psicolog\u00eda de la interpretaci\u00f3n y luther\u00eda, a cargo de un cuerpo docente internacional de primer nivel:<\/p><ul><li><strong>Direcci\u00f3n Orquestal: <\/strong> Alejandro G\u00f3mez Guill\u00e9n (EEUU\/Colombia \u2013 Arizona State University).<\/li><li><strong>Viol\u00edn: <\/strong>Jelyen Baso Miranda (Cuba \u2013 Corporaci\u00f3n Universitaria Reformada).<\/li><li><strong>Viola: <\/strong>Juli\u00e1n Linares (Colombia \u2013 Universidad de los Andes \/ Orquesta Filarm\u00f3nica de Bogot\u00e1).<\/li><li><strong>Violonchelo: <\/strong> Diego Hern\u00e1ndez (Colombia \u2013 Universidad del Cauca).<\/li><li><strong>Contrabajo: <\/strong>Ligia Perilla (Colombia \u2013 Orquesta Sinf\u00f3nica Nacional de Colombia).<\/li><li><strong>Flauta Traversa: <\/strong>Cristian Guerrero (Colombia \u2013 Orquesta Filarm\u00f3nica de Bogot\u00e1).<\/li><li><strong>Clarinete: <\/strong> Andr\u00e9s Ram\u00edrez (Colombia \u2013 Universidad del Cauca \/ Artista Yamaha).<\/li><li><strong>Saxof\u00f3n: <\/strong>Javier Esteban Mu\u00f1oz (Colombia \u2013 Universidad de Caldas \/ ASAB).<\/li><li><strong>Trompeta: <\/strong>Carlos &#8220;El Chino&#8221; Acosta (Colombia \u2013 Artista Stomvi Latinoam\u00e9rica).<\/li><li><strong>Tromb\u00f3n y Eufonio: <\/strong>Alejandro Anaya (Colombia \u2013 Universidad del Cauca).<\/li><li><strong>Tuba: <\/strong>Juan Erney Sep\u00falveda (Colombia \u2013 UPN \/ Universidad Distrital).<\/li><li><strong>Percusi\u00f3n Latina: <\/strong>Gina Bot\u00eda (Colombia \u2013 Universidad del Valle).<\/li><li><strong>Direcci\u00f3n Coral: <\/strong> Steven Olson (EEUU \u2013 Florida State University).<\/li><li><strong>Canto L\u00edrico: <\/strong> Liliana Guerrero (EEUU \u2013 University of Texas at Austin).<\/li><li><strong>Piano Jazz: <\/strong>Milton Salcedo (Colombia \u2013 Productor, Ganador del Grammy Latino \/ Universidad del Magdalena).<\/li><li><strong>Piano Cl\u00e1sico: <\/strong> Bernardo Santos (Portugal \u2013 Concertista Internacional).<\/li><li><strong>Guitarra Cl\u00e1sica: <\/strong>Juli\u00e1n Cardona (Colombia \u2013 Universidad del Atl\u00e1ntico).<\/li><li><strong>Guitarra: <\/strong>Eduardo Jasb\u00f3n (Colombia \u2013 Festival Internacional de Guitarra de Cartagena).<\/li><li><strong>Guitarra Jazz \/ El\u00e9ctrica: <\/strong>Chip Henderson y John Bass (EEUU \u2013 Middle Tennessee State University \/ Rhodes College).<\/li><li><strong>Luther\u00eda de Guitarra: <\/strong>Eduardo Bossa (Colombia \u2013 Luthier premiado en Granada, Espa\u00f1a).<\/li><li><strong>Investigaci\u00f3n Musical: <\/strong> Jos\u00e9 David Rold\u00e1n (Colombia \u2013 UNAD \/ Universidad del Valle).<\/li><li><strong>Entrenamiento Auditivo y Armon\u00eda: <\/strong>L\u00e1cides Romero (Colombia \u2013 Pionero del acorde\u00f3n cl\u00e1sico en Colombia).<\/li><\/ul><p>La participaci\u00f3n en las XII Cl\u00ednicas Instrumentales de Unibac es gratuita para todos los inscritos y hace parte de las actividades acad\u00e9micas regulares para los estudiantes activos del Conservatorio de M\u00fasica Adolfo Mej\u00eda Navarro.<\/p><h4>ENSAMBLES INTEGRADOS Y MONTAJE DE REPERTORIO<\/h4><p>Las Cl\u00ednicas ofrecer\u00e1n talleres pr\u00e1cticos y ensayos colectivos de ensambles integrados, conducentes a conciertos de gala ofrecidos dentro de la agenda cultural, que estar\u00e1n a cargo de los siguientes conjuntos, con sus respectivos repertorios:<\/p><h4>1.\u00a0\u00a0\u00a0\u00a0\u00a0 Orquesta Sinf\u00f3nica Integrada:<\/h4><ul><li><em>Obertura No 2 en Mi bemol de Louise Farrenc (Francia)<\/em><\/li><li><em>Concierto para acorde\u00f3n modificado y orquesta, de Ludsen Solista: L\u00e1cides Romero (Colombia)<\/em><\/li><li><em>Me llaman la primorosa de El Barbero de Sevilla de Manuel Nieto y Ger\u00f3nimo Gim\u00e9nez. Solista: Liliana Guti\u00e9rrez (EEUU)<\/em><\/li><li><em>Balada en la menor de Samuel Coleridge-Taylor (EEUU)<\/em><\/li><li><em>Suite No 2 de El sombrero de 3 picos de Manuela de Falla (Espa\u00f1a)<\/em><\/li><\/ul><p>Director: Alejandro G\u00f3mez (EEUU)<\/p><h4>2.\u00a0\u00a0\u00a0\u00a0\u00a0 Banda Sinf\u00f3nica Integrada:<\/h4><ul><li><em>Caribeando <\/em>(Victoriano Valencia)<\/li><li><em>English Folk Song Suite <\/em>(R. Vaughan Williams)<\/li><li><em>Mi-Fa-ndango <\/em>(Ferney Lucero)<\/li><li><em>Peque\u00f1a Suite <\/em>(Adolfo Mej\u00eda) Director: Alejandro Anaya<\/li><\/ul><h4>3.\u00a0\u00a0\u00a0\u00a0\u00a0 Orquesta de Cuerdas Integrada:<\/h4><ul><li><em>Concierto para viola y cuerdas <\/em>(Henri Casadesus) \u2013 Solista: Juli\u00e1n<\/li><li><em>Concierto para piano N\u00b0 3 <\/em>(J. Bontempo) \u2013 Solista: Bernardo Santos.<\/li><li><em>Serenata para cuerdas <\/em>(P. I. Tchaikovsky) Directores: Juli\u00e1n Linares y Diego Hern\u00e1ndez<\/li><\/ul><h4>4.\u00a0\u00a0\u00a0\u00a0\u00a0 Coro Polif\u00f3nico Integrado:<\/h4><ul><li><em>Tipit\u00edn <\/em>(Mar\u00eda Grever)<\/li><li><em>Total Praise <\/em>(Richard Smallwood)<\/li><li><em>Will the Circle Be Unbroken <\/em>(Tradicional)<\/li><\/ul><p>Director: Steven Olson (EEUU)<\/p><h4>5.\u00a0\u00a0\u00a0\u00a0\u00a0 Orquesta de Guitarras Integrada:<\/h4><ul><li><em>Juego de los elementos <\/em>(Gustavo Ni\u00f1o)<\/li><li>Mix de Rafael Escalona<\/li><li>Mix de Michael Jackson<\/li><li><em>Tol\u00fa <\/em>(Lucho Berm\u00fadez) Director: Juan Camilo Tarazona<\/li><\/ul><h4>6.\u00a0\u00a0\u00a0\u00a0\u00a0 Taller de \u00d3pera Integrado:<\/h4><ul><li><em>CARMINA HUMANA \/ CANCIONES HUMANAS <\/em>(Mascarada &#8211; Pasticcio en tres partes: Cantos Amorosos, Cantos de Guerra y Cantos del Placer con obras de Purcell, H\u00e4ndel, Rameau, Donizetti y cancioneros tradicionales)<\/li><\/ul><p>\u00a0<\/p><p>Directores: Elkin Cabezas y Liliana Guerrero (EEUU)<\/p><h4>7.\u00a0\u00a0\u00a0\u00a0\u00a0 Taller de Big Band Integrada<\/h4><ul><li><em>Por confirmar (ver repositorio)<\/em><\/li><\/ul><p>Los participantes externos pueden hacer parte de esos ensambles, preparando las respectivas obras de manera independiente y presentando una audici\u00f3n el lunes 5 de octubre, antes del primer ensayo. Las partituras de todas las obras que ser\u00e1n montadas en las Cl\u00ednicas Instrumentales por ensambles integrados, est\u00e1n disponibles libremente en el repositorio digital: <a href=\"https:\/\/drive.google.com\/drive\/folders\/1bSvE_JeIBvQLfEZKfPBxiuNwndnRO_Mb?usp=sharing\">https:\/\/drive.google.com\/drive\/folders\/1bSvE_JeIBvQLfEZKfPBxiuNwndnRO_Mb?usp=sharing<\/a><\/p><h4>PROCESO DE INSCRIPCI\u00d3N Y RED DE APOYO<\/h4><p>Las inscripciones se encuentran abiertas para estudiantes de educaci\u00f3n superior musical, docentes, egresados e int\u00e9rpretes de todo el pa\u00eds. Las personas interesadas podr\u00e1n realizar su registro oficial de\u00a0 manera\u00a0 gratuita,\u00a0\u00a0\u00a0\u00a0\u00a0\u00a0\u00a0\u00a0\u00a0\u00a0\u00a0\u00a0\u00a0\u00a0\u00a0\u00a0\u00a0\u00a0\u00a0\u00a0\u00a0\u00a0\u00a0\u00a0\u00a0\u00a0\u00a0\u00a0\u00a0\u00a0\u00a0\u00a0\u00a0\u00a0\u00a0\u00a0\u00a0 diligenciando el formulario ubicado en el enlace <a href=\"https:\/\/forms.gle\/ht8UDjqQJQKFrWtb6\">https:\/\/forms.gle\/ht8UDjqQJQKFrWtb6<\/a><\/p><p>Esta XII edici\u00f3n cuenta con la alianza y patrocinio de: Ministerio de las Culturas, las Artes y los Saberes, Instituto de Patrimonio y Cultura de Cartagena (IPCC), Museo Naval del Caribe, Embajada de Portugal en Colombia, Arizona State University, Florida State University, University of Texas at Austin, Universidad del Cauca, Universidad de los Andes, Universidad del Valle, Universidad del Magdalena, UNAD, Universidad del Atl\u00e1ntico, Espacio Cultural de la Universidad de Cartagena y el Festival Internacional de Guitarra de Cartagena.<\/p><h4>Para mayor informaci\u00f3n, agenda y formularios:<\/h4><p><strong>\u00a0<\/strong>Oficina de Comunicaciones y Conservatorio Adolfo Mej\u00eda Navarro &#8211; 605 6724603 Correo electr\u00f3nico: <a href=\"mailto:clinicas.instrumentales@unibac.edu.co\">clinicas.instrumentales@unibac.edu.co<\/a><\/p><p>Instituci\u00f3n Universitaria Bellas Artes y Ciencias de Bol\u00edvar (UNIBAC) Carrera 9 N\u00b039-12, Barrio San Diego, Cartagena de Indias<\/p><p>Sitio Web: <a href=\"https:\/\/www.unibac.edu.co\/\">www.unibac.edu.co<\/a><\/p>\t\t\t\t\t\t\t\t<\/div>\n\t\t\t\t<\/div>\n\t\t\t\t\t<\/div>\n\t\t<\/div>\n\t\t\t\t<div class=\"elementor-column elementor-col-50 elementor-top-column elementor-element elementor-element-797548be\" data-id=\"797548be\" data-element_type=\"column\" data-e-type=\"column\">\n\t\t\t<div class=\"elementor-widget-wrap elementor-element-populated\">\n\t\t\t\t\t\t<div class=\"elementor-element elementor-element-4fe3ffc6 elementor-widget elementor-widget-sidebar\" data-id=\"4fe3ffc6\" data-element_type=\"widget\" data-e-type=\"widget\" data-widget_type=\"sidebar.default\">\n\t\t\t\t<div class=\"elementor-widget-container\">\n\t\t\t\t\t\n\t\t<aside id=\"recent-posts-3\" class=\"widget clearfix widget_recent_entries\">\n\t\t<h3 class=\"widget-title\"><span>\u00daltimas Noticias<\/span><\/h3>\n\t\t<ul>\n\t\t\t\t\t\t\t\t\t\t\t<li>\n\t\t\t\t\t<a href=\"https:\/\/unibac.edu.co\/webnueva\/lanzamiento-de-las-xii-clinicas-instrumentales-de-unibac\/\">Lanzamiento de las XII Cl\u00ednicas Instrumentales de Unibac<\/a>\n\t\t\t\t\t\t\t\t\t\t\t<span class=\"post-date\">3 septiembre, 2026<\/span>\n\t\t\t\t\t\t\t\t\t<\/li>\n\t\t\t\t\t\t\t\t\t\t\t<li>\n\t\t\t\t\t<a href=\"https:\/\/unibac.edu.co\/webnueva\/llegan-las-xii-clinicas-instrumentales-de-unibac\/\">Llegan las XII Cl\u00ednicas Instrumentales de Unibac<\/a>\n\t\t\t\t\t\t\t\t\t\t\t<span class=\"post-date\">26 agosto, 2026<\/span>\n\t\t\t\t\t\t\t\t\t<\/li>\n\t\t\t\t\t\t\t\t\t\t\t<li>\n\t\t\t\t\t<a href=\"https:\/\/unibac.edu.co\/webnueva\/biblioteca-marun-gossain-jattin-fortalece-el-acceso-al-conocimiento-con-el-repositorio-institucional-unibac\/\">BIBLIOTECA MAR\u00daN GOSSA\u00cdN JATTIN FORTALECE EL ACCESO AL CONOCIMIENTO CON EL REPOSITORIO INSTITUCIONAL UNIBAC<\/a>\n\t\t\t\t\t\t\t\t\t\t\t<span class=\"post-date\">24 agosto, 2026<\/span>\n\t\t\t\t\t\t\t\t\t<\/li>\n\t\t\t\t\t\t\t\t\t\t\t<li>\n\t\t\t\t\t<a href=\"https:\/\/unibac.edu.co\/webnueva\/se-abre-la-convocatoria-al-premio-galardon-huella-unibac\/\">Se abre la convocatoria al\u00a0Premio Galard\u00f3n Huella Unibac<\/a>\n\t\t\t\t\t\t\t\t\t\t\t<span class=\"post-date\">18 agosto, 2026<\/span>\n\t\t\t\t\t\t\t\t\t<\/li>\n\t\t\t\t\t\t\t\t\t\t\t<li>\n\t\t\t\t\t<a href=\"https:\/\/unibac.edu.co\/webnueva\/unibac-expone-en-su-biblioteca-el-trabajo-del-semillero-de-investigacion-experimento-d-del-programa-de-diseno-grafico-sobre-fiestas-ferias-carnavales-y-tradicion-gastronomica-del-caribe-colombiano\/\">Unibac expone en su Biblioteca el trabajo del Semillero de Investigaci\u00f3n Experimento D, del Programa de Dise\u00f1o Gr\u00e1fico, sobre fiestas, ferias, carnavales y tradici\u00f3n gastron\u00f3mica del Caribe colombiano<\/a>\n\t\t\t\t\t\t\t\t\t\t\t<span class=\"post-date\">12 agosto, 2026<\/span>\n\t\t\t\t\t\t\t\t\t<\/li>\n\t\t\t\t\t<\/ul>\n\n\t\t<\/aside>\t\t\t\t<\/div>\n\t\t\t\t<\/div>\n\t\t\t\t\t<\/div>\n\t\t<\/div>\n\t\t\t\t\t<\/div>\n\t\t<\/section>\n\t\t\t\t<\/div>\n\t\t","protected":false},"excerpt":{"rendered":"<p>Noticias Bolet\u00edn N\u00b01 Lanzamiento de las XII Cl\u00ednicas Instrumentales de Unibac CARTAGENA DE INDIAS, COLOMBIA. La Instituci\u00f3n Universitaria Bellas Artes [&hellip;]<\/p>\n","protected":false},"author":1,"featured_media":0,"comment_status":"closed","ping_status":"closed","sticky":false,"template":"","format":"standard","meta":{"footnotes":""},"categories":[79],"tags":[],"class_list":["post-29320","post","type-post","status-publish","format-standard","hentry","category-noticias-unibac"],"_links":{"self":[{"href":"https:\/\/unibac.edu.co\/webnueva\/wp-json\/wp\/v2\/posts\/29320","targetHints":{"allow":["GET"]}}],"collection":[{"href":"https:\/\/unibac.edu.co\/webnueva\/wp-json\/wp\/v2\/posts"}],"about":[{"href":"https:\/\/unibac.edu.co\/webnueva\/wp-json\/wp\/v2\/types\/post"}],"author":[{"embeddable":true,"href":"https:\/\/unibac.edu.co\/webnueva\/wp-json\/wp\/v2\/users\/1"}],"replies":[{"embeddable":true,"href":"https:\/\/unibac.edu.co\/webnueva\/wp-json\/wp\/v2\/comments?post=29320"}],"version-history":[{"count":4,"href":"https:\/\/unibac.edu.co\/webnueva\/wp-json\/wp\/v2\/posts\/29320\/revisions"}],"predecessor-version":[{"id":29326,"href":"https:\/\/unibac.edu.co\/webnueva\/wp-json\/wp\/v2\/posts\/29320\/revisions\/29326"}],"wp:attachment":[{"href":"https:\/\/unibac.edu.co\/webnueva\/wp-json\/wp\/v2\/media?parent=29320"}],"wp:term":[{"taxonomy":"category","embeddable":true,"href":"https:\/\/unibac.edu.co\/webnueva\/wp-json\/wp\/v2\/categories?post=29320"},{"taxonomy":"post_tag","embeddable":true,"href":"https:\/\/unibac.edu.co\/webnueva\/wp-json\/wp\/v2\/tags?post=29320"}],"curies":[{"name":"wp","href":"https:\/\/api.w.org\/{rel}","templated":true}]}}