{"id":27160,"date":"2025-04-29T17:43:30","date_gmt":"2025-04-29T22:43:30","guid":{"rendered":"https:\/\/unibac.edu.co\/webnueva\/?p=27160"},"modified":"2025-04-29T17:46:01","modified_gmt":"2025-04-29T22:46:01","slug":"orquesta-sinfonica-de-bolivar-unibac-presenta-pedrito-y-el-tigre","status":"publish","type":"post","link":"https:\/\/unibac.edu.co\/webnueva\/orquesta-sinfonica-de-bolivar-unibac-presenta-pedrito-y-el-tigre\/","title":{"rendered":"Orquesta Sinf\u00f3nica de Bol\u00edvar Unibac presenta \u201cPedrito y el tigre\u201d"},"content":{"rendered":"\t\t<div data-elementor-type=\"wp-post\" data-elementor-id=\"27160\" class=\"elementor elementor-27160\" data-elementor-settings=\"{&quot;ha_cmc_init_switcher&quot;:&quot;no&quot;}\">\n\t\t\t\t\t\t<section class=\"elementor-section elementor-top-section elementor-element elementor-element-6599150e elementor-section-boxed elementor-section-height-default elementor-section-height-default\" data-id=\"6599150e\" data-element_type=\"section\" data-e-type=\"section\" data-settings=\"{&quot;_ha_eqh_enable&quot;:false}\">\n\t\t\t\t\t\t<div class=\"elementor-container elementor-column-gap-default\">\n\t\t\t\t\t<div class=\"elementor-column elementor-col-50 elementor-top-column elementor-element elementor-element-4ca2b4ef\" data-id=\"4ca2b4ef\" data-element_type=\"column\" data-e-type=\"column\">\n\t\t\t<div class=\"elementor-widget-wrap elementor-element-populated\">\n\t\t\t\t\t\t<div class=\"elementor-element elementor-element-4f136f7e elementor-widget elementor-widget-image\" data-id=\"4f136f7e\" data-element_type=\"widget\" data-e-type=\"widget\" data-widget_type=\"image.default\">\n\t\t\t\t<div class=\"elementor-widget-container\">\n\t\t\t\t\t\t\t\t\t\t\t\t\t\t\t<img fetchpriority=\"high\" decoding=\"async\" width=\"900\" height=\"600\" src=\"https:\/\/unibac.edu.co\/webnueva\/wp-content\/uploads\/2025\/04\/Pedrito-1024x683.jpg\" class=\"attachment-large size-large wp-image-27163\" alt=\"\" \/>\t\t\t\t\t\t\t\t\t\t\t\t\t\t\t<\/div>\n\t\t\t\t<\/div>\n\t\t\t\t<div class=\"elementor-element elementor-element-27bbd22a elementor-widget elementor-widget-gva-heading-block\" data-id=\"27bbd22a\" data-element_type=\"widget\" data-e-type=\"widget\" data-widget_type=\"gva-heading-block.default\">\n\t\t\t\t<div class=\"elementor-widget-container\">\n\t\t\t\t\t<div class=\"gva-element-gva-heading-block gva-element\">   <div class=\"align-left style-1 widget gsc-heading\">\r\n      <div class=\"content-inner\">\r\n         \r\n                  \r\n                  \r\n                     <h2 class=\"title\">\r\n               <span>Noticias<\/span>\r\n            <\/h2>\r\n         \r\n                     <div class=\"sub-title\"><span>Orquesta Sinf\u00f3nica de Bol\u00edvar Unibac presenta \u201cPedrito y el tigre\u201d<\/span><\/div>\r\n          \r\n\r\n         \r\n         \r\n      <\/div>\r\n   <\/div>\r\n   <div class=\"clearfix\"><\/div>\r\n<\/div>\t\t\t\t<\/div>\n\t\t\t\t<\/div>\n\t\t\t\t<div class=\"elementor-element elementor-element-54f0d185 elementor-widget elementor-widget-text-editor\" data-id=\"54f0d185\" data-element_type=\"widget\" data-e-type=\"widget\" data-widget_type=\"text-editor.default\">\n\t\t\t\t<div class=\"elementor-widget-container\">\n\t\t\t\t\t\t\t\t\t<p><strong>Cartagena de Indias D. T. y C., 29 de abril de 2025.<\/strong><\/p><p>La Secretar\u00eda de Educaci\u00f3n Distrital, en colaboraci\u00f3n con la Instituci\u00f3n Universitaria Bellas Artes y Ciencias de Bol\u00edvar UNIBAC y el Instituto de Patrimonio y Cultura de Cartagena (IPCC), presenta el espect\u00e1culo \u2018Pedrito y el Tigre\u2019, a cargo de la Orquesta Sinf\u00f3nica de Bol\u00edvar, una encantadora adaptaci\u00f3n caribe\u00f1a del cl\u00e1sico universal \u2018Pedro y el Lobo\u2019 de Sergu\u00e9i Prok\u00f3fiev.<\/p><p>Esta iniciativa se desarrolla como parte de la agenda del D\u00eda del Ni\u00f1o y tendr\u00e1 lugar en la Instituci\u00f3n Educativa San Lucas, en el barrio El Milagro, con dos funciones programadas: a las 11:00 a.m. y 2:00 p.m, en las cuales se espera la participaci\u00f3n de alrededor de 500 ni\u00f1os.<\/p><p>\u201cIniciativas de este tipo son fundamentales para construir una Cartagena donde la cultura y la educaci\u00f3n se unan para transformar. Estimulamos la creatividad de nuestros ni\u00f1os y les abrimos puertas a un futuro lleno de oportunidades\u201d, destac\u00f3 Dumek Turbay Paz, alcalde mayor de Cartagena.<\/p><p>\u2018Pedrito y el Tigre\u2019 es un cuento sinf\u00f3nico que combina m\u00fasica en vivo, danza y narraci\u00f3n, ofreciendo una experiencia art\u00edstica integral que estimula la imaginaci\u00f3n y el amor por las artes desde temprana edad. Cada personaje ser\u00e1 interpretado por distintos instrumentos como violines, cornos franceses, oboes y clarinetes, creando un deslumbrante universo sonoro.<\/p><p>La Secretar\u00eda de Educaci\u00f3n Distrital resalta que este proyecto refuerza su compromiso con la formaci\u00f3n integral de la ni\u00f1ez cartagenera, utilizando el arte como herramienta pedag\u00f3gica para el desarrollo creativo y cultural.<\/p><p>\u201cSe trata de un aporte que desde la cultura hacen nuestras comunidades, en el prop\u00f3sito de mostrar que la formaci\u00f3n integral no solo es detonante de la calidad educativa, sino el camino para generar oportunidades e interpelar vulnerabilidades\u201d, afirm\u00f3 Alberto Mart\u00ednez, secretario de Educaci\u00f3n Distrital.<\/p><p>\u201cNo es solo un cuento musical, sino una oportunidad para que los ni\u00f1os descubran la magia de la m\u00fasica sinf\u00f3nica y su poder para contar historias\u201d, expres\u00f3 Karolyn Saldarriaga, vocera del IPCC.<\/p><p>La producci\u00f3n art\u00edstica cuenta con la direcci\u00f3n musical de Germ\u00e1n C\u00e9spedes, adaptaci\u00f3n de texto y narraci\u00f3n de Lucas Betancourt, direcci\u00f3n esc\u00e9nica de Dixon P\u00e9rez y direcci\u00f3n de arte y coreograf\u00eda a cargo de Diana Banquez.<\/p><p>Desde la Instituci\u00f3n Universitaria Bellas Artes se\u00f1alaron:<\/p><p>\u201cLa Orquesta Sinf\u00f3nica de Bol\u00edvar Unibac lleva dos d\u00e9cadas liderando el movimiento sinf\u00f3nico en el Caribe, y una de sus grandes apuestas es vincular al p\u00fablico infantil, como sucede ahora con \u2018Pedrito y el Tigre\u2019\u201d.<\/p><p>La Alcald\u00eda Mayor de Cartagena invita a seguir apoyando estas iniciativas que celebran la infancia y fortalecen el tejido cultural de la ciudad.<\/p>\t\t\t\t\t\t\t\t<\/div>\n\t\t\t\t<\/div>\n\t\t\t\t\t<\/div>\n\t\t<\/div>\n\t\t\t\t<div class=\"elementor-column elementor-col-50 elementor-top-column elementor-element elementor-element-7009538a\" data-id=\"7009538a\" data-element_type=\"column\" data-e-type=\"column\">\n\t\t\t<div class=\"elementor-widget-wrap elementor-element-populated\">\n\t\t\t\t\t\t<div class=\"elementor-element elementor-element-2728590c elementor-widget elementor-widget-sidebar\" data-id=\"2728590c\" data-element_type=\"widget\" data-e-type=\"widget\" data-widget_type=\"sidebar.default\">\n\t\t\t\t<div class=\"elementor-widget-container\">\n\t\t\t\t\t\n\t\t<aside id=\"recent-posts-3\" class=\"widget clearfix widget_recent_entries\">\n\t\t<h3 class=\"widget-title\"><span>\u00daltimas Noticias<\/span><\/h3>\n\t\t<ul>\n\t\t\t\t\t\t\t\t\t\t\t<li>\n\t\t\t\t\t<a href=\"https:\/\/unibac.edu.co\/webnueva\/tesis-de-grado-doctoral-sobre-german-cespedes-director-del-conservatorio-de-musica-de-unibac-obtiene-distincion-laureada\/\">Tesis de grado doctoral sobre Germ\u00e1n C\u00e9spedes, director del Conservatorio de M\u00fasica de Unibac, obtiene distinci\u00f3n laureada<\/a>\n\t\t\t\t\t\t\t\t\t\t\t<span class=\"post-date\">24 abril, 2026<\/span>\n\t\t\t\t\t\t\t\t\t<\/li>\n\t\t\t\t\t\t\t\t\t\t\t<li>\n\t\t\t\t\t<a href=\"https:\/\/unibac.edu.co\/webnueva\/ustedes-representan-el-capital-intelectual-renovador-de-nuestra-region-sacra-nader-en-ceremonia-de-graduacion-de-98-nuevos-profesionales-de-unibac\/\">\u201cUstedes representan el capital intelectual renovador de nuestra regi\u00f3n\u201d: Sacra N\u00e1der en ceremonia de graduaci\u00f3n de 98 nuevos profesionales de Unibac<\/a>\n\t\t\t\t\t\t\t\t\t\t\t<span class=\"post-date\">22 abril, 2026<\/span>\n\t\t\t\t\t\t\t\t\t<\/li>\n\t\t\t\t\t\t\t\t\t\t\t<li>\n\t\t\t\t\t<a href=\"https:\/\/unibac.edu.co\/webnueva\/presentacion-de-novedades-editoriales-unibac\/\">Presentaci\u00f3n de Novedades Editoriales \u2013 Unibac<\/a>\n\t\t\t\t\t\t\t\t\t\t\t<span class=\"post-date\">30 marzo, 2026<\/span>\n\t\t\t\t\t\t\t\t\t<\/li>\n\t\t\t\t\t\t\t\t\t\t\t<li>\n\t\t\t\t\t<a href=\"https:\/\/unibac.edu.co\/webnueva\/estudiantes-de-diseno-industrial-unibac-finalistas-en-green-product-award-alemania-con-productos-hechos-con-flores-yuca-y-alpiste\/\">Estudiantes de Dise\u00f1o Industrial Unibac, finalistas en Green Product Award (Alemania) con productos hechos con flores, yuca y alpiste<\/a>\n\t\t\t\t\t\t\t\t\t\t\t<span class=\"post-date\">19 marzo, 2026<\/span>\n\t\t\t\t\t\t\t\t\t<\/li>\n\t\t\t\t\t\t\t\t\t\t\t<li>\n\t\t\t\t\t<a href=\"https:\/\/unibac.edu.co\/webnueva\/la-toma-2026-manantial-creativo-en-trabajos-de-grado-de-estudiantes-unibac\/\">\u201cLa Toma 2026\u201d, manantial creativo en trabajos de grado de estudiantes Unibac<\/a>\n\t\t\t\t\t\t\t\t\t\t\t<span class=\"post-date\">10 marzo, 2026<\/span>\n\t\t\t\t\t\t\t\t\t<\/li>\n\t\t\t\t\t<\/ul>\n\n\t\t<\/aside>\t\t\t\t<\/div>\n\t\t\t\t<\/div>\n\t\t\t\t\t<\/div>\n\t\t<\/div>\n\t\t\t\t\t<\/div>\n\t\t<\/section>\n\t\t\t\t<\/div>\n\t\t","protected":false},"excerpt":{"rendered":"<p>Noticias Orquesta Sinf\u00f3nica de Bol\u00edvar Unibac presenta \u201cPedrito y el tigre\u201d Cartagena de Indias D. T. y C., 29 de [&hellip;]<\/p>\n","protected":false},"author":1,"featured_media":0,"comment_status":"closed","ping_status":"closed","sticky":false,"template":"","format":"standard","meta":{"footnotes":""},"categories":[79],"tags":[],"class_list":["post-27160","post","type-post","status-publish","format-standard","hentry","category-noticias-unibac"],"_links":{"self":[{"href":"https:\/\/unibac.edu.co\/webnueva\/wp-json\/wp\/v2\/posts\/27160","targetHints":{"allow":["GET"]}}],"collection":[{"href":"https:\/\/unibac.edu.co\/webnueva\/wp-json\/wp\/v2\/posts"}],"about":[{"href":"https:\/\/unibac.edu.co\/webnueva\/wp-json\/wp\/v2\/types\/post"}],"author":[{"embeddable":true,"href":"https:\/\/unibac.edu.co\/webnueva\/wp-json\/wp\/v2\/users\/1"}],"replies":[{"embeddable":true,"href":"https:\/\/unibac.edu.co\/webnueva\/wp-json\/wp\/v2\/comments?post=27160"}],"version-history":[{"count":4,"href":"https:\/\/unibac.edu.co\/webnueva\/wp-json\/wp\/v2\/posts\/27160\/revisions"}],"predecessor-version":[{"id":27166,"href":"https:\/\/unibac.edu.co\/webnueva\/wp-json\/wp\/v2\/posts\/27160\/revisions\/27166"}],"wp:attachment":[{"href":"https:\/\/unibac.edu.co\/webnueva\/wp-json\/wp\/v2\/media?parent=27160"}],"wp:term":[{"taxonomy":"category","embeddable":true,"href":"https:\/\/unibac.edu.co\/webnueva\/wp-json\/wp\/v2\/categories?post=27160"},{"taxonomy":"post_tag","embeddable":true,"href":"https:\/\/unibac.edu.co\/webnueva\/wp-json\/wp\/v2\/tags?post=27160"}],"curies":[{"name":"wp","href":"https:\/\/api.w.org\/{rel}","templated":true}]}}