{"id":27075,"date":"2025-03-20T20:17:43","date_gmt":"2025-03-21T01:17:43","guid":{"rendered":"https:\/\/unibac.edu.co\/webnueva\/?p=27075"},"modified":"2025-04-01T20:22:14","modified_gmt":"2025-04-02T01:22:14","slug":"unibac-presenta-ante-cinco-universidades-la-obra-completa-para-piano-de-adolfo-mejia","status":"publish","type":"post","link":"https:\/\/unibac.edu.co\/webnueva\/unibac-presenta-ante-cinco-universidades-la-obra-completa-para-piano-de-adolfo-mejia\/","title":{"rendered":"Unibac presenta ante cinco universidades la obra completa para piano de Adolfo Mej\u00eda"},"content":{"rendered":"\t\t<div data-elementor-type=\"wp-post\" data-elementor-id=\"27075\" class=\"elementor elementor-27075\" data-elementor-settings=\"{&quot;ha_cmc_init_switcher&quot;:&quot;no&quot;}\">\n\t\t\t\t\t\t<section class=\"elementor-section elementor-top-section elementor-element elementor-element-7df5d7f9 elementor-section-boxed elementor-section-height-default elementor-section-height-default\" data-id=\"7df5d7f9\" data-element_type=\"section\" data-e-type=\"section\" data-settings=\"{&quot;_ha_eqh_enable&quot;:false}\">\n\t\t\t\t\t\t<div class=\"elementor-container elementor-column-gap-default\">\n\t\t\t\t\t<div class=\"elementor-column elementor-col-50 elementor-top-column elementor-element elementor-element-64242789\" data-id=\"64242789\" data-element_type=\"column\" data-e-type=\"column\">\n\t\t\t<div class=\"elementor-widget-wrap elementor-element-populated\">\n\t\t\t\t\t\t<div class=\"elementor-element elementor-element-21006859 elementor-widget elementor-widget-image\" data-id=\"21006859\" data-element_type=\"widget\" data-e-type=\"widget\" data-widget_type=\"image.default\">\n\t\t\t\t<div class=\"elementor-widget-container\">\n\t\t\t\t\t\t\t\t\t\t\t\t\t\t\t<img fetchpriority=\"high\" decoding=\"async\" width=\"900\" height=\"600\" src=\"https:\/\/unibac.edu.co\/webnueva\/wp-content\/uploads\/2025\/03\/Piano-Adolfo-Mejia-Alberto-Salazar-1024x683.jpg\" class=\"attachment-large size-large wp-image-27078\" alt=\"\" \/>\t\t\t\t\t\t\t\t\t\t\t\t\t\t\t<\/div>\n\t\t\t\t<\/div>\n\t\t\t\t<div class=\"elementor-element elementor-element-444f9e05 elementor-widget elementor-widget-gva-heading-block\" data-id=\"444f9e05\" data-element_type=\"widget\" data-e-type=\"widget\" data-widget_type=\"gva-heading-block.default\">\n\t\t\t\t<div class=\"elementor-widget-container\">\n\t\t\t\t\t<div class=\"gva-element-gva-heading-block gva-element\">   <div class=\"align-left style-1 widget gsc-heading\">\r\n      <div class=\"content-inner\">\r\n         \r\n                  \r\n                  \r\n                     <h2 class=\"title\">\r\n               <span>Noticias<\/span>\r\n            <\/h2>\r\n         \r\n                     <div class=\"sub-title\"><span>Unibac presenta ante cinco universidades la obra completa para piano de Adolfo Mej\u00eda<\/span><\/div>\r\n          \r\n\r\n         \r\n         \r\n      <\/div>\r\n   <\/div>\r\n   <div class=\"clearfix\"><\/div>\r\n<\/div>\t\t\t\t<\/div>\n\t\t\t\t<\/div>\n\t\t\t\t<div class=\"elementor-element elementor-element-60bcc11e elementor-widget elementor-widget-text-editor\" data-id=\"60bcc11e\" data-element_type=\"widget\" data-e-type=\"widget\" data-widget_type=\"text-editor.default\">\n\t\t\t\t<div class=\"elementor-widget-container\">\n\t\t\t\t\t\t\t\t\t<p><strong>Cartagena de Indias, 20 de marzo de 2025.<\/strong><\/p><p>El cuarto volumen de obra completa de Adolfo Mej\u00eda, dedicada a sus obras para piano y editado por Unibac, se presentar\u00e1 ante cinco programas de m\u00fasica de universidades de Bogot\u00e1.<\/p><p>Publicado por el Fondo Editorial de Unibac con el auspicio del Patronato Colombiano de Artes y Ciencias, el docente investigador del Conservatorio de Unibac, Hern\u00e1n Alberto Salazar, estar\u00e1 presentando la obra en Universidad de los Andes, Fundaci\u00f3n Juan N. Corpas, Universidad Sergio Arboleda, Universidad Pedag\u00f3gica Nacional y Pontificia Universidad Javeriana, el martes 25 y mi\u00e9rcoles 26 de marzo 2025.<\/p><p>Jefes de c\u00e1tedra de piano como Mauricio Arias, Pilar Leyva y Sergei Sichkov ser\u00e1n anfitriones de las conferencias del profesor Salazar, coordinador del \u00e1rea socio-human\u00edstica del Conservatorio Adolfo Mej\u00eda de Unibac.<\/p><p>El trabajo musicol\u00f3gico que llev\u00f3 a esta publicaci\u00f3n, fue realizado por el Centro de Investigaci\u00f3n Musical del Conservatorio de Unibac -Cimcam-, dirigido por el maestro Germ\u00e1n C\u00e9spedes, y se convierte en un nuevo e importante referente bibliogr\u00e1fico para la literatura musical colombiana.<\/p><p>Natalicio 120\u00ba de Adolfo Mej\u00eda<br \/>En la celebraci\u00f3n del natalicio 120\u00ba del gran maestro Adolfo Mej\u00eda Navarro, Unibac present\u00f3 el cuarto volumen de su Antolog\u00eda, correspondiente a las \u201cObras completas para piano\u201d.<\/p><p>Se trata de uno de los m\u00e1s complejos proyectos de investigaci\u00f3n musical en Colombia de los \u00faltimos a\u00f1os, en una antolog\u00eda que se compone de M\u00fasica Sinf\u00f3nica (I), M\u00fasica Vocal y Coral (II) y M\u00fasica de C\u00e1mara (III).<\/p><p>Para la rectora de Unibac, Sacra N\u00e1der David, se trata de una de los mejores trabajos de investigaci\u00f3n acad\u00e9mica en Colombia, dado el rigor y consagraci\u00f3n para la recolecci\u00f3n de informaci\u00f3n, y el trabajo en equipo de destacados docentes y alumnos de Unibac.<\/p><p>Adolfo Mej\u00eda Navarro naci\u00f3 en Sinc\u00e9 (Sucre) el 5 de febrero de 1905, y despleg\u00f3 su actividad profesional y pedag\u00f3gica en las aulas de Unibac, y hoy el conservatorio de la Instituci\u00f3n Universitaria Bellas Artes y Ciencias de Bol\u00edvar (Unibac) y el teatro principal de Cartagena, antes llamado Pedro de Heredia, llevan el nombre del compositor, fallecido en nuestra ciudad en 1973.<\/p><p>La imagen de la portada del Volumen IV corresponde a un manuscrito aut\u00f3grafo del preludio n\u00b01 de Adolfo Mej\u00eda, y el dise\u00f1o es de la docente de Unibac, Yeni Pinz\u00f3n.<\/p>\t\t\t\t\t\t\t\t<\/div>\n\t\t\t\t<\/div>\n\t\t\t\t\t<\/div>\n\t\t<\/div>\n\t\t\t\t<div class=\"elementor-column elementor-col-50 elementor-top-column elementor-element elementor-element-73c63b05\" data-id=\"73c63b05\" data-element_type=\"column\" data-e-type=\"column\">\n\t\t\t<div class=\"elementor-widget-wrap elementor-element-populated\">\n\t\t\t\t\t\t<div class=\"elementor-element elementor-element-600a8951 elementor-widget elementor-widget-sidebar\" data-id=\"600a8951\" data-element_type=\"widget\" data-e-type=\"widget\" data-widget_type=\"sidebar.default\">\n\t\t\t\t<div class=\"elementor-widget-container\">\n\t\t\t\t\t\n\t\t<aside id=\"recent-posts-3\" class=\"widget clearfix widget_recent_entries\">\n\t\t<h3 class=\"widget-title\"><span>\u00daltimas Noticias<\/span><\/h3>\n\t\t<ul>\n\t\t\t\t\t\t\t\t\t\t\t<li>\n\t\t\t\t\t<a href=\"https:\/\/unibac.edu.co\/webnueva\/tesis-de-grado-doctoral-sobre-german-cespedes-director-del-conservatorio-de-musica-de-unibac-obtiene-distincion-laureada\/\">Tesis de grado doctoral sobre Germ\u00e1n C\u00e9spedes, director del Conservatorio de M\u00fasica de Unibac, obtiene distinci\u00f3n laureada<\/a>\n\t\t\t\t\t\t\t\t\t\t\t<span class=\"post-date\">24 abril, 2026<\/span>\n\t\t\t\t\t\t\t\t\t<\/li>\n\t\t\t\t\t\t\t\t\t\t\t<li>\n\t\t\t\t\t<a href=\"https:\/\/unibac.edu.co\/webnueva\/ustedes-representan-el-capital-intelectual-renovador-de-nuestra-region-sacra-nader-en-ceremonia-de-graduacion-de-98-nuevos-profesionales-de-unibac\/\">\u201cUstedes representan el capital intelectual renovador de nuestra regi\u00f3n\u201d: Sacra N\u00e1der en ceremonia de graduaci\u00f3n de 98 nuevos profesionales de Unibac<\/a>\n\t\t\t\t\t\t\t\t\t\t\t<span class=\"post-date\">22 abril, 2026<\/span>\n\t\t\t\t\t\t\t\t\t<\/li>\n\t\t\t\t\t\t\t\t\t\t\t<li>\n\t\t\t\t\t<a href=\"https:\/\/unibac.edu.co\/webnueva\/presentacion-de-novedades-editoriales-unibac\/\">Presentaci\u00f3n de Novedades Editoriales \u2013 Unibac<\/a>\n\t\t\t\t\t\t\t\t\t\t\t<span class=\"post-date\">30 marzo, 2026<\/span>\n\t\t\t\t\t\t\t\t\t<\/li>\n\t\t\t\t\t\t\t\t\t\t\t<li>\n\t\t\t\t\t<a href=\"https:\/\/unibac.edu.co\/webnueva\/estudiantes-de-diseno-industrial-unibac-finalistas-en-green-product-award-alemania-con-productos-hechos-con-flores-yuca-y-alpiste\/\">Estudiantes de Dise\u00f1o Industrial Unibac, finalistas en Green Product Award (Alemania) con productos hechos con flores, yuca y alpiste<\/a>\n\t\t\t\t\t\t\t\t\t\t\t<span class=\"post-date\">19 marzo, 2026<\/span>\n\t\t\t\t\t\t\t\t\t<\/li>\n\t\t\t\t\t\t\t\t\t\t\t<li>\n\t\t\t\t\t<a href=\"https:\/\/unibac.edu.co\/webnueva\/la-toma-2026-manantial-creativo-en-trabajos-de-grado-de-estudiantes-unibac\/\">\u201cLa Toma 2026\u201d, manantial creativo en trabajos de grado de estudiantes Unibac<\/a>\n\t\t\t\t\t\t\t\t\t\t\t<span class=\"post-date\">10 marzo, 2026<\/span>\n\t\t\t\t\t\t\t\t\t<\/li>\n\t\t\t\t\t<\/ul>\n\n\t\t<\/aside>\t\t\t\t<\/div>\n\t\t\t\t<\/div>\n\t\t\t\t\t<\/div>\n\t\t<\/div>\n\t\t\t\t\t<\/div>\n\t\t<\/section>\n\t\t\t\t<\/div>\n\t\t","protected":false},"excerpt":{"rendered":"<p>Noticias Unibac presenta ante cinco universidades la obra completa para piano de Adolfo Mej\u00eda Cartagena de Indias, 20 de marzo [&hellip;]<\/p>\n","protected":false},"author":1,"featured_media":0,"comment_status":"closed","ping_status":"closed","sticky":false,"template":"","format":"standard","meta":{"footnotes":""},"categories":[79],"tags":[],"class_list":["post-27075","post","type-post","status-publish","format-standard","hentry","category-noticias-unibac"],"_links":{"self":[{"href":"https:\/\/unibac.edu.co\/webnueva\/wp-json\/wp\/v2\/posts\/27075","targetHints":{"allow":["GET"]}}],"collection":[{"href":"https:\/\/unibac.edu.co\/webnueva\/wp-json\/wp\/v2\/posts"}],"about":[{"href":"https:\/\/unibac.edu.co\/webnueva\/wp-json\/wp\/v2\/types\/post"}],"author":[{"embeddable":true,"href":"https:\/\/unibac.edu.co\/webnueva\/wp-json\/wp\/v2\/users\/1"}],"replies":[{"embeddable":true,"href":"https:\/\/unibac.edu.co\/webnueva\/wp-json\/wp\/v2\/comments?post=27075"}],"version-history":[{"count":4,"href":"https:\/\/unibac.edu.co\/webnueva\/wp-json\/wp\/v2\/posts\/27075\/revisions"}],"predecessor-version":[{"id":27081,"href":"https:\/\/unibac.edu.co\/webnueva\/wp-json\/wp\/v2\/posts\/27075\/revisions\/27081"}],"wp:attachment":[{"href":"https:\/\/unibac.edu.co\/webnueva\/wp-json\/wp\/v2\/media?parent=27075"}],"wp:term":[{"taxonomy":"category","embeddable":true,"href":"https:\/\/unibac.edu.co\/webnueva\/wp-json\/wp\/v2\/categories?post=27075"},{"taxonomy":"post_tag","embeddable":true,"href":"https:\/\/unibac.edu.co\/webnueva\/wp-json\/wp\/v2\/tags?post=27075"}],"curies":[{"name":"wp","href":"https:\/\/api.w.org\/{rel}","templated":true}]}}