{"id":26063,"date":"2025-01-15T15:47:00","date_gmt":"2025-01-15T20:47:00","guid":{"rendered":"https:\/\/unibac.edu.co\/webnueva\/?p=26063"},"modified":"2025-02-04T16:23:59","modified_gmt":"2025-02-04T21:23:59","slug":"unibac-abre-convocatoria-para-docentes-de-tiempo-completo-medio-tiempo-y-horas-catedra-2","status":"publish","type":"post","link":"https:\/\/unibac.edu.co\/webnueva\/unibac-abre-convocatoria-para-docentes-de-tiempo-completo-medio-tiempo-y-horas-catedra-2\/","title":{"rendered":"Unibac abre convocatoria para docentes de tiempo completo, medio tiempo y horas c\u00e1tedra"},"content":{"rendered":"\t\t<div data-elementor-type=\"wp-post\" data-elementor-id=\"26063\" class=\"elementor elementor-26063\" data-elementor-settings=\"{&quot;ha_cmc_init_switcher&quot;:&quot;no&quot;}\">\n\t\t\t\t\t\t<section class=\"elementor-section elementor-top-section elementor-element elementor-element-6eac5efd elementor-section-boxed elementor-section-height-default elementor-section-height-default\" data-id=\"6eac5efd\" data-element_type=\"section\" data-e-type=\"section\" data-settings=\"{&quot;_ha_eqh_enable&quot;:false}\">\n\t\t\t\t\t\t<div class=\"elementor-container elementor-column-gap-default\">\n\t\t\t\t\t<div class=\"elementor-column elementor-col-50 elementor-top-column elementor-element elementor-element-ae6fb00\" data-id=\"ae6fb00\" data-element_type=\"column\" data-e-type=\"column\">\n\t\t\t<div class=\"elementor-widget-wrap elementor-element-populated\">\n\t\t\t\t\t\t<div class=\"elementor-element elementor-element-6524bdd3 elementor-widget elementor-widget-image\" data-id=\"6524bdd3\" data-element_type=\"widget\" data-e-type=\"widget\" data-widget_type=\"image.default\">\n\t\t\t\t<div class=\"elementor-widget-container\">\n\t\t\t\t\t\t\t\t\t\t\t\t\t\t\t<img fetchpriority=\"high\" decoding=\"async\" width=\"900\" height=\"675\" src=\"https:\/\/unibac.edu.co\/webnueva\/wp-content\/uploads\/2024\/10\/Unibac-Fachada-1024x768.jpg\" class=\"attachment-large size-large wp-image-25809\" alt=\"\" \/>\t\t\t\t\t\t\t\t\t\t\t\t\t\t\t<\/div>\n\t\t\t\t<\/div>\n\t\t\t\t<div class=\"elementor-element elementor-element-599769ff elementor-widget elementor-widget-gva-heading-block\" data-id=\"599769ff\" data-element_type=\"widget\" data-e-type=\"widget\" data-widget_type=\"gva-heading-block.default\">\n\t\t\t\t<div class=\"elementor-widget-container\">\n\t\t\t\t\t<div class=\"gva-element-gva-heading-block gva-element\">   <div class=\"align-left style-1 widget gsc-heading\">\r\n      <div class=\"content-inner\">\r\n         \r\n                  \r\n                  \r\n                     <h2 class=\"title\">\r\n               <span>Noticias<\/span>\r\n            <\/h2>\r\n         \r\n                     <div class=\"sub-title\"><span>Unibac abre convocatoria para docentes de tiempo completo, medio tiempo y horas c\u00e1tedra 2025<\/span><\/div>\r\n          \r\n\r\n         \r\n         \r\n      <\/div>\r\n   <\/div>\r\n   <div class=\"clearfix\"><\/div>\r\n<\/div>\t\t\t\t<\/div>\n\t\t\t\t<\/div>\n\t\t\t\t<div class=\"elementor-element elementor-element-913152c elementor-widget elementor-widget-text-editor\" data-id=\"913152c\" data-element_type=\"widget\" data-e-type=\"widget\" data-widget_type=\"text-editor.default\">\n\t\t\t\t<div class=\"elementor-widget-container\">\n\t\t\t\t\t\t\t\t\t<p>Cartagena<strong> de Indias, 19 de diciembre de 2024.<\/strong><\/p><p>La Instituci\u00f3n Universitaria Bellas Artes y Ciencias de Bol\u00edvar abri\u00f3 una convocatoria de concurso de m\u00e9ritos para la vinculaci\u00f3n de docentes para 2025, tanto de tiempo completo como medio tiempo y horas c\u00e1tedra, para sus seis programas acad\u00e9micos y el centro de investigaciones.<\/p><p>Mediante las resoluciones 724, 725 y 726 de 2024, la Rectora Sacra N\u00e1der David abri\u00f3 esta convocatoria para proveer el cuerpo docente de los programas de Artes Esc\u00e9nicas, Artes Pl\u00e1sticas, Comunicaci\u00f3n Audiovisual, Dise\u00f1o Gr\u00e1fico, Dise\u00f1o Industrial y M\u00fasica, as\u00ed como para el centro de investigaciones.<\/p><p>El proceso qued\u00f3 abierto este jueves 19 de diciembre y se recibir\u00e1n hojas de vida hasta el 23 de diciembre pr\u00f3ximo, tiempo en el cual los interesados deber\u00e1n radicar su hoja de vida con el cumplimiento de los requisitos, para luego desarrollar el proceso en sus diferentes etapas hasta la publicaci\u00f3n de la lista definitiva de admitidos.<\/p><p>El correo de radicaci\u00f3n es <strong><a href=\"mailto:convocatoriadocente@unibac.edu.co\">convocatoriadocente@unibac.edu.co<\/a><\/strong><\/p><h4>ARCHIVOS ANEXOS<\/h4><ul><li><a href=\"https:\/\/unibac.edu.co\/webnueva\/wp-content\/uploads\/2024\/12\/RESOLUCION-724-2024.pdf\" target=\"_blank\" rel=\"noopener\">RESOLUCI\u00d3N 724-2024<\/a><\/li><li><a href=\"https:\/\/unibac.edu.co\/webnueva\/wp-content\/uploads\/2024\/12\/RESOLUCION-725-2024.pdf\" target=\"_blank\" rel=\"noopener\">RESOLUCI\u00d3N 725-2024<\/a><\/li><li><a href=\"https:\/\/unibac.edu.co\/webnueva\/wp-content\/uploads\/2024\/12\/RESOLUCION-726-2024.pdf\" target=\"_blank\" rel=\"noopener\">RESOLUCI\u00d3N 726-2024<\/a><\/li><li><a href=\"https:\/\/unibac.edu.co\/webnueva\/wp-content\/uploads\/2024\/12\/RESOLUCION-732-2024.pdf\" target=\"_blank\" rel=\"noopener\">RESOLUCI\u00d3N 732-2024<\/a><\/li><li><a href=\"https:\/\/unibac.edu.co\/webnueva\/wp-content\/uploads\/2025\/02\/RESOLUCION-004-2025.pdf\" target=\"_blank\" rel=\"noopener\">RESOLUCI\u00d3N 004-2025<\/a><\/li><\/ul><table><tbody><tr><td><h5>FECHA<\/h5><\/td><td><h5>DESCRIPCI\u00d3N<\/h5><\/td><td><h5>ANEXO<\/h5><\/td><\/tr><tr><td>\u00a023\/12\/2024<\/td><td>\u00a0CORRECCI\u00d3N RESOLUCI\u00d3N CONVOCATORIA DOCENTE (732-2024)<\/td><td>\u00a0<a href=\"https:\/\/unibac.edu.co\/webnueva\/wp-content\/uploads\/2024\/12\/RESOLUCION-732-2024.pdf\" target=\"_blank\" rel=\"noopener\"><strong>DESCARGAR<\/strong><\/a><\/td><\/tr><tr><td>\u00a026\/12\/2024<\/td><td>\u00a0PUBLICACI\u00d3N LISTA DE PARTICIPANTES QUE ASPIRAN A LA CONVOCATORIA<\/td><td>\u00a0<a href=\"https:\/\/unibac.edu.co\/webnueva\/wp-content\/uploads\/2024\/12\/CONVOCATORIA-DOCENTE-LISTA-DE-ASPIRANTES-INSCRITOS-26.12.2024.pdf\" target=\"_blank\" rel=\"noopener\"><strong>DESCARGAR<\/strong><\/a><\/td><\/tr><tr><td>\u00a007\/01\/2025<\/td><td>\u00a0PUBLICACI\u00d3N DE LISTA DE HABILITADOS &#8211; NO HABILITADOS | PROGRAMA DE M\u00daSICA<\/td><td>\u00a0<a href=\"https:\/\/unibac.edu.co\/webnueva\/wp-content\/uploads\/2025\/01\/Musica-Habilitados-No-habilitados.pdf\" target=\"_blank\" rel=\"noopener\"><strong>DESCARGAR<\/strong><\/a><\/td><\/tr><tr><td>\u00a007\/01\/2025<\/td><td>\u00a0PUBLICACI\u00d3N DE LISTA DE HABILITADOS &#8211; NO HABILITADOS | PROGRAMA DE DISE\u00d1O GR\u00c1FICO<\/td><td>\u00a0<a href=\"https:\/\/unibac.edu.co\/webnueva\/wp-content\/uploads\/2025\/01\/Diseno-Grafico-Habilitados-No-habilitados-.pdf\" target=\"_blank\" rel=\"noopener\"><strong>DESCARGAR<\/strong><\/a><\/td><\/tr><tr><td>\u00a007\/01\/2025<\/td><td>\u00a0PUBLICACI\u00d3N DE LISTA DE HABILITADOS &#8211; NO HABILITADOS | PROGRAMA DISE\u00d1O INDUSTRIAL<\/td><td>\u00a0<a href=\"https:\/\/unibac.edu.co\/webnueva\/wp-content\/uploads\/2025\/01\/Diseno-Industrial-Habilitados-No-habilitados-pdf.pdf\" target=\"_blank\" rel=\"noopener\"><strong>DESCARGAR<\/strong><\/a><\/td><\/tr><tr><td>\u00a007\/01\/2025<\/td><td>\u00a0PUBLICACI\u00d3N DE LISTA DE HABILITADOS &#8211; NO HABILITADOS | PROGRAMA ARTES ESC\u00c9NICAS<\/td><td>\u00a0<a href=\"https:\/\/unibac.edu.co\/webnueva\/wp-content\/uploads\/2025\/01\/Artes-Escenicas-Habilitados-y-No-habilitados-.pdf\" target=\"_blank\" rel=\"noopener\"><strong>DESCARGAR<\/strong><\/a><\/td><\/tr><tr><td>\u00a007\/01\/2025<\/td><td>\u00a0PUBLICACI\u00d3N DE LISTA DE HABILITADOS &#8211; NO HABILITADOS | PROGRAMA ARTES PL\u00c1STICAS<\/td><td>\u00a0<a href=\"https:\/\/unibac.edu.co\/webnueva\/wp-content\/uploads\/2025\/02\/PROGRAMA-DE-ARTES-PLASTICAS.pdf-Habilitados-No-Habilitados.pdf\" target=\"_blank\" rel=\"noopener\"><strong>DESCARGAR<\/strong><\/a><\/td><\/tr><tr><td>\u00a007\/01\/2025<\/td><td>\u00a0PUBLICACI\u00d3N DE LISTA DE HABILITADOS &#8211; NO HABILITADOS | PROGRAMA COMUNICACI\u00d3N AUDIOVISUAL<\/td><td>\u00a0<a href=\"https:\/\/unibac.edu.co\/webnueva\/wp-content\/uploads\/2025\/01\/Comunicacion-Audiovisual-Habilitados-No-habilitados-.pdf\" target=\"_blank\" rel=\"noopener\"><strong>DESCARGAR<\/strong><\/a><\/td><\/tr><tr><td>\u00a007\/01\/2025<\/td><td>\u00a0PUBLICACI\u00d3N DE LISTA DE HABILITADOS &#8211; NO HABILITADOS | PROGRAMA CEIBAC<\/td><td>\u00a0<a href=\"https:\/\/unibac.edu.co\/webnueva\/wp-content\/uploads\/2025\/01\/CEIBAC-Habilitados-No-habilitados.pdf\" target=\"_blank\" rel=\"noopener\"><strong>DESCARGAR<\/strong><\/a><\/td><\/tr><tr><td>\u00a007\/01\/2025<\/td><td>\u00a0PUBLICACI\u00d3N DE LISTA DE HABILITADOS &#8211; NO HABILITADOS | PROGRAMA CIDESBAC<\/td><td>\u00a0<a href=\"https:\/\/unibac.edu.co\/webnueva\/wp-content\/uploads\/2025\/01\/Cidesbac-Habilitados-No-habilitados.pdf\" target=\"_blank\" rel=\"noopener\"><strong>DESCARGAR<\/strong><\/a><\/td><\/tr><tr><td>\u00a015\/01\/2025<\/td><td>\u00a0LISTA DE ELEGIBLES GAFO &#8211; 006 &#8211; PUBLICACI\u00d3N DE RESULTADOS DE ADMITIDOS Y NO ADMITIDOS | PROGRAMA M\u00daSICA<\/td><td>\u00a0<a href=\"https:\/\/unibac.edu.co\/webnueva\/wp-content\/uploads\/2025\/01\/GA-FO-006-Docentes-admitidos-y-no-admitidos-MUSICA-2025-1.xls\" target=\"_blank\" rel=\"noopener\"><strong>DESCARGAR<\/strong><\/a><\/td><\/tr><tr><td>\u00a015\/01\/2025<\/td><td>\u00a0LISTA DE ELEGIBLES GAFO &#8211; 006 &#8211; PUBLICACI\u00d3N DE RESULTADOS DE ADMITIDOS Y NO ADMITIDOS | PROGRAMA ARTES PL\u00c1STICAS<\/td><td>\u00a0<a href=\"https:\/\/unibac.edu.co\/webnueva\/wp-content\/uploads\/2025\/02\/ARTES-PLASTICAS-GAFO-006-RELACION-DE-DOCENTES-ADMITIDOS-Y-NO-ADMITIDOS.pdf\" target=\"_blank\" rel=\"noopener\"><strong>DESCARGAR<\/strong><\/a><\/td><\/tr><tr><td>\u00a015\/01\/2025<\/td><td>\u00a0LISTA DE ELEGIBLES GAFO &#8211; 006 &#8211; PUBLICACI\u00d3N DE RESULTADOS DE ADMITIDOS Y NO ADMITIDOS | PROGRAMA ARTES ESC\u00c9NICAS<\/td><td>\u00a0<a href=\"https:\/\/unibac.edu.co\/webnueva\/wp-content\/uploads\/2025\/01\/Artes-Escenicas-GA-FO-006-Admitidos-y-No-Admitidos-2025.xls\" target=\"_blank\" rel=\"noopener\"><strong>DESCARGAR<\/strong><\/a><\/td><\/tr><tr><td>\u00a015\/01\/2025<\/td><td>\u00a0LISTA DE ELEGIBLES GAFO &#8211; 006 &#8211; PUBLICACI\u00d3N DE RESULTADOS DE ADMITIDOS Y NO ADMITIDOS | PROGRAMA DISE\u00d1O GR\u00c1FICO<\/td><td>\u00a0<a href=\"https:\/\/unibac.edu.co\/webnueva\/wp-content\/uploads\/2025\/01\/Diseno-Grafico-Docentes-Admitidos-GAFO-006.pdf\" target=\"_blank\" rel=\"noopener\"><strong>DESCARGAR<\/strong><\/a><\/td><\/tr><tr><td>\u00a015\/01\/2025<\/td><td>\u00a0LISTA DE ELEGIBLES GAFO &#8211; 006 &#8211; PUBLICACI\u00d3N DE RESULTADOS DE ADMITIDOS Y NO ADMITIDOS | PROGRAMA DISE\u00d1O INDUSTRIAL<\/td><td>\u00a0<a href=\"https:\/\/unibac.edu.co\/webnueva\/wp-content\/uploads\/2025\/01\/Diseno-Industrial-GAFO-006-Relacion-de-Docentes-Admitidos-y-No-Admitidos.pdf\" target=\"_blank\" rel=\"noopener\"><strong>DESCARGAR<\/strong><\/a><\/td><\/tr><tr><td>\u00a015\/01\/2025<\/td><td>\u00a0LISTA DE ELEGIBLES GAFO &#8211; 006 &#8211; PUBLICACI\u00d3N DE RESULTADOS DE ADMITIDOS Y NO ADMITIDOS | PROGRAMA COMUNICACI\u00d3N AUDIOVISUAL<\/td><td>\u00a0<a href=\"https:\/\/unibac.edu.co\/webnueva\/wp-content\/uploads\/2025\/01\/Comunicacion-Audiovisual-GA-FO-006-Relacion-de-docentes-admitidos-y-no-admitidos-.xls\" target=\"_blank\" rel=\"noopener\"><strong>DESCARGAR<\/strong><\/a><\/td><\/tr><tr><td>\u00a015\/01\/2025<\/td><td>\u00a0LISTA DE ELEGIBLES GAFO &#8211; 006 &#8211; PUBLICACI\u00d3N DE RESULTADOS DE ADMITIDOS Y NO ADMITIDOS | PROGRAMA CIDESBAC<\/td><td>\u00a0<a href=\"https:\/\/unibac.edu.co\/webnueva\/wp-content\/uploads\/2025\/01\/Cidesbac-Relacion-de-docentes-admitidos-y-no-admitidos-Cidesbac.xls\" target=\"_blank\" rel=\"noopener\"><strong>DESCARGAR<\/strong><\/a><\/td><\/tr><tr><td>\u00a015\/01\/2025<\/td><td>\u00a0LISTA DE ELEGIBLES GAFO &#8211; 006 &#8211; PUBLICACI\u00d3N DE RESULTADOS DE ADMITIDOS Y NO ADMITIDOS | PROGRAMA CEIBAC<\/td><td>\u00a0<a href=\"https:\/\/unibac.edu.co\/webnueva\/wp-content\/uploads\/2025\/01\/CEIBAC-GAFO-006-Relacion-de-docentes-admitidos-y-no-admitidos-.xls\" target=\"_blank\" rel=\"noopener\"><strong>DESCARGAR<\/strong><\/a><\/td><\/tr><tr><td>\u00a017\/01\/2025<\/td><td>\u00a0<strong>LISTADO DEFINITIVO DE LA CONVOCATORIA DE DOCENTES GAFO &#8211; 066 | PROGRAMA M\u00daSICA<\/strong><\/td><td>\u00a0<a href=\"https:\/\/unibac.edu.co\/webnueva\/wp-content\/uploads\/2025\/01\/Musica-GA-FO-066-Lista-definitiva-docentes-admitidos-2025-1.xls\" target=\"_blank\" rel=\"noopener\"><strong>DESCARGAR<\/strong><\/a><\/td><\/tr><tr><td>\u00a017\/01\/2025<\/td><td>\u00a0<strong>LISTADO DEFINITIVO DE LA CONVOCATORIA DE DOCENTES GAFO &#8211; 066 | PROGRAMA ARTES PL\u00c1STICAS<\/strong><\/td><td>\u00a0<a href=\"https:\/\/unibac.edu.co\/webnueva\/wp-content\/uploads\/2025\/01\/Artes-Plasticas-GA-FO-066-Lista-definitiva-de-admitidos.xls\" target=\"_blank\" rel=\"noopener\"><strong>DESCARGAR<\/strong><\/a><\/td><\/tr><tr><td>\u00a017\/01\/2025<\/td><td>\u00a0<strong>LISTADO DEFINITIVO DE LA CONVOCATORIA DE DOCENTES GAFO &#8211; 066 | PROGRAMA ARTES ESC\u00c9NICAS<\/strong><\/td><td>\u00a0<a href=\"https:\/\/unibac.edu.co\/webnueva\/wp-content\/uploads\/2025\/01\/Artes-Escenicas-GAFO-066-Lista-definitiva-de-admitidos-2025.pdf\" target=\"_blank\" rel=\"noopener\"><strong>DESCARGAR<\/strong><\/a><\/td><\/tr><tr><td>\u00a017\/01\/2025<\/td><td>\u00a0<strong>LISTADO DEFINITIVO DE LA CONVOCATORIA DE DOCENTES GAFO &#8211; 066 | PROGRAMA DISE\u00d1O GR\u00c1FICO<\/strong><\/td><td>\u00a0<a href=\"https:\/\/unibac.edu.co\/webnueva\/wp-content\/uploads\/2025\/01\/Diseno-Grafco-GAFO-066-Lista-definitiva-2025.pdf\" target=\"_blank\" rel=\"noopener\"><strong>DESCARGAR<\/strong><\/a><\/td><\/tr><tr><td>\u00a017\/01\/2025<\/td><td>\u00a0<strong>LISTADO DEFINITIVO DE LA CONVOCATORIA DE DOCENTES GAFO &#8211; 066 | PROGRAMA DISE\u00d1O INDUSTRIAL<\/strong><\/td><td>\u00a0<a href=\"https:\/\/unibac.edu.co\/webnueva\/wp-content\/uploads\/2025\/01\/Diseno-Industrial-GA-FO-066-Lista-definitiva-de-admitidos-2025-.pdf\" target=\"_blank\" rel=\"noopener\"><strong>DESCARGAR<\/strong><\/a><\/td><\/tr><tr><td>\u00a017\/01\/2025<\/td><td>\u00a0<strong>LISTADO DEFINITIVO DE LA CONVOCATORIA DE DOCENTES GAFO &#8211; 066 | PROGRAMA COMUNICACI\u00d3N AUDIOVISUAL<\/strong><\/td><td>\u00a0<a href=\"https:\/\/unibac.edu.co\/webnueva\/wp-content\/uploads\/2025\/01\/Comunicacion-Audiovisual-GAGO-006-2025-Docentes-admitidos-.xls\" target=\"_blank\" rel=\"noopener\"><strong>DESCARGAR<\/strong><\/a><\/td><\/tr><tr><td>\u00a017\/01\/2025<\/td><td>\u00a0<strong>LISTADO DEFINITIVO DE LA CONVOCATORIA DE DOCENTES GAFO &#8211; 066 | PROGRAMA CIDESBAC<\/strong><\/td><td>\u00a0<a href=\"https:\/\/unibac.edu.co\/webnueva\/wp-content\/uploads\/2025\/01\/Cidesbac-GA-FO-066-Lista-definitiva-de-admitidos-2025.xls\" target=\"_blank\" rel=\"noopener\"><strong>DESCARGAR<\/strong><\/a><\/td><\/tr><tr><td>\u00a017\/01\/2025<\/td><td>\u00a0<strong>LISTADO DEFINITIVO DE LA CONVOCATORIA DE DOCENTES GAFO &#8211; 066 | PROGRAMA CEIBAC<\/strong><\/td><td>\u00a0<a href=\"https:\/\/unibac.edu.co\/webnueva\/wp-content\/uploads\/2025\/01\/Ceibac-GA-FO-066.-Lista-de-admitidos-2025-1.xls\" target=\"_blank\" rel=\"noopener\"><strong>DESCARGAR<\/strong><\/a><\/td><\/tr><\/tbody><\/table>\t\t\t\t\t\t\t\t<\/div>\n\t\t\t\t<\/div>\n\t\t\t\t\t<\/div>\n\t\t<\/div>\n\t\t\t\t<div class=\"elementor-column elementor-col-50 elementor-top-column elementor-element elementor-element-3bd60890\" data-id=\"3bd60890\" data-element_type=\"column\" data-e-type=\"column\">\n\t\t\t<div class=\"elementor-widget-wrap elementor-element-populated\">\n\t\t\t\t\t\t<div class=\"elementor-element elementor-element-84a98bd elementor-widget elementor-widget-sidebar\" data-id=\"84a98bd\" data-element_type=\"widget\" data-e-type=\"widget\" data-widget_type=\"sidebar.default\">\n\t\t\t\t<div class=\"elementor-widget-container\">\n\t\t\t\t\t\n\t\t<aside id=\"recent-posts-3\" class=\"widget clearfix widget_recent_entries\">\n\t\t<h3 class=\"widget-title\"><span>\u00daltimas Noticias<\/span><\/h3>\n\t\t<ul>\n\t\t\t\t\t\t\t\t\t\t\t<li>\n\t\t\t\t\t<a href=\"https:\/\/unibac.edu.co\/webnueva\/tesis-de-grado-doctoral-sobre-german-cespedes-director-del-conservatorio-de-musica-de-unibac-obtiene-distincion-laureada\/\">Tesis de grado doctoral sobre Germ\u00e1n C\u00e9spedes, director del Conservatorio de M\u00fasica de Unibac, obtiene distinci\u00f3n laureada<\/a>\n\t\t\t\t\t\t\t\t\t\t\t<span class=\"post-date\">24 abril, 2026<\/span>\n\t\t\t\t\t\t\t\t\t<\/li>\n\t\t\t\t\t\t\t\t\t\t\t<li>\n\t\t\t\t\t<a href=\"https:\/\/unibac.edu.co\/webnueva\/ustedes-representan-el-capital-intelectual-renovador-de-nuestra-region-sacra-nader-en-ceremonia-de-graduacion-de-98-nuevos-profesionales-de-unibac\/\">\u201cUstedes representan el capital intelectual renovador de nuestra regi\u00f3n\u201d: Sacra N\u00e1der en ceremonia de graduaci\u00f3n de 98 nuevos profesionales de Unibac<\/a>\n\t\t\t\t\t\t\t\t\t\t\t<span class=\"post-date\">22 abril, 2026<\/span>\n\t\t\t\t\t\t\t\t\t<\/li>\n\t\t\t\t\t\t\t\t\t\t\t<li>\n\t\t\t\t\t<a href=\"https:\/\/unibac.edu.co\/webnueva\/presentacion-de-novedades-editoriales-unibac\/\">Presentaci\u00f3n de Novedades Editoriales \u2013 Unibac<\/a>\n\t\t\t\t\t\t\t\t\t\t\t<span class=\"post-date\">30 marzo, 2026<\/span>\n\t\t\t\t\t\t\t\t\t<\/li>\n\t\t\t\t\t\t\t\t\t\t\t<li>\n\t\t\t\t\t<a href=\"https:\/\/unibac.edu.co\/webnueva\/estudiantes-de-diseno-industrial-unibac-finalistas-en-green-product-award-alemania-con-productos-hechos-con-flores-yuca-y-alpiste\/\">Estudiantes de Dise\u00f1o Industrial Unibac, finalistas en Green Product Award (Alemania) con productos hechos con flores, yuca y alpiste<\/a>\n\t\t\t\t\t\t\t\t\t\t\t<span class=\"post-date\">19 marzo, 2026<\/span>\n\t\t\t\t\t\t\t\t\t<\/li>\n\t\t\t\t\t\t\t\t\t\t\t<li>\n\t\t\t\t\t<a href=\"https:\/\/unibac.edu.co\/webnueva\/la-toma-2026-manantial-creativo-en-trabajos-de-grado-de-estudiantes-unibac\/\">\u201cLa Toma 2026\u201d, manantial creativo en trabajos de grado de estudiantes Unibac<\/a>\n\t\t\t\t\t\t\t\t\t\t\t<span class=\"post-date\">10 marzo, 2026<\/span>\n\t\t\t\t\t\t\t\t\t<\/li>\n\t\t\t\t\t<\/ul>\n\n\t\t<\/aside>\t\t\t\t<\/div>\n\t\t\t\t<\/div>\n\t\t\t\t\t<\/div>\n\t\t<\/div>\n\t\t\t\t\t<\/div>\n\t\t<\/section>\n\t\t\t\t<\/div>\n\t\t","protected":false},"excerpt":{"rendered":"<p>Noticias Unibac abre convocatoria para docentes de tiempo completo, medio tiempo y horas c\u00e1tedra 2025 Cartagena de Indias, 19 de [&hellip;]<\/p>\n","protected":false},"author":1,"featured_media":0,"comment_status":"closed","ping_status":"closed","sticky":false,"template":"","format":"standard","meta":{"footnotes":""},"categories":[79],"tags":[],"class_list":["post-26063","post","type-post","status-publish","format-standard","hentry","category-noticias-unibac"],"_links":{"self":[{"href":"https:\/\/unibac.edu.co\/webnueva\/wp-json\/wp\/v2\/posts\/26063","targetHints":{"allow":["GET"]}}],"collection":[{"href":"https:\/\/unibac.edu.co\/webnueva\/wp-json\/wp\/v2\/posts"}],"about":[{"href":"https:\/\/unibac.edu.co\/webnueva\/wp-json\/wp\/v2\/types\/post"}],"author":[{"embeddable":true,"href":"https:\/\/unibac.edu.co\/webnueva\/wp-json\/wp\/v2\/users\/1"}],"replies":[{"embeddable":true,"href":"https:\/\/unibac.edu.co\/webnueva\/wp-json\/wp\/v2\/comments?post=26063"}],"version-history":[{"count":55,"href":"https:\/\/unibac.edu.co\/webnueva\/wp-json\/wp\/v2\/posts\/26063\/revisions"}],"predecessor-version":[{"id":26419,"href":"https:\/\/unibac.edu.co\/webnueva\/wp-json\/wp\/v2\/posts\/26063\/revisions\/26419"}],"wp:attachment":[{"href":"https:\/\/unibac.edu.co\/webnueva\/wp-json\/wp\/v2\/media?parent=26063"}],"wp:term":[{"taxonomy":"category","embeddable":true,"href":"https:\/\/unibac.edu.co\/webnueva\/wp-json\/wp\/v2\/categories?post=26063"},{"taxonomy":"post_tag","embeddable":true,"href":"https:\/\/unibac.edu.co\/webnueva\/wp-json\/wp\/v2\/tags?post=26063"}],"curies":[{"name":"wp","href":"https:\/\/api.w.org\/{rel}","templated":true}]}}