{"id":25942,"date":"2024-11-13T08:49:45","date_gmt":"2024-11-13T13:49:45","guid":{"rendered":"https:\/\/unibac.edu.co\/webnueva\/?p=25942"},"modified":"2024-11-18T08:57:32","modified_gmt":"2024-11-18T13:57:32","slug":"xvii-festival-de-las-artes-energias-creativas","status":"publish","type":"post","link":"https:\/\/unibac.edu.co\/webnueva\/xvii-festival-de-las-artes-energias-creativas\/","title":{"rendered":"XVII Festival de las Artes &#8211; Energ\u00edas Creativas"},"content":{"rendered":"\t\t<div data-elementor-type=\"wp-post\" data-elementor-id=\"25942\" class=\"elementor elementor-25942\" data-elementor-settings=\"{&quot;ha_cmc_init_switcher&quot;:&quot;no&quot;}\">\n\t\t\t\t\t\t<section class=\"elementor-section elementor-top-section elementor-element elementor-element-28c843e elementor-section-boxed elementor-section-height-default elementor-section-height-default\" data-id=\"28c843e\" data-element_type=\"section\" data-e-type=\"section\" data-settings=\"{&quot;_ha_eqh_enable&quot;:false}\">\n\t\t\t\t\t\t<div class=\"elementor-container elementor-column-gap-default\">\n\t\t\t\t\t<div class=\"elementor-column elementor-col-50 elementor-top-column elementor-element elementor-element-c4c2fe2\" data-id=\"c4c2fe2\" data-element_type=\"column\" data-e-type=\"column\">\n\t\t\t<div class=\"elementor-widget-wrap elementor-element-populated\">\n\t\t\t\t\t\t<div class=\"elementor-element elementor-element-76594fc elementor-widget elementor-widget-image\" data-id=\"76594fc\" data-element_type=\"widget\" data-e-type=\"widget\" data-widget_type=\"image.default\">\n\t\t\t\t<div class=\"elementor-widget-container\">\n\t\t\t\t\t\t\t\t\t\t\t\t\t\t\t<img fetchpriority=\"high\" decoding=\"async\" width=\"900\" height=\"506\" src=\"https:\/\/unibac.edu.co\/webnueva\/wp-content\/uploads\/2024\/11\/Festivartes-4-1024x576.jpeg\" class=\"attachment-large size-large wp-image-25945\" alt=\"\" \/>\t\t\t\t\t\t\t\t\t\t\t\t\t\t\t<\/div>\n\t\t\t\t<\/div>\n\t\t\t\t<div class=\"elementor-element elementor-element-4fa0a94e elementor-widget elementor-widget-gva-heading-block\" data-id=\"4fa0a94e\" data-element_type=\"widget\" data-e-type=\"widget\" data-widget_type=\"gva-heading-block.default\">\n\t\t\t\t<div class=\"elementor-widget-container\">\n\t\t\t\t\t<div class=\"gva-element-gva-heading-block gva-element\">   <div class=\"align-left style-1 widget gsc-heading\">\r\n      <div class=\"content-inner\">\r\n         \r\n                  \r\n                  \r\n                     <h2 class=\"title\">\r\n               <span>Noticias<\/span>\r\n            <\/h2>\r\n         \r\n                     <div class=\"sub-title\"><span>XVII Festival de las Artes - Energ\u00edas Creativas<\/span><\/div>\r\n          \r\n\r\n         \r\n         \r\n      <\/div>\r\n   <\/div>\r\n   <div class=\"clearfix\"><\/div>\r\n<\/div>\t\t\t\t<\/div>\n\t\t\t\t<\/div>\n\t\t\t\t<div class=\"elementor-element elementor-element-4f5d311f elementor-widget elementor-widget-text-editor\" data-id=\"4f5d311f\" data-element_type=\"widget\" data-e-type=\"widget\" data-widget_type=\"text-editor.default\">\n\t\t\t\t<div class=\"elementor-widget-container\">\n\t\t\t\t\t\t\t\t\t<p><strong>XVII Festival de las Artes se desarrollar\u00e1 del 12 al 18 de noviembre de 2024.<\/strong><\/p><p>El Festival de las Artes de Unibac es una iniciativa que nace con la intenci\u00f3n de transformar los procesos educativos desde las artes y en esta versi\u00f3n de 2024, despu\u00e9s de 17 a\u00f1os de realizarlo de manera consecutiva volvemos para resaltar las ideas, el ingenio y la creatividad, de los estudiantes que de manera proactiva reciben la orientaci\u00f3n de sus docentes con el prop\u00f3sito de construir juntos en el marco de un procesos pedag\u00f3gico y did\u00e1ctico evidenciar para hacer posible la metodolog\u00eda basada en proyectos MBA.<\/p><p>En esta oportunidad, se realizar\u00e1n exposiciones con m\u00e1s de 100 proyectos enfocados a las Energ\u00edas Creativas desde diferentes campos del conocimiento, de la naturaleza y de la vida para que tributen a las comunidades poblacionales diversas, desde los procesos, procedimientos y productos visibilizando posturas y pensamientos complejos, con la creencia y la responsabilidad que implica construir un presente y futuro pr\u00f3spero, innovador y sostenible, desde los aprendizajes tem\u00e1ticas y las gestiones educativas, tomando conciencia acerca de la necesidad y la importancia del cambio mental requerido para que los anhelos y sue\u00f1os por un mundo mejor se hagan realidad.<\/p><p>Estos anhelos no se producen por arte de magia, ni por el simple deseo, se requiere de la acci\u00f3n y de las interacciones de seres humanos comprometidos que entiendan el mundo de la educaci\u00f3n actual desde las metodolog\u00edas, teor\u00edas, y sistemas pedag\u00f3gicos, y en ello la academia tiene una enorme responsabilidad.<\/p><p>Por lo tanto, Unibac desea que los estudiantes aprovechan al m\u00e1ximo la formaci\u00f3n que reciben, demostrado la capacidad de idear, pensar, entender, comprender y ampliar el conocimiento adquirido creando proyectos innovadores, es decir con un impacto concreto demostrado, con un significado de poder demostrado con el aporte y el desarrollo de las comunidades.Al revisarlos<\/p><p>\u00faltimos 100 a\u00f1os del desarrollo social y pese al progreso alcanzado al nivel global, por el acceso a la electricidad todav\u00eda hay una brecha abierta que no hace que se compacten los progresos en muchas comunidades, lo que las hace vulnerables, y para el caso que nos convoca de las energ\u00edas renovables, se hace para que empoderan vidas, comunidades y econom\u00edas, dado que es imperativo que en la actualidad se produzcan transformaciones con otras alternativas para aportar a la resoluci\u00f3n de los problemas que inciden en lo local, regional, nacional y mundial, por el crecimiento demogr\u00e1fico con sus consecuencias sociales y econ\u00f3micas, con nuevas propuestas de mejoramiento en la producci\u00f3n, lo que indica que ya las formas tradicionales deben variar puesto que se requiere cada vez m\u00e1s energ\u00eda diversa.<\/p><p>El compromiso mundial con la gesti\u00f3n de los 17 Objetivos de Desarrollo Sostenible ODS parece inalcanzable puesto que los impulsos no han sido los suficientemente s\u00f3lidos y comprometedores con los gobiernos y las sociedades.<\/p><p>Proponemos la unidad Universidad-Gobierno como un aporte al compromiso social desde el ODS N\u00b0 7 como forma de garantizar un acceso mayor aun cuando no tan ambicioso de lograr la universalidad a la energ\u00eda, sino desde la \u00f3ptica que se pueden aprovechar los beneficios socioecon\u00f3micos del sector de la energ\u00eda renovable y proteger el medioambiente para hacer posible el cumplimiento de las metas en Colombia.<\/p><p>Los gobiernos regionales desempe\u00f1an un papel fundamental en la implementaci\u00f3n y cumplimiento de los ODS en los territorios, incorpor\u00e1ndolos<br \/>en instrumentos de planificaci\u00f3n, comprometiendo recursos e implementando acciones concretas para avanzar hacia mayores niveles de progreso de sus habitantes, teniendo en cuenta que la energ\u00eda empodera vidas, comunidades y econom\u00edas, y la energ\u00eda renovable es fundamental para que alcance un desarrollo inclusivo y sostenible.<\/p><p>Con este objetivo se esfuerza por crear un entorno propicio para aumentar las<br \/>los apoyos, prop\u00f3sitos y recursos que aceleren una transici\u00f3n energ\u00e9tica con compromisos que respalden las actividades y los programas que generen un presente y futuro para que el acceso universal a la energ\u00eda renovable se convierta en realidad con proyectos creativos y de vanguardia que ayuden a impulsar el sector de las energ\u00edas renovables en la ciudad, el departamento y la regi\u00f3n mientras contribuyen al Objetivo de Desarrollo Sostenible n\u00famero 7 de las Naciones Unidas (ODS7 ONU).<\/p><p>Unibac act\u00faa dentro del marco normativo y creativo como actor fundamental<br \/>entre la comunidad acad\u00e9mica y sus socios mediante convenios para estimular<br \/>y facilitar el intercambio de perspectivas, iniciativas y experiencias, con el fin<br \/>de fomentar las energ\u00edas creativas en esta oportunidad.<\/p><p>Gracias por venir. Ahora a multiplicar el mensaje para que llegue a miles de personas.<\/p>\t\t\t\t\t\t\t\t<\/div>\n\t\t\t\t<\/div>\n\t\t\t\t\t<\/div>\n\t\t<\/div>\n\t\t\t\t<div class=\"elementor-column elementor-col-50 elementor-top-column elementor-element elementor-element-bd28d55\" data-id=\"bd28d55\" data-element_type=\"column\" data-e-type=\"column\">\n\t\t\t<div class=\"elementor-widget-wrap elementor-element-populated\">\n\t\t\t\t\t\t<div class=\"elementor-element elementor-element-7ff8fe2c elementor-widget elementor-widget-sidebar\" data-id=\"7ff8fe2c\" data-element_type=\"widget\" data-e-type=\"widget\" data-widget_type=\"sidebar.default\">\n\t\t\t\t<div class=\"elementor-widget-container\">\n\t\t\t\t\t\n\t\t<aside id=\"recent-posts-3\" class=\"widget clearfix widget_recent_entries\">\n\t\t<h3 class=\"widget-title\"><span>\u00daltimas Noticias<\/span><\/h3>\n\t\t<ul>\n\t\t\t\t\t\t\t\t\t\t\t<li>\n\t\t\t\t\t<a href=\"https:\/\/unibac.edu.co\/webnueva\/tesis-de-grado-doctoral-sobre-german-cespedes-director-del-conservatorio-de-musica-de-unibac-obtiene-distincion-laureada\/\">Tesis de grado doctoral sobre Germ\u00e1n C\u00e9spedes, director del Conservatorio de M\u00fasica de Unibac, obtiene distinci\u00f3n laureada<\/a>\n\t\t\t\t\t\t\t\t\t\t\t<span class=\"post-date\">24 abril, 2026<\/span>\n\t\t\t\t\t\t\t\t\t<\/li>\n\t\t\t\t\t\t\t\t\t\t\t<li>\n\t\t\t\t\t<a href=\"https:\/\/unibac.edu.co\/webnueva\/ustedes-representan-el-capital-intelectual-renovador-de-nuestra-region-sacra-nader-en-ceremonia-de-graduacion-de-98-nuevos-profesionales-de-unibac\/\">\u201cUstedes representan el capital intelectual renovador de nuestra regi\u00f3n\u201d: Sacra N\u00e1der en ceremonia de graduaci\u00f3n de 98 nuevos profesionales de Unibac<\/a>\n\t\t\t\t\t\t\t\t\t\t\t<span class=\"post-date\">22 abril, 2026<\/span>\n\t\t\t\t\t\t\t\t\t<\/li>\n\t\t\t\t\t\t\t\t\t\t\t<li>\n\t\t\t\t\t<a href=\"https:\/\/unibac.edu.co\/webnueva\/presentacion-de-novedades-editoriales-unibac\/\">Presentaci\u00f3n de Novedades Editoriales \u2013 Unibac<\/a>\n\t\t\t\t\t\t\t\t\t\t\t<span class=\"post-date\">30 marzo, 2026<\/span>\n\t\t\t\t\t\t\t\t\t<\/li>\n\t\t\t\t\t\t\t\t\t\t\t<li>\n\t\t\t\t\t<a href=\"https:\/\/unibac.edu.co\/webnueva\/estudiantes-de-diseno-industrial-unibac-finalistas-en-green-product-award-alemania-con-productos-hechos-con-flores-yuca-y-alpiste\/\">Estudiantes de Dise\u00f1o Industrial Unibac, finalistas en Green Product Award (Alemania) con productos hechos con flores, yuca y alpiste<\/a>\n\t\t\t\t\t\t\t\t\t\t\t<span class=\"post-date\">19 marzo, 2026<\/span>\n\t\t\t\t\t\t\t\t\t<\/li>\n\t\t\t\t\t\t\t\t\t\t\t<li>\n\t\t\t\t\t<a href=\"https:\/\/unibac.edu.co\/webnueva\/la-toma-2026-manantial-creativo-en-trabajos-de-grado-de-estudiantes-unibac\/\">\u201cLa Toma 2026\u201d, manantial creativo en trabajos de grado de estudiantes Unibac<\/a>\n\t\t\t\t\t\t\t\t\t\t\t<span class=\"post-date\">10 marzo, 2026<\/span>\n\t\t\t\t\t\t\t\t\t<\/li>\n\t\t\t\t\t<\/ul>\n\n\t\t<\/aside>\t\t\t\t<\/div>\n\t\t\t\t<\/div>\n\t\t\t\t\t<\/div>\n\t\t<\/div>\n\t\t\t\t\t<\/div>\n\t\t<\/section>\n\t\t\t\t<\/div>\n\t\t","protected":false},"excerpt":{"rendered":"<p>Noticias XVII Festival de las Artes &#8211; Energ\u00edas Creativas XVII Festival de las Artes se desarrollar\u00e1 del 12 al 18 [&hellip;]<\/p>\n","protected":false},"author":1,"featured_media":0,"comment_status":"closed","ping_status":"closed","sticky":false,"template":"","format":"standard","meta":{"footnotes":""},"categories":[79],"tags":[],"class_list":["post-25942","post","type-post","status-publish","format-standard","hentry","category-noticias-unibac"],"_links":{"self":[{"href":"https:\/\/unibac.edu.co\/webnueva\/wp-json\/wp\/v2\/posts\/25942","targetHints":{"allow":["GET"]}}],"collection":[{"href":"https:\/\/unibac.edu.co\/webnueva\/wp-json\/wp\/v2\/posts"}],"about":[{"href":"https:\/\/unibac.edu.co\/webnueva\/wp-json\/wp\/v2\/types\/post"}],"author":[{"embeddable":true,"href":"https:\/\/unibac.edu.co\/webnueva\/wp-json\/wp\/v2\/users\/1"}],"replies":[{"embeddable":true,"href":"https:\/\/unibac.edu.co\/webnueva\/wp-json\/wp\/v2\/comments?post=25942"}],"version-history":[{"count":4,"href":"https:\/\/unibac.edu.co\/webnueva\/wp-json\/wp\/v2\/posts\/25942\/revisions"}],"predecessor-version":[{"id":25948,"href":"https:\/\/unibac.edu.co\/webnueva\/wp-json\/wp\/v2\/posts\/25942\/revisions\/25948"}],"wp:attachment":[{"href":"https:\/\/unibac.edu.co\/webnueva\/wp-json\/wp\/v2\/media?parent=25942"}],"wp:term":[{"taxonomy":"category","embeddable":true,"href":"https:\/\/unibac.edu.co\/webnueva\/wp-json\/wp\/v2\/categories?post=25942"},{"taxonomy":"post_tag","embeddable":true,"href":"https:\/\/unibac.edu.co\/webnueva\/wp-json\/wp\/v2\/tags?post=25942"}],"curies":[{"name":"wp","href":"https:\/\/api.w.org\/{rel}","templated":true}]}}