{"id":25676,"date":"2024-09-26T22:13:38","date_gmt":"2024-09-27T03:13:38","guid":{"rendered":"https:\/\/unibac.edu.co\/webnueva\/?p=25676"},"modified":"2024-09-26T22:19:58","modified_gmt":"2024-09-27T03:19:58","slug":"deslumbrante-talento-unibac-de-mompox-a-cartagena-apoteosico-concierto-con-la-constelacion-de-estrellas-festijazz-2024","status":"publish","type":"post","link":"https:\/\/unibac.edu.co\/webnueva\/deslumbrante-talento-unibac-de-mompox-a-cartagena-apoteosico-concierto-con-la-constelacion-de-estrellas-festijazz-2024\/","title":{"rendered":"\u00a1Deslumbrante Talento Unibac! De Mompox a Cartagena, apote\u00f3sico concierto con la constelaci\u00f3n de estrellas Festijazz 2024"},"content":{"rendered":"\t\t<div data-elementor-type=\"wp-post\" data-elementor-id=\"25676\" class=\"elementor elementor-25676\" data-elementor-settings=\"{&quot;ha_cmc_init_switcher&quot;:&quot;no&quot;}\">\n\t\t\t\t\t\t<section class=\"elementor-section elementor-top-section elementor-element elementor-element-4a1cc29e elementor-section-boxed elementor-section-height-default elementor-section-height-default\" data-id=\"4a1cc29e\" data-element_type=\"section\" data-e-type=\"section\" data-settings=\"{&quot;_ha_eqh_enable&quot;:false}\">\n\t\t\t\t\t\t<div class=\"elementor-container elementor-column-gap-default\">\n\t\t\t\t\t<div class=\"elementor-column elementor-col-50 elementor-top-column elementor-element elementor-element-2865106f\" data-id=\"2865106f\" data-element_type=\"column\" data-e-type=\"column\">\n\t\t\t<div class=\"elementor-widget-wrap elementor-element-populated\">\n\t\t\t\t\t\t<div class=\"elementor-element elementor-element-47f60709 elementor-widget elementor-widget-image\" data-id=\"47f60709\" data-element_type=\"widget\" data-e-type=\"widget\" data-widget_type=\"image.default\">\n\t\t\t\t<div class=\"elementor-widget-container\">\n\t\t\t\t\t\t\t\t\t\t\t\t\t\t\t<img fetchpriority=\"high\" decoding=\"async\" width=\"900\" height=\"600\" src=\"https:\/\/unibac.edu.co\/webnueva\/wp-content\/uploads\/2024\/09\/Deslumbrante-Unibac-1-1024x683.jpg\" class=\"attachment-large size-large wp-image-25679\" alt=\"\" \/>\t\t\t\t\t\t\t\t\t\t\t\t\t\t\t<\/div>\n\t\t\t\t<\/div>\n\t\t\t\t<div class=\"elementor-element elementor-element-524ce2fc elementor-widget elementor-widget-gva-heading-block\" data-id=\"524ce2fc\" data-element_type=\"widget\" data-e-type=\"widget\" data-widget_type=\"gva-heading-block.default\">\n\t\t\t\t<div class=\"elementor-widget-container\">\n\t\t\t\t\t<div class=\"gva-element-gva-heading-block gva-element\">   <div class=\"align-left style-1 widget gsc-heading\">\r\n      <div class=\"content-inner\">\r\n         \r\n                  \r\n                  \r\n                     <h2 class=\"title\">\r\n               <span>Noticias<\/span>\r\n            <\/h2>\r\n         \r\n                     <div class=\"sub-title\"><span>\u00a1Deslumbrante Talento Unibac! De Mompox a Cartagena, apote\u00f3sico concierto con la constelaci\u00f3n de estrellas Festijazz 2024<\/span><\/div>\r\n          \r\n\r\n         \r\n         \r\n      <\/div>\r\n   <\/div>\r\n   <div class=\"clearfix\"><\/div>\r\n<\/div>\t\t\t\t<\/div>\n\t\t\t\t<\/div>\n\t\t\t\t<div class=\"elementor-element elementor-element-371a2b3c elementor-widget elementor-widget-text-editor\" data-id=\"371a2b3c\" data-element_type=\"widget\" data-e-type=\"widget\" data-widget_type=\"text-editor.default\">\n\t\t\t\t<div class=\"elementor-widget-container\">\n\t\t\t\t\t\t\t\t\t<p><strong>Cartagena de Indias, 26 de septiembre de 2024.<\/strong><\/p><p>En la historia del teatro Adolfo Mej\u00eda quedar\u00e1 marcado el apote\u00f3sico concierto \u201cPorque Cartagena lo pidi\u00f3\u201d, con los grupos musicales de Unibac que deslumbraron en el Festival de Jazz de Mompox 2024.<\/p><p>Una noche cargada de Talento Unibac inagotable, donde el p\u00fablico que abarrot\u00f3 el aforo no ces\u00f3 de ovacionar las antol\u00f3gicas presentaciones de Unibac Jazz and Jam, Unibac Big Band, Unibac Brass, Unibac Charanga Woman y el coro g\u00f3spel Royar Harmony.<\/p><p>Con el apoyo de la Gobernaci\u00f3n de Bol\u00edvar, Alcald\u00eda Cartagena, el Instituto de Patrimonio y Cultura de Cartagena (IPCC), el concierto tambi\u00e9n result\u00f3 memorable por la puesta en escena, con un sistema de luces y pantallas sincronizado con cada grupo, y un sonido en armon\u00eda con la ac\u00fastica del \u201cAdolfo Mej\u00eda\u201d.<\/p><p>El primer grupo en escena fue Unibac Brass, un quinteto conformado por docentes del Conservatorio \u201cAdolfo Mej\u00eda\u201d de Unibac, que desplegaron toda su sapiencia en la trompeta, corno, tromb\u00f3n, tuba y percusi\u00f3n, con un repertorio internacional de alta exigencia. (Director: Maestro Jos\u00e9 Luis Montes)<\/p><p>El segundo turno fue para Charanga Woman, la novedosa propuesta salsera de unas estudiantes de M\u00fasica, que con sus violines y flautas, impregnaron al concierto con musicales aromas femeninos. (Director: Maestro Adonai Torregrosa)<\/p><p>Un punto y aparte signific\u00f3 la actuaci\u00f3n del coro g\u00f3spel Royal Harmony, grupo apenas creado en las aulas de Unibac hace dos meses, pero que hipnotiz\u00f3 al p\u00fablico que aclam\u00f3 cada tema, y los oblig\u00f3 a prorrogar su presentaci\u00f3n con el consabido grito de \u201c\u00a1otra, otra, otra!\u201d. (Director: Maestro Duv\u00e1n Blanquiceth)<\/p><p>Cuando se prensaba que hab\u00eda llegado el cl\u00edmax musical, irrumpi\u00f3 el sonido supremo de Unibac Jazz and Jam, con un repertorio que evoc\u00f3 a las grandes bandas del Missisipi, regi\u00f3n de origen del jazz, y un formidable ensamble de voces e instrumentos, con un sonido incomparable. (Directora: Maestra Liliana Atencia).<br \/>El cierre del apote\u00f3sico concierto no pudo ser m\u00e1s eclipsante, con la fastuosa Unibac Big Band y un repertorio que exigi\u00f3 los mayores recursos instrumentales de trombones, trompetas, saxofones, armon\u00edas y percusi\u00f3n, y un p\u00fablico delirante que no quer\u00eda que el concierto llegase a su final. (Directora: Maestra Silvia Cartusciello).<\/p><p>La rectora de Unibac, Sacra N\u00e1der David, ponder\u00f3 el trabajo pedag\u00f3gico del Conservatorio \u201cAdolfo Mej\u00eda\u201d, y felicit\u00f3 a docentes y estudiantes por este resultado, que es fruto de su talento y disciplina.<\/p>\t\t\t\t\t\t\t\t<\/div>\n\t\t\t\t<\/div>\n\t\t\t\t\t<\/div>\n\t\t<\/div>\n\t\t\t\t<div class=\"elementor-column elementor-col-50 elementor-top-column elementor-element elementor-element-26b99caf\" data-id=\"26b99caf\" data-element_type=\"column\" data-e-type=\"column\">\n\t\t\t<div class=\"elementor-widget-wrap elementor-element-populated\">\n\t\t\t\t\t\t<div class=\"elementor-element elementor-element-239031c2 elementor-widget elementor-widget-sidebar\" data-id=\"239031c2\" data-element_type=\"widget\" data-e-type=\"widget\" data-widget_type=\"sidebar.default\">\n\t\t\t\t<div class=\"elementor-widget-container\">\n\t\t\t\t\t\n\t\t<aside id=\"recent-posts-3\" class=\"widget clearfix widget_recent_entries\">\n\t\t<h3 class=\"widget-title\"><span>\u00daltimas Noticias<\/span><\/h3>\n\t\t<ul>\n\t\t\t\t\t\t\t\t\t\t\t<li>\n\t\t\t\t\t<a href=\"https:\/\/unibac.edu.co\/webnueva\/tesis-de-grado-doctoral-sobre-german-cespedes-director-del-conservatorio-de-musica-de-unibac-obtiene-distincion-laureada\/\">Tesis de grado doctoral sobre Germ\u00e1n C\u00e9spedes, director del Conservatorio de M\u00fasica de Unibac, obtiene distinci\u00f3n laureada<\/a>\n\t\t\t\t\t\t\t\t\t\t\t<span class=\"post-date\">24 abril, 2026<\/span>\n\t\t\t\t\t\t\t\t\t<\/li>\n\t\t\t\t\t\t\t\t\t\t\t<li>\n\t\t\t\t\t<a href=\"https:\/\/unibac.edu.co\/webnueva\/ustedes-representan-el-capital-intelectual-renovador-de-nuestra-region-sacra-nader-en-ceremonia-de-graduacion-de-98-nuevos-profesionales-de-unibac\/\">\u201cUstedes representan el capital intelectual renovador de nuestra regi\u00f3n\u201d: Sacra N\u00e1der en ceremonia de graduaci\u00f3n de 98 nuevos profesionales de Unibac<\/a>\n\t\t\t\t\t\t\t\t\t\t\t<span class=\"post-date\">22 abril, 2026<\/span>\n\t\t\t\t\t\t\t\t\t<\/li>\n\t\t\t\t\t\t\t\t\t\t\t<li>\n\t\t\t\t\t<a href=\"https:\/\/unibac.edu.co\/webnueva\/presentacion-de-novedades-editoriales-unibac\/\">Presentaci\u00f3n de Novedades Editoriales \u2013 Unibac<\/a>\n\t\t\t\t\t\t\t\t\t\t\t<span class=\"post-date\">30 marzo, 2026<\/span>\n\t\t\t\t\t\t\t\t\t<\/li>\n\t\t\t\t\t\t\t\t\t\t\t<li>\n\t\t\t\t\t<a href=\"https:\/\/unibac.edu.co\/webnueva\/estudiantes-de-diseno-industrial-unibac-finalistas-en-green-product-award-alemania-con-productos-hechos-con-flores-yuca-y-alpiste\/\">Estudiantes de Dise\u00f1o Industrial Unibac, finalistas en Green Product Award (Alemania) con productos hechos con flores, yuca y alpiste<\/a>\n\t\t\t\t\t\t\t\t\t\t\t<span class=\"post-date\">19 marzo, 2026<\/span>\n\t\t\t\t\t\t\t\t\t<\/li>\n\t\t\t\t\t\t\t\t\t\t\t<li>\n\t\t\t\t\t<a href=\"https:\/\/unibac.edu.co\/webnueva\/la-toma-2026-manantial-creativo-en-trabajos-de-grado-de-estudiantes-unibac\/\">\u201cLa Toma 2026\u201d, manantial creativo en trabajos de grado de estudiantes Unibac<\/a>\n\t\t\t\t\t\t\t\t\t\t\t<span class=\"post-date\">10 marzo, 2026<\/span>\n\t\t\t\t\t\t\t\t\t<\/li>\n\t\t\t\t\t<\/ul>\n\n\t\t<\/aside>\t\t\t\t<\/div>\n\t\t\t\t<\/div>\n\t\t\t\t\t<\/div>\n\t\t<\/div>\n\t\t\t\t\t<\/div>\n\t\t<\/section>\n\t\t\t\t<\/div>\n\t\t","protected":false},"excerpt":{"rendered":"<p>Noticias \u00a1Deslumbrante Talento Unibac! De Mompox a Cartagena, apote\u00f3sico concierto con la constelaci\u00f3n de estrellas Festijazz 2024 Cartagena de Indias, [&hellip;]<\/p>\n","protected":false},"author":1,"featured_media":0,"comment_status":"closed","ping_status":"closed","sticky":false,"template":"","format":"standard","meta":{"footnotes":""},"categories":[79],"tags":[],"class_list":["post-25676","post","type-post","status-publish","format-standard","hentry","category-noticias-unibac"],"_links":{"self":[{"href":"https:\/\/unibac.edu.co\/webnueva\/wp-json\/wp\/v2\/posts\/25676","targetHints":{"allow":["GET"]}}],"collection":[{"href":"https:\/\/unibac.edu.co\/webnueva\/wp-json\/wp\/v2\/posts"}],"about":[{"href":"https:\/\/unibac.edu.co\/webnueva\/wp-json\/wp\/v2\/types\/post"}],"author":[{"embeddable":true,"href":"https:\/\/unibac.edu.co\/webnueva\/wp-json\/wp\/v2\/users\/1"}],"replies":[{"embeddable":true,"href":"https:\/\/unibac.edu.co\/webnueva\/wp-json\/wp\/v2\/comments?post=25676"}],"version-history":[{"count":4,"href":"https:\/\/unibac.edu.co\/webnueva\/wp-json\/wp\/v2\/posts\/25676\/revisions"}],"predecessor-version":[{"id":25683,"href":"https:\/\/unibac.edu.co\/webnueva\/wp-json\/wp\/v2\/posts\/25676\/revisions\/25683"}],"wp:attachment":[{"href":"https:\/\/unibac.edu.co\/webnueva\/wp-json\/wp\/v2\/media?parent=25676"}],"wp:term":[{"taxonomy":"category","embeddable":true,"href":"https:\/\/unibac.edu.co\/webnueva\/wp-json\/wp\/v2\/categories?post=25676"},{"taxonomy":"post_tag","embeddable":true,"href":"https:\/\/unibac.edu.co\/webnueva\/wp-json\/wp\/v2\/tags?post=25676"}],"curies":[{"name":"wp","href":"https:\/\/api.w.org\/{rel}","templated":true}]}}