{"id":25626,"date":"2024-09-16T08:51:50","date_gmt":"2024-09-16T13:51:50","guid":{"rendered":"https:\/\/unibac.edu.co\/webnueva\/?p=25626"},"modified":"2024-09-17T09:02:52","modified_gmt":"2024-09-17T14:02:52","slug":"talento-unibac-el-alma-y-la-sensacion-de-festijazz-mompox-2024","status":"publish","type":"post","link":"https:\/\/unibac.edu.co\/webnueva\/talento-unibac-el-alma-y-la-sensacion-de-festijazz-mompox-2024\/","title":{"rendered":"Talento Unibac, el alma y la sensaci\u00f3n de Festijazz Mompox 2024"},"content":{"rendered":"\t\t<div data-elementor-type=\"wp-post\" data-elementor-id=\"25626\" class=\"elementor elementor-25626\" data-elementor-settings=\"{&quot;ha_cmc_init_switcher&quot;:&quot;no&quot;}\">\n\t\t\t\t\t\t<section class=\"elementor-section elementor-top-section elementor-element elementor-element-7b444d65 elementor-section-boxed elementor-section-height-default elementor-section-height-default\" data-id=\"7b444d65\" data-element_type=\"section\" data-e-type=\"section\" data-settings=\"{&quot;_ha_eqh_enable&quot;:false}\">\n\t\t\t\t\t\t<div class=\"elementor-container elementor-column-gap-default\">\n\t\t\t\t\t<div class=\"elementor-column elementor-col-50 elementor-top-column elementor-element elementor-element-2529b49e\" data-id=\"2529b49e\" data-element_type=\"column\" data-e-type=\"column\">\n\t\t\t<div class=\"elementor-widget-wrap elementor-element-populated\">\n\t\t\t\t\t\t<div class=\"elementor-element elementor-element-26089748 elementor-widget elementor-widget-image\" data-id=\"26089748\" data-element_type=\"widget\" data-e-type=\"widget\" data-widget_type=\"image.default\">\n\t\t\t\t<div class=\"elementor-widget-container\">\n\t\t\t\t\t\t\t\t\t\t\t\t\t\t\t<img fetchpriority=\"high\" decoding=\"async\" width=\"900\" height=\"506\" src=\"https:\/\/unibac.edu.co\/webnueva\/wp-content\/uploads\/2024\/09\/Unibac-Jazz-and-Jam-5-1024x576.jpeg\" class=\"attachment-large size-large wp-image-25636\" alt=\"\" \/>\t\t\t\t\t\t\t\t\t\t\t\t\t\t\t<\/div>\n\t\t\t\t<\/div>\n\t\t\t\t<div class=\"elementor-element elementor-element-2a1a8dc elementor-widget elementor-widget-gva-heading-block\" data-id=\"2a1a8dc\" data-element_type=\"widget\" data-e-type=\"widget\" data-widget_type=\"gva-heading-block.default\">\n\t\t\t\t<div class=\"elementor-widget-container\">\n\t\t\t\t\t<div class=\"gva-element-gva-heading-block gva-element\">   <div class=\"align-left style-1 widget gsc-heading\">\r\n      <div class=\"content-inner\">\r\n         \r\n                  \r\n                  \r\n                     <h2 class=\"title\">\r\n               <span>Noticias<\/span>\r\n            <\/h2>\r\n         \r\n                     <div class=\"sub-title\"><span>Talento Unibac, el alma y la sensaci\u00f3n de Festijazz Mompox 2024<\/span><\/div>\r\n          \r\n\r\n         \r\n         \r\n      <\/div>\r\n   <\/div>\r\n   <div class=\"clearfix\"><\/div>\r\n<\/div>\t\t\t\t<\/div>\n\t\t\t\t<\/div>\n\t\t\t\t<div class=\"elementor-element elementor-element-1eb75531 elementor-widget elementor-widget-text-editor\" data-id=\"1eb75531\" data-element_type=\"widget\" data-e-type=\"widget\" data-widget_type=\"text-editor.default\">\n\t\t\t\t<div class=\"elementor-widget-container\">\n\t\t\t\t\t\t\t\t\t<p><strong>Cartagena de Indias, 16 de septiembre de 2024.<\/strong><\/p><p>El Talento Unibac, con una delegaci\u00f3n de 220 artistas en tarimas, plazas y calles, fue determinante para contribuir a catalogar al Festival de Jazz de Mompox 2024 como \u201cEl mejor Festijazz de la historia\u201d, tal como lo calific\u00f3 el gobernador de Bol\u00edvar, Yamil Arana Padau\u00ed.<\/p><p>Memorable result\u00f3 la actuaci\u00f3n de \u201cUnibac Jazz and Jam\u201d en la tarima principal en el segundo concierto, que tuvo como artista principal a Carlos Vives, y donde los j\u00f3venes artistas, bajo la direcci\u00f3n de la maestra Liliana Atencia, deslumbraron con una puesta en escena excepcional.<\/p><p>Miles de visitantes y lugare\u00f1os se deleitaron durante el d\u00eda con los 12 grupos de \u201cStreet Jazz\u201d, ubicados en plazas, calles, hoteles y restaurantes.<\/p><p>Las tardes del viernes y s\u00e1bado se vieron iluminadas con el desbordante talento de Unibac Charanga Woman, Unibac Big Band, Unibac Brass, Unibac Gaita Palengua y orquesta La C\u00fapula, que sacudieron a Mompox con coloridos ritmos del Caribe.<\/p><p>Altamente emotivos resultaron los conciertos corales, tanto del coro polif\u00f3nico Zino Yonusas en la iglesia La Concepci\u00f3n, como el coro g\u00f3spel Royal Harmony en la iglesia de Santa B\u00e1rbara.<\/p><p>Tambi\u00e9n result\u00f3 muy significativo el mural en homenaje al fallecido maestro Marlon de la Pe\u00f1a, folclorista y ejecutor magistral de la flauta de millo, quien recibi\u00f3 c\u00e1lidas muestras de afectuosa recordaci\u00f3n.<\/p><p>Un colectivo de danzas folcl\u00f3ricas fue animador principal en el desfile de apertura \u201cR\u00edo de Gente\u201d, que recorri\u00f3 las principales calles de Mompox.<\/p><p>El programa de Dise\u00f1o Industrial particip\u00f3 en la Feria Cultural Expo Bol\u00edvar, con muestras de las novedosas propuestas de proyectos de grado, entre ellas unas cer\u00e1micas para que fueran los ni\u00f1os quienes les pintaran los colores.<\/p><p>Sacra N\u00e1der, rectora de Unibac, agradeci\u00f3 al p\u00fablico por sus aplausos para los grupos universitarios, s\u00ed como el apoyo del gobernador de Bol\u00edvar, Yamil Arana, para darle protagonismo a la nueva generaci\u00f3n de artistas bolivarenses.<\/p>\t\t\t\t\t\t\t\t<\/div>\n\t\t\t\t<\/div>\n\t\t\t\t\t<\/div>\n\t\t<\/div>\n\t\t\t\t<div class=\"elementor-column elementor-col-50 elementor-top-column elementor-element elementor-element-7068b2b\" data-id=\"7068b2b\" data-element_type=\"column\" data-e-type=\"column\">\n\t\t\t<div class=\"elementor-widget-wrap elementor-element-populated\">\n\t\t\t\t\t\t<div class=\"elementor-element elementor-element-564bed83 elementor-widget elementor-widget-sidebar\" data-id=\"564bed83\" data-element_type=\"widget\" data-e-type=\"widget\" data-widget_type=\"sidebar.default\">\n\t\t\t\t<div class=\"elementor-widget-container\">\n\t\t\t\t\t\n\t\t<aside id=\"recent-posts-3\" class=\"widget clearfix widget_recent_entries\">\n\t\t<h3 class=\"widget-title\"><span>\u00daltimas Noticias<\/span><\/h3>\n\t\t<ul>\n\t\t\t\t\t\t\t\t\t\t\t<li>\n\t\t\t\t\t<a href=\"https:\/\/unibac.edu.co\/webnueva\/tesis-de-grado-doctoral-sobre-german-cespedes-director-del-conservatorio-de-musica-de-unibac-obtiene-distincion-laureada\/\">Tesis de grado doctoral sobre Germ\u00e1n C\u00e9spedes, director del Conservatorio de M\u00fasica de Unibac, obtiene distinci\u00f3n laureada<\/a>\n\t\t\t\t\t\t\t\t\t\t\t<span class=\"post-date\">24 abril, 2026<\/span>\n\t\t\t\t\t\t\t\t\t<\/li>\n\t\t\t\t\t\t\t\t\t\t\t<li>\n\t\t\t\t\t<a href=\"https:\/\/unibac.edu.co\/webnueva\/ustedes-representan-el-capital-intelectual-renovador-de-nuestra-region-sacra-nader-en-ceremonia-de-graduacion-de-98-nuevos-profesionales-de-unibac\/\">\u201cUstedes representan el capital intelectual renovador de nuestra regi\u00f3n\u201d: Sacra N\u00e1der en ceremonia de graduaci\u00f3n de 98 nuevos profesionales de Unibac<\/a>\n\t\t\t\t\t\t\t\t\t\t\t<span class=\"post-date\">22 abril, 2026<\/span>\n\t\t\t\t\t\t\t\t\t<\/li>\n\t\t\t\t\t\t\t\t\t\t\t<li>\n\t\t\t\t\t<a href=\"https:\/\/unibac.edu.co\/webnueva\/presentacion-de-novedades-editoriales-unibac\/\">Presentaci\u00f3n de Novedades Editoriales \u2013 Unibac<\/a>\n\t\t\t\t\t\t\t\t\t\t\t<span class=\"post-date\">30 marzo, 2026<\/span>\n\t\t\t\t\t\t\t\t\t<\/li>\n\t\t\t\t\t\t\t\t\t\t\t<li>\n\t\t\t\t\t<a href=\"https:\/\/unibac.edu.co\/webnueva\/estudiantes-de-diseno-industrial-unibac-finalistas-en-green-product-award-alemania-con-productos-hechos-con-flores-yuca-y-alpiste\/\">Estudiantes de Dise\u00f1o Industrial Unibac, finalistas en Green Product Award (Alemania) con productos hechos con flores, yuca y alpiste<\/a>\n\t\t\t\t\t\t\t\t\t\t\t<span class=\"post-date\">19 marzo, 2026<\/span>\n\t\t\t\t\t\t\t\t\t<\/li>\n\t\t\t\t\t\t\t\t\t\t\t<li>\n\t\t\t\t\t<a href=\"https:\/\/unibac.edu.co\/webnueva\/la-toma-2026-manantial-creativo-en-trabajos-de-grado-de-estudiantes-unibac\/\">\u201cLa Toma 2026\u201d, manantial creativo en trabajos de grado de estudiantes Unibac<\/a>\n\t\t\t\t\t\t\t\t\t\t\t<span class=\"post-date\">10 marzo, 2026<\/span>\n\t\t\t\t\t\t\t\t\t<\/li>\n\t\t\t\t\t<\/ul>\n\n\t\t<\/aside>\t\t\t\t<\/div>\n\t\t\t\t<\/div>\n\t\t\t\t\t<\/div>\n\t\t<\/div>\n\t\t\t\t\t<\/div>\n\t\t<\/section>\n\t\t\t\t<\/div>\n\t\t","protected":false},"excerpt":{"rendered":"<p>Noticias Talento Unibac, el alma y la sensaci\u00f3n de Festijazz Mompox 2024 Cartagena de Indias, 16 de septiembre de 2024. [&hellip;]<\/p>\n","protected":false},"author":1,"featured_media":0,"comment_status":"closed","ping_status":"closed","sticky":false,"template":"","format":"standard","meta":{"footnotes":""},"categories":[79],"tags":[],"class_list":["post-25626","post","type-post","status-publish","format-standard","hentry","category-noticias-unibac"],"_links":{"self":[{"href":"https:\/\/unibac.edu.co\/webnueva\/wp-json\/wp\/v2\/posts\/25626","targetHints":{"allow":["GET"]}}],"collection":[{"href":"https:\/\/unibac.edu.co\/webnueva\/wp-json\/wp\/v2\/posts"}],"about":[{"href":"https:\/\/unibac.edu.co\/webnueva\/wp-json\/wp\/v2\/types\/post"}],"author":[{"embeddable":true,"href":"https:\/\/unibac.edu.co\/webnueva\/wp-json\/wp\/v2\/users\/1"}],"replies":[{"embeddable":true,"href":"https:\/\/unibac.edu.co\/webnueva\/wp-json\/wp\/v2\/comments?post=25626"}],"version-history":[{"count":7,"href":"https:\/\/unibac.edu.co\/webnueva\/wp-json\/wp\/v2\/posts\/25626\/revisions"}],"predecessor-version":[{"id":25639,"href":"https:\/\/unibac.edu.co\/webnueva\/wp-json\/wp\/v2\/posts\/25626\/revisions\/25639"}],"wp:attachment":[{"href":"https:\/\/unibac.edu.co\/webnueva\/wp-json\/wp\/v2\/media?parent=25626"}],"wp:term":[{"taxonomy":"category","embeddable":true,"href":"https:\/\/unibac.edu.co\/webnueva\/wp-json\/wp\/v2\/categories?post=25626"},{"taxonomy":"post_tag","embeddable":true,"href":"https:\/\/unibac.edu.co\/webnueva\/wp-json\/wp\/v2\/tags?post=25626"}],"curies":[{"name":"wp","href":"https:\/\/api.w.org\/{rel}","templated":true}]}}