{"id":24305,"date":"2024-07-31T14:33:40","date_gmt":"2024-07-31T19:33:40","guid":{"rendered":"https:\/\/unibac.edu.co\/webnueva\/?p=24305"},"modified":"2024-07-31T14:37:44","modified_gmt":"2024-07-31T19:37:44","slug":"historico-gobernador-arana-y-riescar-acuerdan-crear-fondo-para-la-formacion-de-30-mil-jovenes-en-educacion-superior","status":"publish","type":"post","link":"https:\/\/unibac.edu.co\/webnueva\/historico-gobernador-arana-y-riescar-acuerdan-crear-fondo-para-la-formacion-de-30-mil-jovenes-en-educacion-superior\/","title":{"rendered":"Hist\u00f3rico: Gobernador Arana y RIESCAR acuerdan crear fondo para la formaci\u00f3n de 30 mil j\u00f3venes en educaci\u00f3n superior"},"content":{"rendered":"\t\t<div data-elementor-type=\"wp-post\" data-elementor-id=\"24305\" class=\"elementor elementor-24305\" data-elementor-settings=\"{&quot;ha_cmc_init_switcher&quot;:&quot;no&quot;}\">\n\t\t\t\t\t\t<section class=\"elementor-section elementor-top-section elementor-element elementor-element-50d8d5e7 elementor-section-boxed elementor-section-height-default elementor-section-height-default\" data-id=\"50d8d5e7\" data-element_type=\"section\" data-e-type=\"section\" data-settings=\"{&quot;_ha_eqh_enable&quot;:false}\">\n\t\t\t\t\t\t<div class=\"elementor-container elementor-column-gap-default\">\n\t\t\t\t\t<div class=\"elementor-column elementor-col-50 elementor-top-column elementor-element elementor-element-2c006d6d\" data-id=\"2c006d6d\" data-element_type=\"column\" data-e-type=\"column\">\n\t\t\t<div class=\"elementor-widget-wrap elementor-element-populated\">\n\t\t\t\t\t\t<div class=\"elementor-element elementor-element-44f72e5c elementor-widget elementor-widget-image\" data-id=\"44f72e5c\" data-element_type=\"widget\" data-e-type=\"widget\" data-widget_type=\"image.default\">\n\t\t\t\t<div class=\"elementor-widget-container\">\n\t\t\t\t\t\t\t\t\t\t\t\t\t\t\t<img fetchpriority=\"high\" decoding=\"async\" width=\"900\" height=\"599\" src=\"https:\/\/unibac.edu.co\/webnueva\/wp-content\/uploads\/2024\/07\/WhatsApp-Image-2024-07-31-at-13.02.27-1024x682.jpeg\" class=\"attachment-large size-large wp-image-24308\" alt=\"\" \/>\t\t\t\t\t\t\t\t\t\t\t\t\t\t\t<\/div>\n\t\t\t\t<\/div>\n\t\t\t\t<div class=\"elementor-element elementor-element-9405d19 elementor-widget elementor-widget-gva-heading-block\" data-id=\"9405d19\" data-element_type=\"widget\" data-e-type=\"widget\" data-widget_type=\"gva-heading-block.default\">\n\t\t\t\t<div class=\"elementor-widget-container\">\n\t\t\t\t\t<div class=\"gva-element-gva-heading-block gva-element\">   <div class=\"align-left style-1 widget gsc-heading\">\r\n      <div class=\"content-inner\">\r\n         \r\n                  \r\n                  \r\n                     <h2 class=\"title\">\r\n               <span>Noticias<\/span>\r\n            <\/h2>\r\n         \r\n                     <div class=\"sub-title\"><span>Hist\u00f3rico: Gobernador Arana y RIESCAR acuerdan crear fondo para la formaci\u00f3n de 30 mil j\u00f3venes en educaci\u00f3n superior<\/span><\/div>\r\n          \r\n\r\n         \r\n         \r\n      <\/div>\r\n   <\/div>\r\n   <div class=\"clearfix\"><\/div>\r\n<\/div>\t\t\t\t<\/div>\n\t\t\t\t<\/div>\n\t\t\t\t<div class=\"elementor-element elementor-element-4accd9b6 elementor-widget elementor-widget-text-editor\" data-id=\"4accd9b6\" data-element_type=\"widget\" data-e-type=\"widget\" data-widget_type=\"text-editor.default\">\n\t\t\t\t<div class=\"elementor-widget-container\">\n\t\t\t\t\t\t\t\t\t<p><strong>Cartagena de Indias, 31 de julio de 2024.<\/strong><\/p><p>RIESCAR, la Red de Instituciones de Educaci\u00f3n Superior de Cartagena y la Gobernaci\u00f3n, trabajar\u00e1n de manera conjunta para mejorar los indicadores de competitividad en educaci\u00f3n superior y formaci\u00f3n para el trabajo.<\/p><p>Cartagena de Indias, 31 de julio de 2024. Una importante reuni\u00f3n se desarroll\u00f3 en la Casa de La Moneda, entre la Gobernaci\u00f3n de Bol\u00edvar y RIESCAR, que es la Red de Instrucci\u00f3n de Educaci\u00f3n Superior de Cartagena, en donde se le apuesta a aumentar y fortalecer el ingreso de los bachilleres a carreras universitarias en todo el departamento.<\/p><p>Este encuentro que se realiz\u00f3 teniendo en cuenta el plan de transformaci\u00f3n social al que le apuesta el gobernador de Bol\u00edvar, Yamil Arana Padau\u00ed, a trav\u00e9s de la educaci\u00f3n, fue convocado por el mandatario dentro de su visi\u00f3n de llevar la educaci\u00f3n superior a todo el territorio bolivarense.<\/p><p>\u201cFirmamos este acuerdo con el fin de realizar acciones para la contribuci\u00f3n y el fortalecimiento del desarrollo de la educaci\u00f3n superior en Bol\u00edvar. Nuestro objetivo es que con este acuerdo, hist\u00f3rico y que se firma por primera vez, podamos en los pr\u00f3ximos tres a\u00f1os formar a 30 mil j\u00f3venes en los municipios de Bol\u00edvar. Que la educaci\u00f3n llegue a lo m\u00e1s profundo del territorio\u201d, puntualiz\u00f3.<\/p><p>Al final de la reuni\u00f3n toda la mesa vot\u00f3 de manera positiva por la propuesta del mandatario de crear el Fondo de Fomento de Educaci\u00f3n Superior, una estrategia dise\u00f1ada para que participen las universidades, la Gobernaci\u00f3n y el ICETEX, esto con el objetivo de que las oportunidades de estudios lleguen a todo Bol\u00edvar. Una vez se concrete la creaci\u00f3n de este fondo se dar\u00e1n a conocer los requisitos para que los bachilleres puedan acceder a este apoyo trascendental.<\/p><p>Otra de las propuestas que dej\u00f3 clara el mandatario departamental es que las instituciones interesadas puedan hacer uso de los 15 megacolegios que al final de a\u00f1o tendr\u00e1 el departamento, ubicados estrat\u00e9gicamente en diferentes poblaciones.<\/p><p>\u201cQue se utilicen los megacolegios, que tienen la mejor de la infraestructura y dotaci\u00f3n; logramos aumentar los cupos para que nuestros j\u00f3venes se formen. Hay que destacar que la educaci\u00f3n superior ser\u00e1 un pilar en la vida de los estudiantes\u201d, se\u00f1al\u00f3 el mandatario.<\/p><p>Dentro de ese di\u00e1logo sostenido con RIESCAR, que agrupa a las 17 instituciones de educaci\u00f3n superior que operan en Cartagena y Bol\u00edvar, se analizaron aspectos como cobertura bruta en formaci\u00f3n universitaria, ampliaci\u00f3n de ofertas acad\u00e9micas y la implementaci\u00f3n de alianzas estrat\u00e9gicas p\u00fablico privadas, estrategias de articulaci\u00f3n entre educaci\u00f3n media y superior, movilizaci\u00f3n de oferta y demanda.<br \/>Promover acciones orientadas a fomentar la permanencia de los estudiantes.<\/p><p>Este encuentro fue liderado por la directora de Competitividad de la Gobernaci\u00f3n de Bol\u00edvar, Roxana L\u00f3pez, quien manifest\u00f3 que desde ya quedaron se\u00f1aladas las directrices para pr\u00f3ximos encuentros con el fin de avanzar y concretar las estrategias para el beneficio de los estudiantes del departamento.<\/p>\t\t\t\t\t\t\t\t<\/div>\n\t\t\t\t<\/div>\n\t\t\t\t\t<\/div>\n\t\t<\/div>\n\t\t\t\t<div class=\"elementor-column elementor-col-50 elementor-top-column elementor-element elementor-element-40d89693\" data-id=\"40d89693\" data-element_type=\"column\" data-e-type=\"column\">\n\t\t\t<div class=\"elementor-widget-wrap elementor-element-populated\">\n\t\t\t\t\t\t<div class=\"elementor-element elementor-element-3c09e2c1 elementor-widget elementor-widget-sidebar\" data-id=\"3c09e2c1\" data-element_type=\"widget\" data-e-type=\"widget\" data-widget_type=\"sidebar.default\">\n\t\t\t\t<div class=\"elementor-widget-container\">\n\t\t\t\t\t\n\t\t<aside id=\"recent-posts-3\" class=\"widget clearfix widget_recent_entries\">\n\t\t<h3 class=\"widget-title\"><span>\u00daltimas Noticias<\/span><\/h3>\n\t\t<ul>\n\t\t\t\t\t\t\t\t\t\t\t<li>\n\t\t\t\t\t<a href=\"https:\/\/unibac.edu.co\/webnueva\/tesis-de-grado-doctoral-sobre-german-cespedes-director-del-conservatorio-de-musica-de-unibac-obtiene-distincion-laureada\/\">Tesis de grado doctoral sobre Germ\u00e1n C\u00e9spedes, director del Conservatorio de M\u00fasica de Unibac, obtiene distinci\u00f3n laureada<\/a>\n\t\t\t\t\t\t\t\t\t\t\t<span class=\"post-date\">24 abril, 2026<\/span>\n\t\t\t\t\t\t\t\t\t<\/li>\n\t\t\t\t\t\t\t\t\t\t\t<li>\n\t\t\t\t\t<a href=\"https:\/\/unibac.edu.co\/webnueva\/ustedes-representan-el-capital-intelectual-renovador-de-nuestra-region-sacra-nader-en-ceremonia-de-graduacion-de-98-nuevos-profesionales-de-unibac\/\">\u201cUstedes representan el capital intelectual renovador de nuestra regi\u00f3n\u201d: Sacra N\u00e1der en ceremonia de graduaci\u00f3n de 98 nuevos profesionales de Unibac<\/a>\n\t\t\t\t\t\t\t\t\t\t\t<span class=\"post-date\">22 abril, 2026<\/span>\n\t\t\t\t\t\t\t\t\t<\/li>\n\t\t\t\t\t\t\t\t\t\t\t<li>\n\t\t\t\t\t<a href=\"https:\/\/unibac.edu.co\/webnueva\/presentacion-de-novedades-editoriales-unibac\/\">Presentaci\u00f3n de Novedades Editoriales \u2013 Unibac<\/a>\n\t\t\t\t\t\t\t\t\t\t\t<span class=\"post-date\">30 marzo, 2026<\/span>\n\t\t\t\t\t\t\t\t\t<\/li>\n\t\t\t\t\t\t\t\t\t\t\t<li>\n\t\t\t\t\t<a href=\"https:\/\/unibac.edu.co\/webnueva\/estudiantes-de-diseno-industrial-unibac-finalistas-en-green-product-award-alemania-con-productos-hechos-con-flores-yuca-y-alpiste\/\">Estudiantes de Dise\u00f1o Industrial Unibac, finalistas en Green Product Award (Alemania) con productos hechos con flores, yuca y alpiste<\/a>\n\t\t\t\t\t\t\t\t\t\t\t<span class=\"post-date\">19 marzo, 2026<\/span>\n\t\t\t\t\t\t\t\t\t<\/li>\n\t\t\t\t\t\t\t\t\t\t\t<li>\n\t\t\t\t\t<a href=\"https:\/\/unibac.edu.co\/webnueva\/la-toma-2026-manantial-creativo-en-trabajos-de-grado-de-estudiantes-unibac\/\">\u201cLa Toma 2026\u201d, manantial creativo en trabajos de grado de estudiantes Unibac<\/a>\n\t\t\t\t\t\t\t\t\t\t\t<span class=\"post-date\">10 marzo, 2026<\/span>\n\t\t\t\t\t\t\t\t\t<\/li>\n\t\t\t\t\t<\/ul>\n\n\t\t<\/aside>\t\t\t\t<\/div>\n\t\t\t\t<\/div>\n\t\t\t\t\t<\/div>\n\t\t<\/div>\n\t\t\t\t\t<\/div>\n\t\t<\/section>\n\t\t\t\t<\/div>\n\t\t","protected":false},"excerpt":{"rendered":"<p>Noticias Hist\u00f3rico: Gobernador Arana y RIESCAR acuerdan crear fondo para la formaci\u00f3n de 30 mil j\u00f3venes en educaci\u00f3n superior Cartagena [&hellip;]<\/p>\n","protected":false},"author":1,"featured_media":0,"comment_status":"closed","ping_status":"closed","sticky":false,"template":"","format":"standard","meta":{"footnotes":""},"categories":[79],"tags":[],"class_list":["post-24305","post","type-post","status-publish","format-standard","hentry","category-noticias-unibac"],"_links":{"self":[{"href":"https:\/\/unibac.edu.co\/webnueva\/wp-json\/wp\/v2\/posts\/24305","targetHints":{"allow":["GET"]}}],"collection":[{"href":"https:\/\/unibac.edu.co\/webnueva\/wp-json\/wp\/v2\/posts"}],"about":[{"href":"https:\/\/unibac.edu.co\/webnueva\/wp-json\/wp\/v2\/types\/post"}],"author":[{"embeddable":true,"href":"https:\/\/unibac.edu.co\/webnueva\/wp-json\/wp\/v2\/users\/1"}],"replies":[{"embeddable":true,"href":"https:\/\/unibac.edu.co\/webnueva\/wp-json\/wp\/v2\/comments?post=24305"}],"version-history":[{"count":4,"href":"https:\/\/unibac.edu.co\/webnueva\/wp-json\/wp\/v2\/posts\/24305\/revisions"}],"predecessor-version":[{"id":24311,"href":"https:\/\/unibac.edu.co\/webnueva\/wp-json\/wp\/v2\/posts\/24305\/revisions\/24311"}],"wp:attachment":[{"href":"https:\/\/unibac.edu.co\/webnueva\/wp-json\/wp\/v2\/media?parent=24305"}],"wp:term":[{"taxonomy":"category","embeddable":true,"href":"https:\/\/unibac.edu.co\/webnueva\/wp-json\/wp\/v2\/categories?post=24305"},{"taxonomy":"post_tag","embeddable":true,"href":"https:\/\/unibac.edu.co\/webnueva\/wp-json\/wp\/v2\/tags?post=24305"}],"curies":[{"name":"wp","href":"https:\/\/api.w.org\/{rel}","templated":true}]}}