{"id":23520,"date":"2024-03-20T22:59:44","date_gmt":"2024-03-21T03:59:44","guid":{"rendered":"https:\/\/unibac.edu.co\/webnueva\/?p=23520"},"modified":"2024-03-20T23:03:23","modified_gmt":"2024-03-21T04:03:23","slug":"orquesta-sinfonica-de-bolivar-de-unibac-cuarteto-adolfo-mejia-y-cuarteto-canadiense-despax-ofrecen-concierto-en-festival-concuerda","status":"publish","type":"post","link":"https:\/\/unibac.edu.co\/webnueva\/orquesta-sinfonica-de-bolivar-de-unibac-cuarteto-adolfo-mejia-y-cuarteto-canadiense-despax-ofrecen-concierto-en-festival-concuerda\/","title":{"rendered":"Orquesta Sinf\u00f3nica de Bol\u00edvar de Unibac, cuarteto \u201cAdolfo Mej\u00eda\u201d, y cuarteto canadiense \u201cDespax\u201d ofrecen concierto en Festival ConCuerda"},"content":{"rendered":"\t\t<div data-elementor-type=\"wp-post\" data-elementor-id=\"23520\" class=\"elementor elementor-23520\" data-elementor-settings=\"{&quot;ha_cmc_init_switcher&quot;:&quot;no&quot;}\">\n\t\t\t\t\t\t<section class=\"elementor-section elementor-top-section elementor-element elementor-element-52d77fd8 elementor-section-boxed elementor-section-height-default elementor-section-height-default\" data-id=\"52d77fd8\" data-element_type=\"section\" data-e-type=\"section\" data-settings=\"{&quot;_ha_eqh_enable&quot;:false}\">\n\t\t\t\t\t\t<div class=\"elementor-container elementor-column-gap-default\">\n\t\t\t\t\t<div class=\"elementor-column elementor-col-50 elementor-top-column elementor-element elementor-element-643f50c9\" data-id=\"643f50c9\" data-element_type=\"column\" data-e-type=\"column\">\n\t\t\t<div class=\"elementor-widget-wrap elementor-element-populated\">\n\t\t\t\t\t\t<div class=\"elementor-element elementor-element-6ae06c2 elementor-widget elementor-widget-image\" data-id=\"6ae06c2\" data-element_type=\"widget\" data-e-type=\"widget\" data-widget_type=\"image.default\">\n\t\t\t\t<div class=\"elementor-widget-container\">\n\t\t\t\t\t\t\t\t\t\t\t\t\t\t\t<img fetchpriority=\"high\" decoding=\"async\" width=\"900\" height=\"506\" src=\"https:\/\/unibac.edu.co\/webnueva\/wp-content\/uploads\/2024\/03\/OSB-1-1024x576.jpg\" class=\"attachment-large size-large wp-image-23526\" alt=\"Orquesta Sinf\u00f3nica de Bol\u00edvar de Unibac, cuarteto \u201cAdolfo Mej\u00eda\u201d, y cuarteto canadiense \u201cDespax\u201d ofrecen concierto en Festival ConCuerda\" \/>\t\t\t\t\t\t\t\t\t\t\t\t\t\t\t<\/div>\n\t\t\t\t<\/div>\n\t\t\t\t<div class=\"elementor-element elementor-element-1ff46d6b elementor-widget elementor-widget-gva-heading-block\" data-id=\"1ff46d6b\" data-element_type=\"widget\" data-e-type=\"widget\" data-widget_type=\"gva-heading-block.default\">\n\t\t\t\t<div class=\"elementor-widget-container\">\n\t\t\t\t\t<div class=\"gva-element-gva-heading-block gva-element\">   <div class=\"align-left style-1 widget gsc-heading\">\r\n      <div class=\"content-inner\">\r\n         \r\n                  \r\n                  \r\n                     <h2 class=\"title\">\r\n               <span>Noticias<\/span>\r\n            <\/h2>\r\n         \r\n                     <div class=\"sub-title\"><span>Orquesta Sinf\u00f3nica de Bol\u00edvar de Unibac, cuarteto \u201cAdolfo Mej\u00eda\u201d, y cuarteto canadiense \u201cDespax\u201d ofrecen concierto en Festival ConCuerda<\/span><\/div>\r\n          \r\n\r\n         \r\n         \r\n      <\/div>\r\n   <\/div>\r\n   <div class=\"clearfix\"><\/div>\r\n<\/div>\t\t\t\t<\/div>\n\t\t\t\t<\/div>\n\t\t\t\t<div class=\"elementor-element elementor-element-3d7960cc elementor-widget elementor-widget-text-editor\" data-id=\"3d7960cc\" data-element_type=\"widget\" data-e-type=\"widget\" data-widget_type=\"text-editor.default\">\n\t\t\t\t<div class=\"elementor-widget-container\">\n\t\t\t\t\t\t\t\t\t<p><strong>Cartagena de Indias, 20 de marzo de 2024.<\/strong><\/p><p>La Orquesta Sinf\u00f3nica de Bol\u00edvar de Unibac ofrece este jueves el concierto de clausura del Festival ConCuerda, en el que se presentar\u00e1 el cuarteto de cuerdas \u201cAdolfo Mej\u00eda\u201d de Unibac y el cuarteto \u201cDespax\u201d de Canad\u00e1.<\/p><p>El concierto, previsto para las 5 de la tarde en el sal\u00f3n Pierre Daguet de Unibac, tendr\u00e1 este repertorio:<\/p><ul><li>Dmitri Shostakovich &#8211; Preludio y Scherzo Op 11 para octeto de cuerdas.<\/li><li>James Schutmaat &#8211; Suite vallenata para orquesta de cuerdas.<\/li><li>Adolfo Mej\u00eda Navarro &#8211; Poema sinf\u00f3nico \u201c\u00cdntima\u201d.<\/li><\/ul><p>La Orquesta Sinf\u00f3nica de Bol\u00edvar de Unibac tiene dos d\u00e9cadas de funcionamiento continuo bajo la rector\u00eda de Sacra N\u00e1der David, y actualmente tiene la direcci\u00f3n del maestro Germ\u00e1n C\u00e9spedes.<\/p><p>El Festival ConCuerda avanza en su sexta versi\u00f3n en Cartagena de Indias, gracias a la alianza de la fundaci\u00f3n Concuerda de Canad\u00e1, la Universidad de Cartagena y la Instituci\u00f3n Universitaria Bellas Artes y Ciencias de Bol\u00edvar<\/p><p>La agenda acad\u00e9mica del Festival Concuerda ha sido coordinada por Unibac a trav\u00e9s de su Conservatorio de M\u00fasica Adolfo Mej\u00eda y el programa de Comunicaci\u00f3n Audiovisual.<\/p>\t\t\t\t\t\t\t\t<\/div>\n\t\t\t\t<\/div>\n\t\t\t\t\t<\/div>\n\t\t<\/div>\n\t\t\t\t<div class=\"elementor-column elementor-col-50 elementor-top-column elementor-element elementor-element-45690abf\" data-id=\"45690abf\" data-element_type=\"column\" data-e-type=\"column\">\n\t\t\t<div class=\"elementor-widget-wrap elementor-element-populated\">\n\t\t\t\t\t\t<div class=\"elementor-element elementor-element-150533f elementor-widget elementor-widget-sidebar\" data-id=\"150533f\" data-element_type=\"widget\" data-e-type=\"widget\" data-widget_type=\"sidebar.default\">\n\t\t\t\t<div class=\"elementor-widget-container\">\n\t\t\t\t\t\n\t\t<aside id=\"recent-posts-3\" class=\"widget clearfix widget_recent_entries\">\n\t\t<h3 class=\"widget-title\"><span>\u00daltimas Noticias<\/span><\/h3>\n\t\t<ul>\n\t\t\t\t\t\t\t\t\t\t\t<li>\n\t\t\t\t\t<a href=\"https:\/\/unibac.edu.co\/webnueva\/tesis-de-grado-doctoral-sobre-german-cespedes-director-del-conservatorio-de-musica-de-unibac-obtiene-distincion-laureada\/\">Tesis de grado doctoral sobre Germ\u00e1n C\u00e9spedes, director del Conservatorio de M\u00fasica de Unibac, obtiene distinci\u00f3n laureada<\/a>\n\t\t\t\t\t\t\t\t\t\t\t<span class=\"post-date\">24 abril, 2026<\/span>\n\t\t\t\t\t\t\t\t\t<\/li>\n\t\t\t\t\t\t\t\t\t\t\t<li>\n\t\t\t\t\t<a href=\"https:\/\/unibac.edu.co\/webnueva\/ustedes-representan-el-capital-intelectual-renovador-de-nuestra-region-sacra-nader-en-ceremonia-de-graduacion-de-98-nuevos-profesionales-de-unibac\/\">\u201cUstedes representan el capital intelectual renovador de nuestra regi\u00f3n\u201d: Sacra N\u00e1der en ceremonia de graduaci\u00f3n de 98 nuevos profesionales de Unibac<\/a>\n\t\t\t\t\t\t\t\t\t\t\t<span class=\"post-date\">22 abril, 2026<\/span>\n\t\t\t\t\t\t\t\t\t<\/li>\n\t\t\t\t\t\t\t\t\t\t\t<li>\n\t\t\t\t\t<a href=\"https:\/\/unibac.edu.co\/webnueva\/presentacion-de-novedades-editoriales-unibac\/\">Presentaci\u00f3n de Novedades Editoriales \u2013 Unibac<\/a>\n\t\t\t\t\t\t\t\t\t\t\t<span class=\"post-date\">30 marzo, 2026<\/span>\n\t\t\t\t\t\t\t\t\t<\/li>\n\t\t\t\t\t\t\t\t\t\t\t<li>\n\t\t\t\t\t<a href=\"https:\/\/unibac.edu.co\/webnueva\/estudiantes-de-diseno-industrial-unibac-finalistas-en-green-product-award-alemania-con-productos-hechos-con-flores-yuca-y-alpiste\/\">Estudiantes de Dise\u00f1o Industrial Unibac, finalistas en Green Product Award (Alemania) con productos hechos con flores, yuca y alpiste<\/a>\n\t\t\t\t\t\t\t\t\t\t\t<span class=\"post-date\">19 marzo, 2026<\/span>\n\t\t\t\t\t\t\t\t\t<\/li>\n\t\t\t\t\t\t\t\t\t\t\t<li>\n\t\t\t\t\t<a href=\"https:\/\/unibac.edu.co\/webnueva\/la-toma-2026-manantial-creativo-en-trabajos-de-grado-de-estudiantes-unibac\/\">\u201cLa Toma 2026\u201d, manantial creativo en trabajos de grado de estudiantes Unibac<\/a>\n\t\t\t\t\t\t\t\t\t\t\t<span class=\"post-date\">10 marzo, 2026<\/span>\n\t\t\t\t\t\t\t\t\t<\/li>\n\t\t\t\t\t<\/ul>\n\n\t\t<\/aside>\t\t\t\t<\/div>\n\t\t\t\t<\/div>\n\t\t\t\t\t<\/div>\n\t\t<\/div>\n\t\t\t\t\t<\/div>\n\t\t<\/section>\n\t\t\t\t<\/div>\n\t\t","protected":false},"excerpt":{"rendered":"<p>Noticias Orquesta Sinf\u00f3nica de Bol\u00edvar de Unibac, cuarteto \u201cAdolfo Mej\u00eda\u201d, y cuarteto canadiense \u201cDespax\u201d ofrecen concierto en Festival ConCuerda Cartagena [&hellip;]<\/p>\n","protected":false},"author":1,"featured_media":0,"comment_status":"closed","ping_status":"closed","sticky":false,"template":"","format":"standard","meta":{"footnotes":""},"categories":[79],"tags":[],"class_list":["post-23520","post","type-post","status-publish","format-standard","hentry","category-noticias-unibac"],"_links":{"self":[{"href":"https:\/\/unibac.edu.co\/webnueva\/wp-json\/wp\/v2\/posts\/23520","targetHints":{"allow":["GET"]}}],"collection":[{"href":"https:\/\/unibac.edu.co\/webnueva\/wp-json\/wp\/v2\/posts"}],"about":[{"href":"https:\/\/unibac.edu.co\/webnueva\/wp-json\/wp\/v2\/types\/post"}],"author":[{"embeddable":true,"href":"https:\/\/unibac.edu.co\/webnueva\/wp-json\/wp\/v2\/users\/1"}],"replies":[{"embeddable":true,"href":"https:\/\/unibac.edu.co\/webnueva\/wp-json\/wp\/v2\/comments?post=23520"}],"version-history":[{"count":4,"href":"https:\/\/unibac.edu.co\/webnueva\/wp-json\/wp\/v2\/posts\/23520\/revisions"}],"predecessor-version":[{"id":23529,"href":"https:\/\/unibac.edu.co\/webnueva\/wp-json\/wp\/v2\/posts\/23520\/revisions\/23529"}],"wp:attachment":[{"href":"https:\/\/unibac.edu.co\/webnueva\/wp-json\/wp\/v2\/media?parent=23520"}],"wp:term":[{"taxonomy":"category","embeddable":true,"href":"https:\/\/unibac.edu.co\/webnueva\/wp-json\/wp\/v2\/categories?post=23520"},{"taxonomy":"post_tag","embeddable":true,"href":"https:\/\/unibac.edu.co\/webnueva\/wp-json\/wp\/v2\/tags?post=23520"}],"curies":[{"name":"wp","href":"https:\/\/api.w.org\/{rel}","templated":true}]}}