{"id":23484,"date":"2024-03-13T12:39:25","date_gmt":"2024-03-13T17:39:25","guid":{"rendered":"https:\/\/unibac.edu.co\/webnueva\/?p=23484"},"modified":"2024-03-15T13:21:27","modified_gmt":"2024-03-15T18:21:27","slug":"manantial-estetico-en-la-muestra-de-trabajos-de-grado-de-artes-plasticas-en-la-toma-de-unibac","status":"publish","type":"post","link":"https:\/\/unibac.edu.co\/webnueva\/manantial-estetico-en-la-muestra-de-trabajos-de-grado-de-artes-plasticas-en-la-toma-de-unibac\/","title":{"rendered":"Manantial est\u00e9tico en la muestra de trabajos de grado de Artes Pl\u00e1sticas en \u201cLa Toma\u201d de Unibac"},"content":{"rendered":"\t\t<div data-elementor-type=\"wp-post\" data-elementor-id=\"23484\" class=\"elementor elementor-23484\" data-elementor-settings=\"{&quot;ha_cmc_init_switcher&quot;:&quot;no&quot;}\">\n\t\t\t\t\t\t<section class=\"elementor-section elementor-top-section elementor-element elementor-element-5b72a778 elementor-section-boxed elementor-section-height-default elementor-section-height-default\" data-id=\"5b72a778\" data-element_type=\"section\" data-e-type=\"section\" data-settings=\"{&quot;_ha_eqh_enable&quot;:false}\">\n\t\t\t\t\t\t<div class=\"elementor-container elementor-column-gap-default\">\n\t\t\t\t\t<div class=\"elementor-column elementor-col-50 elementor-top-column elementor-element elementor-element-38b05678\" data-id=\"38b05678\" data-element_type=\"column\" data-e-type=\"column\">\n\t\t\t<div class=\"elementor-widget-wrap elementor-element-populated\">\n\t\t\t\t\t\t<div class=\"elementor-element elementor-element-2d0e4425 elementor-widget elementor-widget-image\" data-id=\"2d0e4425\" data-element_type=\"widget\" data-e-type=\"widget\" data-widget_type=\"image.default\">\n\t\t\t\t<div class=\"elementor-widget-container\">\n\t\t\t\t\t\t\t\t\t\t\t\t\t\t\t<img fetchpriority=\"high\" decoding=\"async\" width=\"900\" height=\"600\" src=\"https:\/\/unibac.edu.co\/webnueva\/wp-content\/uploads\/2024\/03\/La-Toma-Artes-Plasticas-1024x683.jpg\" class=\"attachment-large size-large wp-image-23487\" alt=\"\" \/>\t\t\t\t\t\t\t\t\t\t\t\t\t\t\t<\/div>\n\t\t\t\t<\/div>\n\t\t\t\t<div class=\"elementor-element elementor-element-4f752ed4 elementor-widget elementor-widget-gva-heading-block\" data-id=\"4f752ed4\" data-element_type=\"widget\" data-e-type=\"widget\" data-widget_type=\"gva-heading-block.default\">\n\t\t\t\t<div class=\"elementor-widget-container\">\n\t\t\t\t\t<div class=\"gva-element-gva-heading-block gva-element\">   <div class=\"align-left style-1 widget gsc-heading\">\r\n      <div class=\"content-inner\">\r\n         \r\n                  \r\n                  \r\n                     <h2 class=\"title\">\r\n               <span>Noticias<\/span>\r\n            <\/h2>\r\n         \r\n                     <div class=\"sub-title\"><span>Manantial est\u00e9tico en la muestra de trabajos de grado de Artes Pl\u00e1sticas en \u201cLa Toma\u201d de Unibac<\/span><\/div>\r\n          \r\n\r\n         \r\n         \r\n      <\/div>\r\n   <\/div>\r\n   <div class=\"clearfix\"><\/div>\r\n<\/div>\t\t\t\t<\/div>\n\t\t\t\t<\/div>\n\t\t\t\t<div class=\"elementor-element elementor-element-4a6cef22 elementor-widget elementor-widget-text-editor\" data-id=\"4a6cef22\" data-element_type=\"widget\" data-e-type=\"widget\" data-widget_type=\"text-editor.default\">\n\t\t\t\t<div class=\"elementor-widget-container\">\n\t\t\t\t\t\t\t\t\t<p><strong>Cartagena de Indias, 13 de marzo de 2024.<\/strong><\/p><p>Un manantial de creatividad est\u00e9tica distingue a la muestra que los estudiantes de Artes Pl\u00e1sticas de Unibac compartir\u00e1n en \u201cLa Toma\u201d, del 13 al 15 de marzo de 2024.<\/p><p>Se trata de trabajos de grado con obras visuales resultado de un proceso de investigaci\u00f3n la mayor\u00eda basadas en experiencias y vivencias propias en las modalidades de Memoria Art\u00edstica y Proyectos de Investigaci\u00f3n.<\/p><p>Los trabajos abordan diferentes t\u00e9cnicas tradicionales y contempor\u00e1neas como pintura, dibujo, escultura, pintura expandida, instalaciones, video juego, fotograf\u00eda, y video.<\/p><p>La Toma es un espacio acad\u00e9mico organizado por la Instituci\u00f3n Universitaria Bellas Artes y Ciencias de Bol\u00edvar (Unibac), donde los estudiantes de \u00faltimo semestre de las diferentes carreras profesionales socializan los trabajos de grado con los que optar\u00e1n por sus t\u00edtulos profesionales.<\/p><p>En La Toma se escuchar\u00e1n sonidos alternativos del programa de M\u00fasica, propuestas vanguardistas en Dise\u00f1o Gr\u00e1fico y Dise\u00f1o Industrial, apuestas innovadoras en Comunicaci\u00f3n Audiovisual, e inspiradoras creaciones en Artes Esc\u00e9nicas y Artes Pl\u00e1sticas.<\/p><p>Las obras del programa de Artes Pl\u00e1sticas de Unibac que se podr\u00e1n apreciar son:<\/p><p>En galer\u00eda San L\u00e1zaro (13 marzo): Perennes, cartograf\u00edas vegetales, de H\u00e9ctor Augusto Mora Lombana.<\/p><ul><li>En Museo de Arte Moderno (14 marzo): Reiteraciones, de Mauricio Andr\u00e9s Uribe Mart\u00ednez; \u00cdntimo, de Julieth del Valle Rivero Meza;<\/li><li>En Museo San Pedro Claver (15 marzo): Insomnio Metam\u00f3rfico: Explorando Soma y Psychi, de Javier Morelos; Convergencias, de Mary Isabel Rivera Olivares; Ofrendas, Giseth Berm\u00fadez G\u00f3mez; Urdimbre de Cuerpos, de Shirlys Paola Uribe Rivera<\/li><li>En teatro Adolfo Mej\u00eda (15 marzo): \u201cEnga\u00f1o a Cuadros: Una mirada de la pedofilia en el mundo digital\u201d, de Jes\u00fas David Michel Guardo, y Cruces del Deambular, de Natalia Andrea Garc\u00eda Salguedo.<\/li><\/ul><p>Todas las actividades est\u00e1n programadas a las 4 de la tarde.<\/p>\t\t\t\t\t\t\t\t<\/div>\n\t\t\t\t<\/div>\n\t\t\t\t\t<\/div>\n\t\t<\/div>\n\t\t\t\t<div class=\"elementor-column elementor-col-50 elementor-top-column elementor-element elementor-element-6c33c6fa\" data-id=\"6c33c6fa\" data-element_type=\"column\" data-e-type=\"column\">\n\t\t\t<div class=\"elementor-widget-wrap elementor-element-populated\">\n\t\t\t\t\t\t<div class=\"elementor-element elementor-element-4e6a722e elementor-widget elementor-widget-sidebar\" data-id=\"4e6a722e\" data-element_type=\"widget\" data-e-type=\"widget\" data-widget_type=\"sidebar.default\">\n\t\t\t\t<div class=\"elementor-widget-container\">\n\t\t\t\t\t\n\t\t<aside id=\"recent-posts-3\" class=\"widget clearfix widget_recent_entries\">\n\t\t<h3 class=\"widget-title\"><span>\u00daltimas Noticias<\/span><\/h3>\n\t\t<ul>\n\t\t\t\t\t\t\t\t\t\t\t<li>\n\t\t\t\t\t<a href=\"https:\/\/unibac.edu.co\/webnueva\/tesis-de-grado-doctoral-sobre-german-cespedes-director-del-conservatorio-de-musica-de-unibac-obtiene-distincion-laureada\/\">Tesis de grado doctoral sobre Germ\u00e1n C\u00e9spedes, director del Conservatorio de M\u00fasica de Unibac, obtiene distinci\u00f3n laureada<\/a>\n\t\t\t\t\t\t\t\t\t\t\t<span class=\"post-date\">24 abril, 2026<\/span>\n\t\t\t\t\t\t\t\t\t<\/li>\n\t\t\t\t\t\t\t\t\t\t\t<li>\n\t\t\t\t\t<a href=\"https:\/\/unibac.edu.co\/webnueva\/ustedes-representan-el-capital-intelectual-renovador-de-nuestra-region-sacra-nader-en-ceremonia-de-graduacion-de-98-nuevos-profesionales-de-unibac\/\">\u201cUstedes representan el capital intelectual renovador de nuestra regi\u00f3n\u201d: Sacra N\u00e1der en ceremonia de graduaci\u00f3n de 98 nuevos profesionales de Unibac<\/a>\n\t\t\t\t\t\t\t\t\t\t\t<span class=\"post-date\">22 abril, 2026<\/span>\n\t\t\t\t\t\t\t\t\t<\/li>\n\t\t\t\t\t\t\t\t\t\t\t<li>\n\t\t\t\t\t<a href=\"https:\/\/unibac.edu.co\/webnueva\/presentacion-de-novedades-editoriales-unibac\/\">Presentaci\u00f3n de Novedades Editoriales \u2013 Unibac<\/a>\n\t\t\t\t\t\t\t\t\t\t\t<span class=\"post-date\">30 marzo, 2026<\/span>\n\t\t\t\t\t\t\t\t\t<\/li>\n\t\t\t\t\t\t\t\t\t\t\t<li>\n\t\t\t\t\t<a href=\"https:\/\/unibac.edu.co\/webnueva\/estudiantes-de-diseno-industrial-unibac-finalistas-en-green-product-award-alemania-con-productos-hechos-con-flores-yuca-y-alpiste\/\">Estudiantes de Dise\u00f1o Industrial Unibac, finalistas en Green Product Award (Alemania) con productos hechos con flores, yuca y alpiste<\/a>\n\t\t\t\t\t\t\t\t\t\t\t<span class=\"post-date\">19 marzo, 2026<\/span>\n\t\t\t\t\t\t\t\t\t<\/li>\n\t\t\t\t\t\t\t\t\t\t\t<li>\n\t\t\t\t\t<a href=\"https:\/\/unibac.edu.co\/webnueva\/la-toma-2026-manantial-creativo-en-trabajos-de-grado-de-estudiantes-unibac\/\">\u201cLa Toma 2026\u201d, manantial creativo en trabajos de grado de estudiantes Unibac<\/a>\n\t\t\t\t\t\t\t\t\t\t\t<span class=\"post-date\">10 marzo, 2026<\/span>\n\t\t\t\t\t\t\t\t\t<\/li>\n\t\t\t\t\t<\/ul>\n\n\t\t<\/aside>\t\t\t\t<\/div>\n\t\t\t\t<\/div>\n\t\t\t\t\t<\/div>\n\t\t<\/div>\n\t\t\t\t\t<\/div>\n\t\t<\/section>\n\t\t\t\t<\/div>\n\t\t","protected":false},"excerpt":{"rendered":"<p>Noticias Manantial est\u00e9tico en la muestra de trabajos de grado de Artes Pl\u00e1sticas en \u201cLa Toma\u201d de Unibac Cartagena de [&hellip;]<\/p>\n","protected":false},"author":1,"featured_media":0,"comment_status":"closed","ping_status":"closed","sticky":false,"template":"","format":"standard","meta":{"footnotes":""},"categories":[79],"tags":[],"class_list":["post-23484","post","type-post","status-publish","format-standard","hentry","category-noticias-unibac"],"_links":{"self":[{"href":"https:\/\/unibac.edu.co\/webnueva\/wp-json\/wp\/v2\/posts\/23484","targetHints":{"allow":["GET"]}}],"collection":[{"href":"https:\/\/unibac.edu.co\/webnueva\/wp-json\/wp\/v2\/posts"}],"about":[{"href":"https:\/\/unibac.edu.co\/webnueva\/wp-json\/wp\/v2\/types\/post"}],"author":[{"embeddable":true,"href":"https:\/\/unibac.edu.co\/webnueva\/wp-json\/wp\/v2\/users\/1"}],"replies":[{"embeddable":true,"href":"https:\/\/unibac.edu.co\/webnueva\/wp-json\/wp\/v2\/comments?post=23484"}],"version-history":[{"count":4,"href":"https:\/\/unibac.edu.co\/webnueva\/wp-json\/wp\/v2\/posts\/23484\/revisions"}],"predecessor-version":[{"id":23490,"href":"https:\/\/unibac.edu.co\/webnueva\/wp-json\/wp\/v2\/posts\/23484\/revisions\/23490"}],"wp:attachment":[{"href":"https:\/\/unibac.edu.co\/webnueva\/wp-json\/wp\/v2\/media?parent=23484"}],"wp:term":[{"taxonomy":"category","embeddable":true,"href":"https:\/\/unibac.edu.co\/webnueva\/wp-json\/wp\/v2\/categories?post=23484"},{"taxonomy":"post_tag","embeddable":true,"href":"https:\/\/unibac.edu.co\/webnueva\/wp-json\/wp\/v2\/tags?post=23484"}],"curies":[{"name":"wp","href":"https:\/\/api.w.org\/{rel}","templated":true}]}}