{"id":22595,"date":"2023-11-14T10:07:00","date_gmt":"2023-11-14T15:07:00","guid":{"rendered":"https:\/\/unibac.edu.co\/webnueva\/?p=22595"},"modified":"2023-11-14T22:09:56","modified_gmt":"2023-11-15T03:09:56","slug":"inicia-festival-de-las-artes-unibac-2023-caribe-arabe-voragine-de-creatividad-y-talento","status":"publish","type":"post","link":"https:\/\/unibac.edu.co\/webnueva\/inicia-festival-de-las-artes-unibac-2023-caribe-arabe-voragine-de-creatividad-y-talento\/","title":{"rendered":"Inicia Festival de las Artes Unibac 2023 \u201cCaribe \u00c1rabe\u201d, vor\u00e1gine de creatividad y talento"},"content":{"rendered":"\t\t<div data-elementor-type=\"wp-post\" data-elementor-id=\"22595\" class=\"elementor elementor-22595\" data-elementor-settings=\"{&quot;ha_cmc_init_switcher&quot;:&quot;no&quot;}\">\n\t\t\t\t\t\t<section class=\"elementor-section elementor-top-section elementor-element elementor-element-7736144f elementor-section-boxed elementor-section-height-default elementor-section-height-default\" data-id=\"7736144f\" data-element_type=\"section\" data-e-type=\"section\" data-settings=\"{&quot;_ha_eqh_enable&quot;:false}\">\n\t\t\t\t\t\t<div class=\"elementor-container elementor-column-gap-default\">\n\t\t\t\t\t<div class=\"elementor-column elementor-col-50 elementor-top-column elementor-element elementor-element-e1832c7\" data-id=\"e1832c7\" data-element_type=\"column\" data-e-type=\"column\">\n\t\t\t<div class=\"elementor-widget-wrap elementor-element-populated\">\n\t\t\t\t\t\t<div class=\"elementor-element elementor-element-58e3f49f elementor-widget elementor-widget-image\" data-id=\"58e3f49f\" data-element_type=\"widget\" data-e-type=\"widget\" data-widget_type=\"image.default\">\n\t\t\t\t<div class=\"elementor-widget-container\">\n\t\t\t\t\t\t\t\t\t\t\t\t\t\t\t<img fetchpriority=\"high\" decoding=\"async\" width=\"900\" height=\"600\" src=\"https:\/\/unibac.edu.co\/webnueva\/wp-content\/uploads\/2023\/11\/FArtes-Oc-2-1024x683.jpeg\" class=\"attachment-large size-large wp-image-22588\" alt=\"\" \/>\t\t\t\t\t\t\t\t\t\t\t\t\t\t\t<\/div>\n\t\t\t\t<\/div>\n\t\t\t\t<div class=\"elementor-element elementor-element-11c7b6e8 elementor-widget elementor-widget-gva-heading-block\" data-id=\"11c7b6e8\" data-element_type=\"widget\" data-e-type=\"widget\" data-widget_type=\"gva-heading-block.default\">\n\t\t\t\t<div class=\"elementor-widget-container\">\n\t\t\t\t\t<div class=\"gva-element-gva-heading-block gva-element\">   <div class=\"align-left style-1 widget gsc-heading\">\r\n      <div class=\"content-inner\">\r\n         \r\n                  \r\n                  \r\n                     <h2 class=\"title\">\r\n               <span>Noticias<\/span>\r\n            <\/h2>\r\n         \r\n                     <div class=\"sub-title\"><span>Inicia Festival de las Artes Unibac 2023 \u201cCaribe \u00c1rabe\u201d, vor\u00e1gine de creatividad y talento<\/span><\/div>\r\n          \r\n\r\n         \r\n         \r\n      <\/div>\r\n   <\/div>\r\n   <div class=\"clearfix\"><\/div>\r\n<\/div>\t\t\t\t<\/div>\n\t\t\t\t<\/div>\n\t\t\t\t<div class=\"elementor-element elementor-element-38c1e4f6 elementor-widget elementor-widget-text-editor\" data-id=\"38c1e4f6\" data-element_type=\"widget\" data-e-type=\"widget\" data-widget_type=\"text-editor.default\">\n\t\t\t\t<div class=\"elementor-widget-container\">\n\t\t\t\t\t\t\t\t\t<p><strong>Cartagena de Indias, 14 de noviembre de 2023.<\/strong><\/p><p>Conciertos, exposiciones, desfiles, subastas, conversatorios, danzas y toda una vor\u00e1gine de creatividad se conjugan en el XVI Festival de las Artes Unibac, que se inicia este martes 14 de noviembre, con una tem\u00e1tica centrada en ese territorio imaginario llamado \u201cCaribe \u00c1rabe\u201d.<\/p><p>La apertura oficial de este certamen cultural, a las 6 de la tarde en el sal\u00f3n Pierre Daguet de Unibac, ser\u00e1 con un homenaje a referentes de la cultura \u00e1rabe en el Caribe: El periodista y escritor Juan Gossa\u00edn, la dise\u00f1adora de modas Amal\u00edn de Hazb\u00fan, el historiador Juan D\u00e1ger, la empresaria Nancy Chaljub, el m\u00fasico Jorge Fadul, el periodista Nabil B\u00e1ladi, las empresarias Betty y Nadia Farah Saker, y el grupo musical Alq\u00e1ntara Latina.<\/p><p>\u201cCon este Festival queremos rescatar el valor de reconocer, respetar, valorar y defender la diversidad cultural como fuente de riqueza y patrimonio, desarrollo, creatividad e innovaci\u00f3n para todos\u201d, asegur\u00f3 Odette Yidi, presidenta del Instituto de Cultura \u00c1rabe de Colombia.<\/p><p>\u201cSeremos testigos de un trabajo hermos\u00edsimo que se ha hecho con todos los estudiantes de Unibac, para cocrear, buscar ideas, inspiraci\u00f3n en el mundo \u00e1rabe, en el Caribe \u00e1rabe, para crear proyectos maravillosos que nos har\u00e1n sentir orgullosos del talento Unibac\u201d, puntualiz\u00f3 la gestora cultural.<\/p><p>Desde bien temprano en el primer d\u00eda del Festival de las Artes se podr\u00e1n apreciar los trabajos de los programas de Dise\u00f1o Gr\u00e1fico, en el atrio de Unibac, y Dise\u00f1o Industrial, en el centro comercial Bocagrande Plaza. De igual forma, en el Patio de las Artes de Unibac se tendr\u00e1 una exposici\u00f3n fotogr\u00e1fica donde tambi\u00e9n hay trabajos de estudiantes de la Universidad Dar Al\u2013Kalima (DAK) (Bethlehem &#8211; Palestina).<\/p><p>En la apertura oficial, adem\u00e1s del homenaje a referentes de la cultura \u00e1rabe en el Caribe, se presentar\u00e1 la Escuela de Danzas \u00c1rabes \u201cShamsia Belly Dance\u201d, as\u00ed como el proyecto de aula del programa de M\u00fasica \u201cOrquesta de Lucho y Pacho\u201d, dirigida por Adonay Torregrosa, conformada por estudiantes de tercero a d\u00e9cimo semestre de las asignaturas Bronces y Piano.<\/p>\t\t\t\t\t\t\t\t<\/div>\n\t\t\t\t<\/div>\n\t\t\t\t\t<\/div>\n\t\t<\/div>\n\t\t\t\t<div class=\"elementor-column elementor-col-50 elementor-top-column elementor-element elementor-element-26582f1e\" data-id=\"26582f1e\" data-element_type=\"column\" data-e-type=\"column\">\n\t\t\t<div class=\"elementor-widget-wrap elementor-element-populated\">\n\t\t\t\t\t\t<div class=\"elementor-element elementor-element-472d17f8 elementor-widget elementor-widget-sidebar\" data-id=\"472d17f8\" data-element_type=\"widget\" data-e-type=\"widget\" data-widget_type=\"sidebar.default\">\n\t\t\t\t<div class=\"elementor-widget-container\">\n\t\t\t\t\t\n\t\t<aside id=\"recent-posts-3\" class=\"widget clearfix widget_recent_entries\">\n\t\t<h3 class=\"widget-title\"><span>\u00daltimas Noticias<\/span><\/h3>\n\t\t<ul>\n\t\t\t\t\t\t\t\t\t\t\t<li>\n\t\t\t\t\t<a href=\"https:\/\/unibac.edu.co\/webnueva\/tesis-de-grado-doctoral-sobre-german-cespedes-director-del-conservatorio-de-musica-de-unibac-obtiene-distincion-laureada\/\">Tesis de grado doctoral sobre Germ\u00e1n C\u00e9spedes, director del Conservatorio de M\u00fasica de Unibac, obtiene distinci\u00f3n laureada<\/a>\n\t\t\t\t\t\t\t\t\t\t\t<span class=\"post-date\">24 abril, 2026<\/span>\n\t\t\t\t\t\t\t\t\t<\/li>\n\t\t\t\t\t\t\t\t\t\t\t<li>\n\t\t\t\t\t<a href=\"https:\/\/unibac.edu.co\/webnueva\/ustedes-representan-el-capital-intelectual-renovador-de-nuestra-region-sacra-nader-en-ceremonia-de-graduacion-de-98-nuevos-profesionales-de-unibac\/\">\u201cUstedes representan el capital intelectual renovador de nuestra regi\u00f3n\u201d: Sacra N\u00e1der en ceremonia de graduaci\u00f3n de 98 nuevos profesionales de Unibac<\/a>\n\t\t\t\t\t\t\t\t\t\t\t<span class=\"post-date\">22 abril, 2026<\/span>\n\t\t\t\t\t\t\t\t\t<\/li>\n\t\t\t\t\t\t\t\t\t\t\t<li>\n\t\t\t\t\t<a href=\"https:\/\/unibac.edu.co\/webnueva\/presentacion-de-novedades-editoriales-unibac\/\">Presentaci\u00f3n de Novedades Editoriales \u2013 Unibac<\/a>\n\t\t\t\t\t\t\t\t\t\t\t<span class=\"post-date\">30 marzo, 2026<\/span>\n\t\t\t\t\t\t\t\t\t<\/li>\n\t\t\t\t\t\t\t\t\t\t\t<li>\n\t\t\t\t\t<a href=\"https:\/\/unibac.edu.co\/webnueva\/estudiantes-de-diseno-industrial-unibac-finalistas-en-green-product-award-alemania-con-productos-hechos-con-flores-yuca-y-alpiste\/\">Estudiantes de Dise\u00f1o Industrial Unibac, finalistas en Green Product Award (Alemania) con productos hechos con flores, yuca y alpiste<\/a>\n\t\t\t\t\t\t\t\t\t\t\t<span class=\"post-date\">19 marzo, 2026<\/span>\n\t\t\t\t\t\t\t\t\t<\/li>\n\t\t\t\t\t\t\t\t\t\t\t<li>\n\t\t\t\t\t<a href=\"https:\/\/unibac.edu.co\/webnueva\/la-toma-2026-manantial-creativo-en-trabajos-de-grado-de-estudiantes-unibac\/\">\u201cLa Toma 2026\u201d, manantial creativo en trabajos de grado de estudiantes Unibac<\/a>\n\t\t\t\t\t\t\t\t\t\t\t<span class=\"post-date\">10 marzo, 2026<\/span>\n\t\t\t\t\t\t\t\t\t<\/li>\n\t\t\t\t\t<\/ul>\n\n\t\t<\/aside>\t\t\t\t<\/div>\n\t\t\t\t<\/div>\n\t\t\t\t\t<\/div>\n\t\t<\/div>\n\t\t\t\t\t<\/div>\n\t\t<\/section>\n\t\t\t\t<\/div>\n\t\t","protected":false},"excerpt":{"rendered":"<p>Noticias Inicia Festival de las Artes Unibac 2023 \u201cCaribe \u00c1rabe\u201d, vor\u00e1gine de creatividad y talento Cartagena de Indias, 14 de [&hellip;]<\/p>\n","protected":false},"author":1,"featured_media":0,"comment_status":"closed","ping_status":"closed","sticky":false,"template":"","format":"standard","meta":{"footnotes":""},"categories":[79],"tags":[],"class_list":["post-22595","post","type-post","status-publish","format-standard","hentry","category-noticias-unibac"],"_links":{"self":[{"href":"https:\/\/unibac.edu.co\/webnueva\/wp-json\/wp\/v2\/posts\/22595","targetHints":{"allow":["GET"]}}],"collection":[{"href":"https:\/\/unibac.edu.co\/webnueva\/wp-json\/wp\/v2\/posts"}],"about":[{"href":"https:\/\/unibac.edu.co\/webnueva\/wp-json\/wp\/v2\/types\/post"}],"author":[{"embeddable":true,"href":"https:\/\/unibac.edu.co\/webnueva\/wp-json\/wp\/v2\/users\/1"}],"replies":[{"embeddable":true,"href":"https:\/\/unibac.edu.co\/webnueva\/wp-json\/wp\/v2\/comments?post=22595"}],"version-history":[{"count":7,"href":"https:\/\/unibac.edu.co\/webnueva\/wp-json\/wp\/v2\/posts\/22595\/revisions"}],"predecessor-version":[{"id":22603,"href":"https:\/\/unibac.edu.co\/webnueva\/wp-json\/wp\/v2\/posts\/22595\/revisions\/22603"}],"wp:attachment":[{"href":"https:\/\/unibac.edu.co\/webnueva\/wp-json\/wp\/v2\/media?parent=22595"}],"wp:term":[{"taxonomy":"category","embeddable":true,"href":"https:\/\/unibac.edu.co\/webnueva\/wp-json\/wp\/v2\/categories?post=22595"},{"taxonomy":"post_tag","embeddable":true,"href":"https:\/\/unibac.edu.co\/webnueva\/wp-json\/wp\/v2\/tags?post=22595"}],"curies":[{"name":"wp","href":"https:\/\/api.w.org\/{rel}","templated":true}]}}