{"id":21884,"date":"2023-08-23T21:35:05","date_gmt":"2023-08-24T02:35:05","guid":{"rendered":"https:\/\/unibac.edu.co\/webnueva\/?p=21884"},"modified":"2023-08-23T21:48:35","modified_gmt":"2023-08-24T02:48:35","slug":"concierto-para-celebrar-134-anos-del-instituto-musical-de-cartagena-hoy-unibac","status":"publish","type":"post","link":"https:\/\/unibac.edu.co\/webnueva\/concierto-para-celebrar-134-anos-del-instituto-musical-de-cartagena-hoy-unibac\/","title":{"rendered":"Concierto para celebrar 134 a\u00f1os del Instituto Musical de Cartagena, hoy Unibac"},"content":{"rendered":"\t\t<div data-elementor-type=\"wp-post\" data-elementor-id=\"21884\" class=\"elementor elementor-21884\" data-elementor-settings=\"{&quot;ha_cmc_init_switcher&quot;:&quot;no&quot;}\">\n\t\t\t\t\t\t<section class=\"elementor-section elementor-top-section elementor-element elementor-element-3dd28fe2 elementor-section-boxed elementor-section-height-default elementor-section-height-default\" data-id=\"3dd28fe2\" data-element_type=\"section\" data-e-type=\"section\" data-settings=\"{&quot;_ha_eqh_enable&quot;:false}\">\n\t\t\t\t\t\t<div class=\"elementor-container elementor-column-gap-default\">\n\t\t\t\t\t<div class=\"elementor-column elementor-col-50 elementor-top-column elementor-element elementor-element-792eb2be\" data-id=\"792eb2be\" data-element_type=\"column\" data-e-type=\"column\">\n\t\t\t<div class=\"elementor-widget-wrap elementor-element-populated\">\n\t\t\t\t\t\t<div class=\"elementor-element elementor-element-cd996f0 elementor-widget elementor-widget-image\" data-id=\"cd996f0\" data-element_type=\"widget\" data-e-type=\"widget\" data-widget_type=\"image.default\">\n\t\t\t\t<div class=\"elementor-widget-container\">\n\t\t\t\t\t\t\t\t\t\t\t\t\t\t\t<img fetchpriority=\"high\" decoding=\"async\" width=\"900\" height=\"599\" src=\"https:\/\/unibac.edu.co\/webnueva\/wp-content\/uploads\/2023\/08\/Sinfonica-German-Cespedes-1024x682.jpg\" class=\"attachment-large size-large wp-image-21889\" alt=\"\" \/>\t\t\t\t\t\t\t\t\t\t\t\t\t\t\t<\/div>\n\t\t\t\t<\/div>\n\t\t\t\t<div class=\"elementor-element elementor-element-42d9788f elementor-widget elementor-widget-gva-heading-block\" data-id=\"42d9788f\" data-element_type=\"widget\" data-e-type=\"widget\" data-widget_type=\"gva-heading-block.default\">\n\t\t\t\t<div class=\"elementor-widget-container\">\n\t\t\t\t\t<div class=\"gva-element-gva-heading-block gva-element\">   <div class=\"align-left style-1 widget gsc-heading\">\r\n      <div class=\"content-inner\">\r\n         \r\n                  \r\n                  \r\n                     <h2 class=\"title\">\r\n               <span>Noticias<\/span>\r\n            <\/h2>\r\n         \r\n                     <div class=\"sub-title\"><span>Concierto para celebrar 134 a\u00f1os del Instituto Musical de Cartagena, hoy Unibac<\/span><\/div>\r\n          \r\n\r\n         \r\n         \r\n      <\/div>\r\n   <\/div>\r\n   <div class=\"clearfix\"><\/div>\r\n<\/div>\t\t\t\t<\/div>\n\t\t\t\t<\/div>\n\t\t\t\t<div class=\"elementor-element elementor-element-61b8277f elementor-widget elementor-widget-text-editor\" data-id=\"61b8277f\" data-element_type=\"widget\" data-e-type=\"widget\" data-widget_type=\"text-editor.default\">\n\t\t\t\t<div class=\"elementor-widget-container\">\n\t\t\t\t\t\t\t\t\t<p>Cartagena de Indias, 23 de agosto de 2023.<\/p><p>En la celebraci\u00f3n de los 134 a\u00f1os de creaci\u00f3n del Instituto Musical de Cartagena, hoy Unibac, se ofrecer\u00e1 un concierto de la Orquesta Sinf\u00f3nica de Bol\u00edvar y el coro de la Escuela Naval de Cadetes Almirante Padilla.<\/p><p>La cita es este jueves 24 de agosto a las 5:30 de la tarde en el sal\u00f3n Pierre Daguet de Unibac, en donde se interpretar\u00e1 un repertorio que incluye obras de Adolfo Mej\u00eda, Evelia Porto y Lucho Berm\u00fadez, ente ellas los Himnos de la Armada y el Buque ARC Gloria, la Peque\u00f1a Suite, el pasillo Acuarela, y una versi\u00f3n sinf\u00f3nica de la c\u00e9lebre canci\u00f3n Colombia Tierra Querida.<\/p><p>La Orquesta Sinf\u00f3nica de Bol\u00edvar es un conjunto institucional y embajador cultural de Unibac, conformado por estudiantes y docentes del Conservatorio de M\u00fasica Adolfo Mej\u00eda Navarro de Unibac, y est\u00e1 dirigida por el maestro Germ\u00e1n C\u00e9spedes.<br \/>El coro de la ENAP est\u00e1 dirigido por la egresada del programa de M\u00fasica de Unibac, \u00c1ngela Daniela Garc\u00eda.<br \/>El concierto es gratuito, ingreso abierto hasta completar el aforo.<\/p><h4>Unibac, 134 a\u00f1os<\/h4><p>La Instituci\u00f3n Universitaria Bellas Artes y Ciencias de Bol\u00edvar le da continuidad a un sue\u00f1o que se remonta a la creaci\u00f3n del Instituto Musical de Cartagena, fundado el 20 de agosto de 1889, siendo gobernador de Bol\u00edvar Jos\u00e9 Manuel Goenaga G\u00f3mez (1887-1890) y secretario de Gobierno Henrique Luis Rom\u00e1n, encargando en su direcci\u00f3n al m\u00fasico italiano Lorenzo Margottini.<\/p><p>Dos a\u00f1os despu\u00e9s, el 28 de abril de 1891, se crea la Academia de Bellas Artes de Bol\u00edvar y el Instituto Musical se integra a esta, siendo su primer director el pintor colombiano Epifanio Garay. La primera sede de la Academia de Bellas Artes fue en Calle de la Inquisici\u00f3n.<\/p><p>Hoy, gracias a la gesti\u00f3n de su actual rectora, Sacra N\u00e1der David, la Instituci\u00f3n Universitaria Bellas Artes y Ciencias de Bol\u00edvar es una Instituci\u00f3n de Educaci\u00f3n Superior aprobada por el Ministerio de Educaci\u00f3n Nacional, mediante resoluciones 3140 y 3377 del a\u00f1o 2000 y ha consolidado su misi\u00f3n institucional, expandido sus instalaciones y ratificado su compromiso de \u201cCalidad que Trasciende\u201d para brindar educaci\u00f3n superior en M\u00fasica, Artes Pl\u00e1sticas, Artes Esc\u00e9nicas, Dise\u00f1o Gr\u00e1fico, Dise\u00f1o Industrial y Comunicaci\u00f3n Audiovisual.<\/p><p>Cada a\u00f1o ingresan cerca de 3.000 estudiantes, cuyos sue\u00f1os y proyectos de vida confluyen en los seis programas profesionales de Unibac, instituci\u00f3n universitaria con un programa de M\u00fasica acreditado en Alta Calidad.<\/p>\t\t\t\t\t\t\t\t<\/div>\n\t\t\t\t<\/div>\n\t\t\t\t\t<\/div>\n\t\t<\/div>\n\t\t\t\t<div class=\"elementor-column elementor-col-50 elementor-top-column elementor-element elementor-element-715e7a78\" data-id=\"715e7a78\" data-element_type=\"column\" data-e-type=\"column\">\n\t\t\t<div class=\"elementor-widget-wrap elementor-element-populated\">\n\t\t\t\t\t\t<div class=\"elementor-element elementor-element-24ffa26c elementor-widget elementor-widget-sidebar\" data-id=\"24ffa26c\" data-element_type=\"widget\" data-e-type=\"widget\" data-widget_type=\"sidebar.default\">\n\t\t\t\t<div class=\"elementor-widget-container\">\n\t\t\t\t\t\n\t\t<aside id=\"recent-posts-3\" class=\"widget clearfix widget_recent_entries\">\n\t\t<h3 class=\"widget-title\"><span>\u00daltimas Noticias<\/span><\/h3>\n\t\t<ul>\n\t\t\t\t\t\t\t\t\t\t\t<li>\n\t\t\t\t\t<a href=\"https:\/\/unibac.edu.co\/webnueva\/tesis-de-grado-doctoral-sobre-german-cespedes-director-del-conservatorio-de-musica-de-unibac-obtiene-distincion-laureada\/\">Tesis de grado doctoral sobre Germ\u00e1n C\u00e9spedes, director del Conservatorio de M\u00fasica de Unibac, obtiene distinci\u00f3n laureada<\/a>\n\t\t\t\t\t\t\t\t\t\t\t<span class=\"post-date\">24 abril, 2026<\/span>\n\t\t\t\t\t\t\t\t\t<\/li>\n\t\t\t\t\t\t\t\t\t\t\t<li>\n\t\t\t\t\t<a href=\"https:\/\/unibac.edu.co\/webnueva\/ustedes-representan-el-capital-intelectual-renovador-de-nuestra-region-sacra-nader-en-ceremonia-de-graduacion-de-98-nuevos-profesionales-de-unibac\/\">\u201cUstedes representan el capital intelectual renovador de nuestra regi\u00f3n\u201d: Sacra N\u00e1der en ceremonia de graduaci\u00f3n de 98 nuevos profesionales de Unibac<\/a>\n\t\t\t\t\t\t\t\t\t\t\t<span class=\"post-date\">22 abril, 2026<\/span>\n\t\t\t\t\t\t\t\t\t<\/li>\n\t\t\t\t\t\t\t\t\t\t\t<li>\n\t\t\t\t\t<a href=\"https:\/\/unibac.edu.co\/webnueva\/presentacion-de-novedades-editoriales-unibac\/\">Presentaci\u00f3n de Novedades Editoriales \u2013 Unibac<\/a>\n\t\t\t\t\t\t\t\t\t\t\t<span class=\"post-date\">30 marzo, 2026<\/span>\n\t\t\t\t\t\t\t\t\t<\/li>\n\t\t\t\t\t\t\t\t\t\t\t<li>\n\t\t\t\t\t<a href=\"https:\/\/unibac.edu.co\/webnueva\/estudiantes-de-diseno-industrial-unibac-finalistas-en-green-product-award-alemania-con-productos-hechos-con-flores-yuca-y-alpiste\/\">Estudiantes de Dise\u00f1o Industrial Unibac, finalistas en Green Product Award (Alemania) con productos hechos con flores, yuca y alpiste<\/a>\n\t\t\t\t\t\t\t\t\t\t\t<span class=\"post-date\">19 marzo, 2026<\/span>\n\t\t\t\t\t\t\t\t\t<\/li>\n\t\t\t\t\t\t\t\t\t\t\t<li>\n\t\t\t\t\t<a href=\"https:\/\/unibac.edu.co\/webnueva\/la-toma-2026-manantial-creativo-en-trabajos-de-grado-de-estudiantes-unibac\/\">\u201cLa Toma 2026\u201d, manantial creativo en trabajos de grado de estudiantes Unibac<\/a>\n\t\t\t\t\t\t\t\t\t\t\t<span class=\"post-date\">10 marzo, 2026<\/span>\n\t\t\t\t\t\t\t\t\t<\/li>\n\t\t\t\t\t<\/ul>\n\n\t\t<\/aside>\t\t\t\t<\/div>\n\t\t\t\t<\/div>\n\t\t\t\t\t<\/div>\n\t\t<\/div>\n\t\t\t\t\t<\/div>\n\t\t<\/section>\n\t\t\t\t<\/div>\n\t\t","protected":false},"excerpt":{"rendered":"<p>Noticias Concierto para celebrar 134 a\u00f1os del Instituto Musical de Cartagena, hoy Unibac Cartagena de Indias, 23 de agosto de [&hellip;]<\/p>\n","protected":false},"author":1,"featured_media":0,"comment_status":"closed","ping_status":"closed","sticky":false,"template":"","format":"standard","meta":{"footnotes":""},"categories":[79],"tags":[],"class_list":["post-21884","post","type-post","status-publish","format-standard","hentry","category-noticias-unibac"],"_links":{"self":[{"href":"https:\/\/unibac.edu.co\/webnueva\/wp-json\/wp\/v2\/posts\/21884","targetHints":{"allow":["GET"]}}],"collection":[{"href":"https:\/\/unibac.edu.co\/webnueva\/wp-json\/wp\/v2\/posts"}],"about":[{"href":"https:\/\/unibac.edu.co\/webnueva\/wp-json\/wp\/v2\/types\/post"}],"author":[{"embeddable":true,"href":"https:\/\/unibac.edu.co\/webnueva\/wp-json\/wp\/v2\/users\/1"}],"replies":[{"embeddable":true,"href":"https:\/\/unibac.edu.co\/webnueva\/wp-json\/wp\/v2\/comments?post=21884"}],"version-history":[{"count":4,"href":"https:\/\/unibac.edu.co\/webnueva\/wp-json\/wp\/v2\/posts\/21884\/revisions"}],"predecessor-version":[{"id":21892,"href":"https:\/\/unibac.edu.co\/webnueva\/wp-json\/wp\/v2\/posts\/21884\/revisions\/21892"}],"wp:attachment":[{"href":"https:\/\/unibac.edu.co\/webnueva\/wp-json\/wp\/v2\/media?parent=21884"}],"wp:term":[{"taxonomy":"category","embeddable":true,"href":"https:\/\/unibac.edu.co\/webnueva\/wp-json\/wp\/v2\/categories?post=21884"},{"taxonomy":"post_tag","embeddable":true,"href":"https:\/\/unibac.edu.co\/webnueva\/wp-json\/wp\/v2\/tags?post=21884"}],"curies":[{"name":"wp","href":"https:\/\/api.w.org\/{rel}","templated":true}]}}