{"id":21857,"date":"2023-08-22T14:35:13","date_gmt":"2023-08-22T19:35:13","guid":{"rendered":"https:\/\/unibac.edu.co\/webnueva\/?p=21857"},"modified":"2023-08-22T14:38:40","modified_gmt":"2023-08-22T19:38:40","slug":"fondo-editorial-de-unibac-cuenta-con-la-revista-institucional-ojo-al-arte","status":"publish","type":"post","link":"https:\/\/unibac.edu.co\/webnueva\/fondo-editorial-de-unibac-cuenta-con-la-revista-institucional-ojo-al-arte\/","title":{"rendered":"Fondo Editorial de Unibac cuenta con la revista institucional \u201cOjo al Arte\u201d"},"content":{"rendered":"\t\t<div data-elementor-type=\"wp-post\" data-elementor-id=\"21857\" class=\"elementor elementor-21857\" data-elementor-settings=\"{&quot;ha_cmc_init_switcher&quot;:&quot;no&quot;}\">\n\t\t\t\t\t\t<section class=\"elementor-section elementor-top-section elementor-element elementor-element-7bd3a78 elementor-section-boxed elementor-section-height-default elementor-section-height-default\" data-id=\"7bd3a78\" data-element_type=\"section\" data-e-type=\"section\" data-settings=\"{&quot;_ha_eqh_enable&quot;:false}\">\n\t\t\t\t\t\t<div class=\"elementor-container elementor-column-gap-default\">\n\t\t\t\t\t<div class=\"elementor-column elementor-col-50 elementor-top-column elementor-element elementor-element-70ce0708\" data-id=\"70ce0708\" data-element_type=\"column\" data-e-type=\"column\">\n\t\t\t<div class=\"elementor-widget-wrap elementor-element-populated\">\n\t\t\t\t\t\t<div class=\"elementor-element elementor-element-64d4f3fc elementor-widget elementor-widget-image\" data-id=\"64d4f3fc\" data-element_type=\"widget\" data-e-type=\"widget\" data-widget_type=\"image.default\">\n\t\t\t\t<div class=\"elementor-widget-container\">\n\t\t\t\t\t\t\t\t\t\t\t\t\t\t\t<img fetchpriority=\"high\" decoding=\"async\" width=\"900\" height=\"367\" src=\"https:\/\/unibac.edu.co\/webnueva\/wp-content\/uploads\/2023\/08\/image4-1024x418.png\" class=\"attachment-large size-large wp-image-21866\" alt=\"\" \/>\t\t\t\t\t\t\t\t\t\t\t\t\t\t\t<\/div>\n\t\t\t\t<\/div>\n\t\t\t\t<div class=\"elementor-element elementor-element-2cbeb55f elementor-widget elementor-widget-gva-heading-block\" data-id=\"2cbeb55f\" data-element_type=\"widget\" data-e-type=\"widget\" data-widget_type=\"gva-heading-block.default\">\n\t\t\t\t<div class=\"elementor-widget-container\">\n\t\t\t\t\t<div class=\"gva-element-gva-heading-block gva-element\">   <div class=\"align-left style-1 widget gsc-heading\">\r\n      <div class=\"content-inner\">\r\n         \r\n                  \r\n                  \r\n                     <h2 class=\"title\">\r\n               <span>Noticias<\/span>\r\n            <\/h2>\r\n         \r\n                     <div class=\"sub-title\"><span>Fondo Editorial de Unibac cuenta con la revista institucional \u201cOjo al Arte\u201d<\/span><\/div>\r\n          \r\n\r\n         \r\n         \r\n      <\/div>\r\n   <\/div>\r\n   <div class=\"clearfix\"><\/div>\r\n<\/div>\t\t\t\t<\/div>\n\t\t\t\t<\/div>\n\t\t\t\t<div class=\"elementor-element elementor-element-e9dabcb elementor-widget elementor-widget-text-editor\" data-id=\"e9dabcb\" data-element_type=\"widget\" data-e-type=\"widget\" data-widget_type=\"text-editor.default\">\n\t\t\t\t<div class=\"elementor-widget-container\">\n\t\t\t\t\t\t\t\t\t<p><strong>Cartagena de Indias, 22 de agosto de 2023.<\/strong><\/p><p>El Fondo Editorial Unibac, dependencia adscrita al Centro de Investigaci\u00f3n y Desarrollo (Cidesbac), es el \u00e1rea especializada en la publicaci\u00f3n de textos acad\u00e9micos y art\u00edsticos de calidad, que se presentan como resultado de investigaci\u00f3n o como aportes significativos a la cultura del departamento de Bol\u00edvar en el \u00e1mbito cient\u00edfico, literario y art\u00edstico.<\/p><p>La directora del Fondo Editorial es Lylliana Acosta Ruiz, bibliotec\u00f3loga e historiadora, quien est\u00e1 al frente de todas las publicaciones de Unibac, tanto en la edici\u00f3n, como en la correcci\u00f3n de estilo.<\/p><p>El prop\u00f3sito del Fondo es afianzar sus procesos investigativos por medio de la promoci\u00f3n, coordinaci\u00f3n, publicaci\u00f3n y visibilizaci\u00f3n de productos de investigaci\u00f3n y creaci\u00f3n, al igual que estimular la producci\u00f3n intelectual docente, siempre bajo la luz de la misi\u00f3n y la visi\u00f3n institucionales.<br \/>El Fondo Editorial Unibac es una herramienta que contribuye al fortalecimiento del impacto de Unibac en la sociedad.<\/p><p>De esta forma el Fondo Editorial cumple la misi\u00f3n de visibilizar y posicionar la producci\u00f3n intelectual de Unibac con la edici\u00f3n y publicaci\u00f3n de la revista Ojo al Arte, de libros y otras publicaciones acad\u00e9micas de car\u00e1cter art\u00edstico y literario.<\/p><p>Ojo al Arte es la revista acad\u00e9mica de la Instituci\u00f3n Universitaria Bellas Artes y Ciencias de Bol\u00edvar. Es una publicaci\u00f3n de car\u00e1cter acad\u00e9mico con la cual se posiciona Unibac, sus acad\u00e9micos, sus docentes e investigadores, que en el marco de eventos participan con ponencias articuladas en l\u00edneas de investigaci\u00f3n, proyectos pedag\u00f3gicos, proyectos de creaci\u00f3n y proyectos interdisciplinares.<\/p><p>Desde 2007, con una periodicidad anual, la revista Ojo al Arte se ha dedicado a contribuir al desarrollo de la investigaci\u00f3n en artes, a trav\u00e9s de art\u00edculos escritos por docentes y por los participantes del Congreso Internacional de Arte en el Caribe.<\/p><p>Esta revista naci\u00f3 con el firme prop\u00f3sito de traspasar las fronteras de nuestro claustro y proyectar ante la sociedad el quehacer investigativo de nuestra comunidad acad\u00e9mica y de invitados especiales en colaboraci\u00f3n.<\/p><p>A trav\u00e9s de la revista se busca reflejar nuestro crecimiento institucional y se pretende, a trav\u00e9s de ella, brindarle a la sociedad el fruto de los trabajos investigativos como un aporte al desarrollo socio-cultural de nuestra regi\u00f3n, con el cual estamos firmemente comprometidos. Es una revista de gran calidad en su producci\u00f3n textual cuyo contenido sigue el hilo conductor del significado de la investigaci\u00f3n para una instituci\u00f3n en artes.<br \/>Todos los n\u00fameros de la revista Ojo al Arte pueden ser consultados en la Biblioteca Mar\u00fan Gossa\u00edn Jattin y pr\u00f3ximamente en el repositorio digital de Unibac.<\/p><p>Si est\u00e1s interesado en alguna publicaci\u00f3n de Unibac puedes dirigirte al personal de Biblioteca.<br \/>Para m\u00e1s informaci\u00f3n sobre las publicaciones del Fondo Editorial Unibac vista:<br \/><strong><a href=\"https:\/\/unibac.edu.co\/webnueva\/fondo-editorial\/\">https:\/\/unibac.edu.co\/webnueva\/fondo-editorial\/<\/a><\/strong><\/p>\t\t\t\t\t\t\t\t<\/div>\n\t\t\t\t<\/div>\n\t\t\t\t\t<\/div>\n\t\t<\/div>\n\t\t\t\t<div class=\"elementor-column elementor-col-50 elementor-top-column elementor-element elementor-element-382aaf30\" data-id=\"382aaf30\" data-element_type=\"column\" data-e-type=\"column\">\n\t\t\t<div class=\"elementor-widget-wrap elementor-element-populated\">\n\t\t\t\t\t\t<div class=\"elementor-element elementor-element-412cbfa3 elementor-widget elementor-widget-sidebar\" data-id=\"412cbfa3\" data-element_type=\"widget\" data-e-type=\"widget\" data-widget_type=\"sidebar.default\">\n\t\t\t\t<div class=\"elementor-widget-container\">\n\t\t\t\t\t\n\t\t<aside id=\"recent-posts-3\" class=\"widget clearfix widget_recent_entries\">\n\t\t<h3 class=\"widget-title\"><span>\u00daltimas Noticias<\/span><\/h3>\n\t\t<ul>\n\t\t\t\t\t\t\t\t\t\t\t<li>\n\t\t\t\t\t<a href=\"https:\/\/unibac.edu.co\/webnueva\/tesis-de-grado-doctoral-sobre-german-cespedes-director-del-conservatorio-de-musica-de-unibac-obtiene-distincion-laureada\/\">Tesis de grado doctoral sobre Germ\u00e1n C\u00e9spedes, director del Conservatorio de M\u00fasica de Unibac, obtiene distinci\u00f3n laureada<\/a>\n\t\t\t\t\t\t\t\t\t\t\t<span class=\"post-date\">24 abril, 2026<\/span>\n\t\t\t\t\t\t\t\t\t<\/li>\n\t\t\t\t\t\t\t\t\t\t\t<li>\n\t\t\t\t\t<a href=\"https:\/\/unibac.edu.co\/webnueva\/ustedes-representan-el-capital-intelectual-renovador-de-nuestra-region-sacra-nader-en-ceremonia-de-graduacion-de-98-nuevos-profesionales-de-unibac\/\">\u201cUstedes representan el capital intelectual renovador de nuestra regi\u00f3n\u201d: Sacra N\u00e1der en ceremonia de graduaci\u00f3n de 98 nuevos profesionales de Unibac<\/a>\n\t\t\t\t\t\t\t\t\t\t\t<span class=\"post-date\">22 abril, 2026<\/span>\n\t\t\t\t\t\t\t\t\t<\/li>\n\t\t\t\t\t\t\t\t\t\t\t<li>\n\t\t\t\t\t<a href=\"https:\/\/unibac.edu.co\/webnueva\/presentacion-de-novedades-editoriales-unibac\/\">Presentaci\u00f3n de Novedades Editoriales \u2013 Unibac<\/a>\n\t\t\t\t\t\t\t\t\t\t\t<span class=\"post-date\">30 marzo, 2026<\/span>\n\t\t\t\t\t\t\t\t\t<\/li>\n\t\t\t\t\t\t\t\t\t\t\t<li>\n\t\t\t\t\t<a href=\"https:\/\/unibac.edu.co\/webnueva\/estudiantes-de-diseno-industrial-unibac-finalistas-en-green-product-award-alemania-con-productos-hechos-con-flores-yuca-y-alpiste\/\">Estudiantes de Dise\u00f1o Industrial Unibac, finalistas en Green Product Award (Alemania) con productos hechos con flores, yuca y alpiste<\/a>\n\t\t\t\t\t\t\t\t\t\t\t<span class=\"post-date\">19 marzo, 2026<\/span>\n\t\t\t\t\t\t\t\t\t<\/li>\n\t\t\t\t\t\t\t\t\t\t\t<li>\n\t\t\t\t\t<a href=\"https:\/\/unibac.edu.co\/webnueva\/la-toma-2026-manantial-creativo-en-trabajos-de-grado-de-estudiantes-unibac\/\">\u201cLa Toma 2026\u201d, manantial creativo en trabajos de grado de estudiantes Unibac<\/a>\n\t\t\t\t\t\t\t\t\t\t\t<span class=\"post-date\">10 marzo, 2026<\/span>\n\t\t\t\t\t\t\t\t\t<\/li>\n\t\t\t\t\t<\/ul>\n\n\t\t<\/aside>\t\t\t\t<\/div>\n\t\t\t\t<\/div>\n\t\t\t\t\t<\/div>\n\t\t<\/div>\n\t\t\t\t\t<\/div>\n\t\t<\/section>\n\t\t\t\t<\/div>\n\t\t","protected":false},"excerpt":{"rendered":"<p>Noticias Fondo Editorial de Unibac cuenta con la revista institucional \u201cOjo al Arte\u201d Cartagena de Indias, 22 de agosto de [&hellip;]<\/p>\n","protected":false},"author":1,"featured_media":0,"comment_status":"closed","ping_status":"closed","sticky":false,"template":"","format":"standard","meta":{"footnotes":""},"categories":[79],"tags":[],"class_list":["post-21857","post","type-post","status-publish","format-standard","hentry","category-noticias-unibac"],"_links":{"self":[{"href":"https:\/\/unibac.edu.co\/webnueva\/wp-json\/wp\/v2\/posts\/21857","targetHints":{"allow":["GET"]}}],"collection":[{"href":"https:\/\/unibac.edu.co\/webnueva\/wp-json\/wp\/v2\/posts"}],"about":[{"href":"https:\/\/unibac.edu.co\/webnueva\/wp-json\/wp\/v2\/types\/post"}],"author":[{"embeddable":true,"href":"https:\/\/unibac.edu.co\/webnueva\/wp-json\/wp\/v2\/users\/1"}],"replies":[{"embeddable":true,"href":"https:\/\/unibac.edu.co\/webnueva\/wp-json\/wp\/v2\/comments?post=21857"}],"version-history":[{"count":10,"href":"https:\/\/unibac.edu.co\/webnueva\/wp-json\/wp\/v2\/posts\/21857\/revisions"}],"predecessor-version":[{"id":21869,"href":"https:\/\/unibac.edu.co\/webnueva\/wp-json\/wp\/v2\/posts\/21857\/revisions\/21869"}],"wp:attachment":[{"href":"https:\/\/unibac.edu.co\/webnueva\/wp-json\/wp\/v2\/media?parent=21857"}],"wp:term":[{"taxonomy":"category","embeddable":true,"href":"https:\/\/unibac.edu.co\/webnueva\/wp-json\/wp\/v2\/categories?post=21857"},{"taxonomy":"post_tag","embeddable":true,"href":"https:\/\/unibac.edu.co\/webnueva\/wp-json\/wp\/v2\/tags?post=21857"}],"curies":[{"name":"wp","href":"https:\/\/api.w.org\/{rel}","templated":true}]}}