{"id":21764,"date":"2023-08-14T06:33:46","date_gmt":"2023-08-14T11:33:46","guid":{"rendered":"https:\/\/unibac.edu.co\/webnueva\/?p=21764"},"modified":"2023-08-15T06:43:31","modified_gmt":"2023-08-15T11:43:31","slug":"inicio-festival-y-competencia-de-percusion-cartagena-2023","status":"publish","type":"post","link":"https:\/\/unibac.edu.co\/webnueva\/inicio-festival-y-competencia-de-percusion-cartagena-2023\/","title":{"rendered":"Inici\u00f3 Festival y Competencia de Percusi\u00f3n Cartagena 2023"},"content":{"rendered":"\t\t<div data-elementor-type=\"wp-post\" data-elementor-id=\"21764\" class=\"elementor elementor-21764\" data-elementor-settings=\"{&quot;ha_cmc_init_switcher&quot;:&quot;no&quot;}\">\n\t\t\t\t\t\t<section class=\"elementor-section elementor-top-section elementor-element elementor-element-39fb08aa elementor-section-boxed elementor-section-height-default elementor-section-height-default\" data-id=\"39fb08aa\" data-element_type=\"section\" data-e-type=\"section\" data-settings=\"{&quot;_ha_eqh_enable&quot;:false}\">\n\t\t\t\t\t\t<div class=\"elementor-container elementor-column-gap-default\">\n\t\t\t\t\t<div class=\"elementor-column elementor-col-50 elementor-top-column elementor-element elementor-element-71298347\" data-id=\"71298347\" data-element_type=\"column\" data-e-type=\"column\">\n\t\t\t<div class=\"elementor-widget-wrap elementor-element-populated\">\n\t\t\t\t\t\t<div class=\"elementor-element elementor-element-822b2be elementor-widget elementor-widget-image\" data-id=\"822b2be\" data-element_type=\"widget\" data-e-type=\"widget\" data-widget_type=\"image.default\">\n\t\t\t\t<div class=\"elementor-widget-container\">\n\t\t\t\t\t\t\t\t\t\t\t\t\t\t\t<img fetchpriority=\"high\" decoding=\"async\" width=\"900\" height=\"601\" src=\"https:\/\/unibac.edu.co\/webnueva\/wp-content\/uploads\/2023\/08\/Perc-1-1024x684.jpeg\" class=\"attachment-large size-large wp-image-21770\" alt=\"\" \/>\t\t\t\t\t\t\t\t\t\t\t\t\t\t\t<\/div>\n\t\t\t\t<\/div>\n\t\t\t\t<div class=\"elementor-element elementor-element-178a81be elementor-widget elementor-widget-gva-heading-block\" data-id=\"178a81be\" data-element_type=\"widget\" data-e-type=\"widget\" data-widget_type=\"gva-heading-block.default\">\n\t\t\t\t<div class=\"elementor-widget-container\">\n\t\t\t\t\t<div class=\"gva-element-gva-heading-block gva-element\">   <div class=\"align-left style-1 widget gsc-heading\">\r\n      <div class=\"content-inner\">\r\n         \r\n                  \r\n                  \r\n                     <h2 class=\"title\">\r\n               <span>Noticias<\/span>\r\n            <\/h2>\r\n         \r\n                     <div class=\"sub-title\"><span>Inici\u00f3 Festival y Competencia de Percusi\u00f3n Cartagena 2023<\/span><\/div>\r\n          \r\n\r\n         \r\n         \r\n      <\/div>\r\n   <\/div>\r\n   <div class=\"clearfix\"><\/div>\r\n<\/div>\t\t\t\t<\/div>\n\t\t\t\t<\/div>\n\t\t\t\t<div class=\"elementor-element elementor-element-40e4353 elementor-widget elementor-widget-text-editor\" data-id=\"40e4353\" data-element_type=\"widget\" data-e-type=\"widget\" data-widget_type=\"text-editor.default\">\n\t\t\t\t<div class=\"elementor-widget-container\">\n\t\t\t\t\t\t\t\t\t<p><strong>Cartagena de Indias, 9 de agosto de 2023.<\/strong><\/p><p>Iniciaron las clases magistrales, talleres y conciertos del Festival y Competencia de Percusi\u00f3n Cartagena 2023, en Unibac.<\/p><p>Las inagotables posibilidades creativas en redoblante, multipercusi\u00f3n, teclado a dos baquetas y teclado a cuatro baquetas, se podr\u00e1n apreciar en este Festival, que se cumple entre este lunes 14 , martes 15 y mi\u00e9rcoles 16 de agosto.<\/p><p>Esas son las cuatro categor\u00edas en que se desarrolla la competencia, cuyo objetivo es promover y fomentar la interpretaci\u00f3n musical en los niveles b\u00e1sicos e intermedios en formaci\u00f3n de percusi\u00f3n solista en estudiantes de conservatorios de m\u00fasica y escuelas con formaci\u00f3n superior en Colombia, Cartagena y el Caribe colombiano.<\/p><p>Diez talentosos m\u00fasicos son los que clasificaron para la gran final del Festival de Percusi\u00f3n Cartagena 2023.<\/p><p>El jurado est\u00e1 integrado por Sergei Golovko, Estefan\u00eda \u00c1lvarez, Edgardo Trigo, Juan de Jes\u00fas P\u00e9rez y Wilson Tovar Jaramillo, director del Festival.<\/p><p>Adem\u00e1s de la competencia, el festival tambi\u00e9n contempla otras actividades como clases magistrales, talleres y conciertos.<\/p><p><strong>Lunes 14 de agosto<\/strong><\/p><ul><li>8 a.-m. Apertura del festival<\/li><li>Master Class &#8211; Edgardo Trigo: Candombe y su aplicaci\u00f3n a las tumbadoras y bater\u00eda.<\/li><li>10 a.m. Taller &#8211; Estefan\u00eda \u00c1lvarez: Conciencia corporal para m\u00fasicos.<\/li><li>6 p.m. Concierto de inauguraci\u00f3n (Sal\u00f3n Pierre Daguet)<\/li><\/ul><p><strong>Martes 15 de agosto<\/strong><\/p><ul><li>8 a.m. Master Class &#8211; Sergei Golovko: Ritmos asim\u00e9tricos en m\u00fasica para marimba y otros instrumentos de percusi\u00f3n.<\/li><li>10 a.m. Taller -Wilson Tovar: Fundamentos en armon\u00eda e improvisaci\u00f3n.<\/li><li>6 p.m. Concierto Artistas invitados (Sal\u00f3n Pierre Daguet)<\/li><\/ul><p><strong>Mi\u00e9rcoles 16 de agosto<\/strong><\/p><ul><li>8 a.m. Conversatorio &#8211; Juan de Jes\u00fas P\u00e9rez: Proyecci\u00f3n profesional del percusionista en Latinoam\u00e9rica y el mundo<\/li><li>5.30 p.m. Concierto Ronda Final con jurado y abierto al p\u00fablico.<\/li><li>Clausura del festival y entrega de premios a los ganadores de la competencia<\/li><\/ul><h4><strong>Jurados y conferencias<\/strong><\/h4><p><strong>Maestro Sergei Golovko (AUS)<\/strong><\/p><p><strong>Master class:<\/strong> Ritmos asim\u00e9tricos en la m\u00fasica para marimba y otros instrumentos de percusi\u00f3n.<br \/>En nuestros d\u00edas, los percusionistas se enfrentan constantemente a desaf\u00edos t\u00e9cnicos y musicales mediante nuevas composiciones, las cuales a menudo incluyen combinaciones r\u00edtmicas asim\u00e9tricas desafiantes. Este taller llenar\u00e1 una brecha en los materiales de pedagog\u00eda de marimba y percusi\u00f3n en lo que respecta a los ritmos asim\u00e9tricos.<\/p><p><strong>Maestra Estefan\u00eda \u00c1lvarez (COL)<\/strong><\/p><p><strong>Taller:<\/strong> Conciencia corporal para m\u00fasicos.<br \/>Estefan\u00eda \u00c1lvarez por m\u00e1s de 11 a\u00f1os ha estudiado en Colombia anatom\u00eda, fisiolog\u00eda, historia y metodolog\u00eda de la danza; as\u00ed como estudios pr\u00e1cticos de danza contempor\u00e1nea, ballet, teatro y yoga. Entre sus mejores contribuciones al desarrollo de las artes del movimiento y el bienestar se encuentra la creaci\u00f3n de un m\u00e9todo de conciencia corporal para m\u00fasicos.<\/p><p><strong>Maestro Edgardo Trigo (UR)<\/strong><\/p><p><strong>Master class:<\/strong> Candombe y su aplicaci\u00f3n a las tumbadoras y bater\u00eda<\/p><p>Visi\u00f3n de la m\u00fasica afrouruguaya, \u00a8El Candombe\u00a8, desde su fundamento y patrones r\u00edtmicos caracter\u00edsticos en los toques de cada tambor, hasta su aplicaci\u00f3n t\u00e9cnica con instrumentos m\u00e1s convencionales y universales como las tumbadoras y bater\u00eda americana, abordando distintos estilos y toques del repertorio.<\/p><p><strong>Maestro Juan de Jes\u00fas Perez (VEN-COL)<\/strong><\/p><p><strong>Conversatorio:<\/strong> Proyecci\u00f3n profesional del percusionista en Latinoam\u00e9rica y el mundo<br \/>En la actualidad del campo laboral musical no s\u00f3lo las herramientas t\u00e9cnicas e interpretativas que pueden desarrollar los m\u00fasicos en sus pregrados e incluso en algunos estudios de posgrado le permiten asegurar un puesto de trabajo en el rubro art\u00edstico.<\/p><p><strong>Maestro Wilson Tovar Jaramillo (COL)<\/strong><\/p><p>Fundamentos en armon\u00eda e improvisaci\u00f3n<br \/>Se explorar\u00e1n herramientas para la construcci\u00f3n de escalas y su relaci\u00f3n con los acordes, utilizando el lenguaje del cifrado americano como base. A trav\u00e9s de ejercicios y ejemplos pr\u00e1cticos, los participantes podr\u00e1n expandir su vocabulario musical explorando sonoridades, buscando expresarse de manera m\u00e1s vers\u00e1til y musical en sus interpretaciones.<\/p>\t\t\t\t\t\t\t\t<\/div>\n\t\t\t\t<\/div>\n\t\t\t\t\t<\/div>\n\t\t<\/div>\n\t\t\t\t<div class=\"elementor-column elementor-col-50 elementor-top-column elementor-element elementor-element-36a45897\" data-id=\"36a45897\" data-element_type=\"column\" data-e-type=\"column\">\n\t\t\t<div class=\"elementor-widget-wrap elementor-element-populated\">\n\t\t\t\t\t\t<div class=\"elementor-element elementor-element-4d4179e4 elementor-widget elementor-widget-sidebar\" data-id=\"4d4179e4\" data-element_type=\"widget\" data-e-type=\"widget\" data-widget_type=\"sidebar.default\">\n\t\t\t\t<div class=\"elementor-widget-container\">\n\t\t\t\t\t\n\t\t<aside id=\"recent-posts-3\" class=\"widget clearfix widget_recent_entries\">\n\t\t<h3 class=\"widget-title\"><span>\u00daltimas Noticias<\/span><\/h3>\n\t\t<ul>\n\t\t\t\t\t\t\t\t\t\t\t<li>\n\t\t\t\t\t<a href=\"https:\/\/unibac.edu.co\/webnueva\/tesis-de-grado-doctoral-sobre-german-cespedes-director-del-conservatorio-de-musica-de-unibac-obtiene-distincion-laureada\/\">Tesis de grado doctoral sobre Germ\u00e1n C\u00e9spedes, director del Conservatorio de M\u00fasica de Unibac, obtiene distinci\u00f3n laureada<\/a>\n\t\t\t\t\t\t\t\t\t\t\t<span class=\"post-date\">24 abril, 2026<\/span>\n\t\t\t\t\t\t\t\t\t<\/li>\n\t\t\t\t\t\t\t\t\t\t\t<li>\n\t\t\t\t\t<a href=\"https:\/\/unibac.edu.co\/webnueva\/ustedes-representan-el-capital-intelectual-renovador-de-nuestra-region-sacra-nader-en-ceremonia-de-graduacion-de-98-nuevos-profesionales-de-unibac\/\">\u201cUstedes representan el capital intelectual renovador de nuestra regi\u00f3n\u201d: Sacra N\u00e1der en ceremonia de graduaci\u00f3n de 98 nuevos profesionales de Unibac<\/a>\n\t\t\t\t\t\t\t\t\t\t\t<span class=\"post-date\">22 abril, 2026<\/span>\n\t\t\t\t\t\t\t\t\t<\/li>\n\t\t\t\t\t\t\t\t\t\t\t<li>\n\t\t\t\t\t<a href=\"https:\/\/unibac.edu.co\/webnueva\/presentacion-de-novedades-editoriales-unibac\/\">Presentaci\u00f3n de Novedades Editoriales \u2013 Unibac<\/a>\n\t\t\t\t\t\t\t\t\t\t\t<span class=\"post-date\">30 marzo, 2026<\/span>\n\t\t\t\t\t\t\t\t\t<\/li>\n\t\t\t\t\t\t\t\t\t\t\t<li>\n\t\t\t\t\t<a href=\"https:\/\/unibac.edu.co\/webnueva\/estudiantes-de-diseno-industrial-unibac-finalistas-en-green-product-award-alemania-con-productos-hechos-con-flores-yuca-y-alpiste\/\">Estudiantes de Dise\u00f1o Industrial Unibac, finalistas en Green Product Award (Alemania) con productos hechos con flores, yuca y alpiste<\/a>\n\t\t\t\t\t\t\t\t\t\t\t<span class=\"post-date\">19 marzo, 2026<\/span>\n\t\t\t\t\t\t\t\t\t<\/li>\n\t\t\t\t\t\t\t\t\t\t\t<li>\n\t\t\t\t\t<a href=\"https:\/\/unibac.edu.co\/webnueva\/la-toma-2026-manantial-creativo-en-trabajos-de-grado-de-estudiantes-unibac\/\">\u201cLa Toma 2026\u201d, manantial creativo en trabajos de grado de estudiantes Unibac<\/a>\n\t\t\t\t\t\t\t\t\t\t\t<span class=\"post-date\">10 marzo, 2026<\/span>\n\t\t\t\t\t\t\t\t\t<\/li>\n\t\t\t\t\t<\/ul>\n\n\t\t<\/aside>\t\t\t\t<\/div>\n\t\t\t\t<\/div>\n\t\t\t\t\t<\/div>\n\t\t<\/div>\n\t\t\t\t\t<\/div>\n\t\t<\/section>\n\t\t\t\t<\/div>\n\t\t","protected":false},"excerpt":{"rendered":"<p>Noticias Inici\u00f3 Festival y Competencia de Percusi\u00f3n Cartagena 2023 Cartagena de Indias, 9 de agosto de 2023. Iniciaron las clases [&hellip;]<\/p>\n","protected":false},"author":1,"featured_media":0,"comment_status":"closed","ping_status":"closed","sticky":false,"template":"","format":"standard","meta":{"footnotes":""},"categories":[79],"tags":[],"class_list":["post-21764","post","type-post","status-publish","format-standard","hentry","category-noticias-unibac"],"_links":{"self":[{"href":"https:\/\/unibac.edu.co\/webnueva\/wp-json\/wp\/v2\/posts\/21764","targetHints":{"allow":["GET"]}}],"collection":[{"href":"https:\/\/unibac.edu.co\/webnueva\/wp-json\/wp\/v2\/posts"}],"about":[{"href":"https:\/\/unibac.edu.co\/webnueva\/wp-json\/wp\/v2\/types\/post"}],"author":[{"embeddable":true,"href":"https:\/\/unibac.edu.co\/webnueva\/wp-json\/wp\/v2\/users\/1"}],"replies":[{"embeddable":true,"href":"https:\/\/unibac.edu.co\/webnueva\/wp-json\/wp\/v2\/comments?post=21764"}],"version-history":[{"count":7,"href":"https:\/\/unibac.edu.co\/webnueva\/wp-json\/wp\/v2\/posts\/21764\/revisions"}],"predecessor-version":[{"id":21773,"href":"https:\/\/unibac.edu.co\/webnueva\/wp-json\/wp\/v2\/posts\/21764\/revisions\/21773"}],"wp:attachment":[{"href":"https:\/\/unibac.edu.co\/webnueva\/wp-json\/wp\/v2\/media?parent=21764"}],"wp:term":[{"taxonomy":"category","embeddable":true,"href":"https:\/\/unibac.edu.co\/webnueva\/wp-json\/wp\/v2\/categories?post=21764"},{"taxonomy":"post_tag","embeddable":true,"href":"https:\/\/unibac.edu.co\/webnueva\/wp-json\/wp\/v2\/tags?post=21764"}],"curies":[{"name":"wp","href":"https:\/\/api.w.org\/{rel}","templated":true}]}}