{"id":21726,"date":"2023-08-08T14:38:14","date_gmt":"2023-08-08T19:38:14","guid":{"rendered":"https:\/\/unibac.edu.co\/webnueva\/?p=21726"},"modified":"2023-08-08T14:42:27","modified_gmt":"2023-08-08T19:42:27","slug":"biblioteca-marun-gossain-jattin-de-unibac-rinde-homenaje-postumo-al-maestro-alfredo-guerrero","status":"publish","type":"post","link":"https:\/\/unibac.edu.co\/webnueva\/biblioteca-marun-gossain-jattin-de-unibac-rinde-homenaje-postumo-al-maestro-alfredo-guerrero\/","title":{"rendered":"Biblioteca \u201cMar\u00fan Gossa\u00edn Jattin\u201d de Unibac rinde homenaje p\u00f3stumo al maestro Alfredo Guerrero"},"content":{"rendered":"\t\t<div data-elementor-type=\"wp-post\" data-elementor-id=\"21726\" class=\"elementor elementor-21726\" data-elementor-settings=\"{&quot;ha_cmc_init_switcher&quot;:&quot;no&quot;}\">\n\t\t\t\t\t\t<section class=\"elementor-section elementor-top-section elementor-element elementor-element-3735e65 elementor-section-boxed elementor-section-height-default elementor-section-height-default\" data-id=\"3735e65\" data-element_type=\"section\" data-e-type=\"section\" data-settings=\"{&quot;_ha_eqh_enable&quot;:false}\">\n\t\t\t\t\t\t<div class=\"elementor-container elementor-column-gap-default\">\n\t\t\t\t\t<div class=\"elementor-column elementor-col-50 elementor-top-column elementor-element elementor-element-169ff667\" data-id=\"169ff667\" data-element_type=\"column\" data-e-type=\"column\">\n\t\t\t<div class=\"elementor-widget-wrap elementor-element-populated\">\n\t\t\t\t\t\t<div class=\"elementor-element elementor-element-3675145d elementor-widget elementor-widget-image\" data-id=\"3675145d\" data-element_type=\"widget\" data-e-type=\"widget\" data-widget_type=\"image.default\">\n\t\t\t\t<div class=\"elementor-widget-container\">\n\t\t\t\t\t\t\t\t\t\t\t\t\t\t\t<img fetchpriority=\"high\" decoding=\"async\" width=\"900\" height=\"506\" src=\"https:\/\/unibac.edu.co\/webnueva\/wp-content\/uploads\/2023\/08\/Exposicion-postuma-Alfredo-Guerrero-2.jpeg\" class=\"attachment-large size-large wp-image-21729\" alt=\"\" \/>\t\t\t\t\t\t\t\t\t\t\t\t\t\t\t<\/div>\n\t\t\t\t<\/div>\n\t\t\t\t<div class=\"elementor-element elementor-element-2158da70 elementor-widget elementor-widget-gva-heading-block\" data-id=\"2158da70\" data-element_type=\"widget\" data-e-type=\"widget\" data-widget_type=\"gva-heading-block.default\">\n\t\t\t\t<div class=\"elementor-widget-container\">\n\t\t\t\t\t<div class=\"gva-element-gva-heading-block gva-element\">   <div class=\"align-left style-1 widget gsc-heading\">\r\n      <div class=\"content-inner\">\r\n         \r\n                  \r\n                  \r\n                     <h2 class=\"title\">\r\n               <span>Noticias<\/span>\r\n            <\/h2>\r\n         \r\n                     <div class=\"sub-title\"><span>Biblioteca \u201cMar\u00fan Gossa\u00edn Jattin\u201d de Unibac rinde homenaje p\u00f3stumo al maestro Alfredo Guerrero<\/span><\/div>\r\n          \r\n\r\n         \r\n         \r\n      <\/div>\r\n   <\/div>\r\n   <div class=\"clearfix\"><\/div>\r\n<\/div>\t\t\t\t<\/div>\n\t\t\t\t<\/div>\n\t\t\t\t<div class=\"elementor-element elementor-element-24405390 elementor-widget elementor-widget-text-editor\" data-id=\"24405390\" data-element_type=\"widget\" data-e-type=\"widget\" data-widget_type=\"text-editor.default\">\n\t\t\t\t<div class=\"elementor-widget-container\">\n\t\t\t\t\t\t\t\t\t<p><strong>Cartagena de Indias, 8 de agosto de 2023.<\/strong><\/p><p>La biblioteca \u201cMar\u00fan Gossa\u00edn Jattin\u201d de Unibac abri\u00f3 una exposici\u00f3n p\u00f3stuma en homenaje al gran artista cartagenero Alfredo Guerrero, fallecido a sus 87 a\u00f1os el pasado 1 de agosto.<\/p><p>Se trata de una exposici\u00f3n bibliogr\u00e1fica de libros, folletos y revistas sobre la vida y obra del maestro Alfredo Guerrero, quien a trav\u00e9s del dibujo del desnudo femenino y el autorretrato fue merecedor de premios a nivel nacional e internacional.<\/p><p>Sus obras de arte se pueden apreciar en los libros de la colecci\u00f3n bibliogr\u00e1fica de la Biblioteca titulados como: Dibujos de Alfredo Guerrero, Alfredo Guerrero 50 a\u00f1os de Arte, Alfredo Guerrero y su mundo pict\u00f3rico, Alfredo Guerrero la pureza visual, Alfredo Guerrero: obra gr\u00e1fica 1968-1978.<\/p><p>Adem\u00e1s de esta bibliograf\u00eda, la biblioteca cuenta con un completo archivo de prensa sobre Guerrero y la revista institucional de Unibac Ojo al Arte # 2 con un especial sobre est\u00e9n gran artista.<\/p><p>Igualmente en el televisor de la sala de lectura se estar\u00e1 presentando un video sobre la vida y obra del artista.<\/p><p>Desde la Biblioteca de Unibac se reconoce la importancia de rendir tributo a este gran artista y recordar, con gratitud, a quien fue uno de los mejores alumnos del maestro Pierre Daguet y del c\u00e9lebre Grupo de los 15, y luego, fue uno de los alumnos sobresalientes en la Escuela de Bellas Artes.<\/p><p>Lylliana Acosta Ruiz, directora del Fondo Editorial de Unibac, destac\u00f3: \u201cSe da a conocer la obra creativa del gran artista cartagenero Alfredo Guerrero, una gloria del arte colombiano. Un patrimonio del arte para el mundo. uno de los m\u00e1s grandes artistas de Cartagena, su obra integra y enriquece el patrimonio art\u00edstico de Colombia en el Siglo XX y siglo XXI\u201d.<\/p><p>Para conocer m\u00e1s sobre la bibliograf\u00eda existentes en la biblioteca sobre Alfredo Guerrero, consultar el cat\u00e1logo bibliogr\u00e1fico en el siguiente enlace:<\/p><p><a href=\"https:\/\/unibac.prixmasol.com\/catalogo.\" target=\"_blank\" rel=\"noopener\">https:\/\/unibac.prixmasol.com\/catalogo.<\/a><\/p><h4>\u201cNuestra biblioteca m\u00e1s y mejores servicios para el beneficio de los usuarios\u201d.<\/h4>\t\t\t\t\t\t\t\t<\/div>\n\t\t\t\t<\/div>\n\t\t\t\t\t<\/div>\n\t\t<\/div>\n\t\t\t\t<div class=\"elementor-column elementor-col-50 elementor-top-column elementor-element elementor-element-73c950a6\" data-id=\"73c950a6\" data-element_type=\"column\" data-e-type=\"column\">\n\t\t\t<div class=\"elementor-widget-wrap elementor-element-populated\">\n\t\t\t\t\t\t<div class=\"elementor-element elementor-element-704f254b elementor-widget elementor-widget-sidebar\" data-id=\"704f254b\" data-element_type=\"widget\" data-e-type=\"widget\" data-widget_type=\"sidebar.default\">\n\t\t\t\t<div class=\"elementor-widget-container\">\n\t\t\t\t\t\n\t\t<aside id=\"recent-posts-3\" class=\"widget clearfix widget_recent_entries\">\n\t\t<h3 class=\"widget-title\"><span>\u00daltimas Noticias<\/span><\/h3>\n\t\t<ul>\n\t\t\t\t\t\t\t\t\t\t\t<li>\n\t\t\t\t\t<a href=\"https:\/\/unibac.edu.co\/webnueva\/tesis-de-grado-doctoral-sobre-german-cespedes-director-del-conservatorio-de-musica-de-unibac-obtiene-distincion-laureada\/\">Tesis de grado doctoral sobre Germ\u00e1n C\u00e9spedes, director del Conservatorio de M\u00fasica de Unibac, obtiene distinci\u00f3n laureada<\/a>\n\t\t\t\t\t\t\t\t\t\t\t<span class=\"post-date\">24 abril, 2026<\/span>\n\t\t\t\t\t\t\t\t\t<\/li>\n\t\t\t\t\t\t\t\t\t\t\t<li>\n\t\t\t\t\t<a href=\"https:\/\/unibac.edu.co\/webnueva\/ustedes-representan-el-capital-intelectual-renovador-de-nuestra-region-sacra-nader-en-ceremonia-de-graduacion-de-98-nuevos-profesionales-de-unibac\/\">\u201cUstedes representan el capital intelectual renovador de nuestra regi\u00f3n\u201d: Sacra N\u00e1der en ceremonia de graduaci\u00f3n de 98 nuevos profesionales de Unibac<\/a>\n\t\t\t\t\t\t\t\t\t\t\t<span class=\"post-date\">22 abril, 2026<\/span>\n\t\t\t\t\t\t\t\t\t<\/li>\n\t\t\t\t\t\t\t\t\t\t\t<li>\n\t\t\t\t\t<a href=\"https:\/\/unibac.edu.co\/webnueva\/presentacion-de-novedades-editoriales-unibac\/\">Presentaci\u00f3n de Novedades Editoriales \u2013 Unibac<\/a>\n\t\t\t\t\t\t\t\t\t\t\t<span class=\"post-date\">30 marzo, 2026<\/span>\n\t\t\t\t\t\t\t\t\t<\/li>\n\t\t\t\t\t\t\t\t\t\t\t<li>\n\t\t\t\t\t<a href=\"https:\/\/unibac.edu.co\/webnueva\/estudiantes-de-diseno-industrial-unibac-finalistas-en-green-product-award-alemania-con-productos-hechos-con-flores-yuca-y-alpiste\/\">Estudiantes de Dise\u00f1o Industrial Unibac, finalistas en Green Product Award (Alemania) con productos hechos con flores, yuca y alpiste<\/a>\n\t\t\t\t\t\t\t\t\t\t\t<span class=\"post-date\">19 marzo, 2026<\/span>\n\t\t\t\t\t\t\t\t\t<\/li>\n\t\t\t\t\t\t\t\t\t\t\t<li>\n\t\t\t\t\t<a href=\"https:\/\/unibac.edu.co\/webnueva\/la-toma-2026-manantial-creativo-en-trabajos-de-grado-de-estudiantes-unibac\/\">\u201cLa Toma 2026\u201d, manantial creativo en trabajos de grado de estudiantes Unibac<\/a>\n\t\t\t\t\t\t\t\t\t\t\t<span class=\"post-date\">10 marzo, 2026<\/span>\n\t\t\t\t\t\t\t\t\t<\/li>\n\t\t\t\t\t<\/ul>\n\n\t\t<\/aside>\t\t\t\t<\/div>\n\t\t\t\t<\/div>\n\t\t\t\t\t<\/div>\n\t\t<\/div>\n\t\t\t\t\t<\/div>\n\t\t<\/section>\n\t\t\t\t<\/div>\n\t\t","protected":false},"excerpt":{"rendered":"<p>Noticias Biblioteca \u201cMar\u00fan Gossa\u00edn Jattin\u201d de Unibac rinde homenaje p\u00f3stumo al maestro Alfredo Guerrero Cartagena de Indias, 8 de agosto [&hellip;]<\/p>\n","protected":false},"author":1,"featured_media":0,"comment_status":"closed","ping_status":"closed","sticky":false,"template":"","format":"standard","meta":{"footnotes":""},"categories":[79],"tags":[],"class_list":["post-21726","post","type-post","status-publish","format-standard","hentry","category-noticias-unibac"],"_links":{"self":[{"href":"https:\/\/unibac.edu.co\/webnueva\/wp-json\/wp\/v2\/posts\/21726","targetHints":{"allow":["GET"]}}],"collection":[{"href":"https:\/\/unibac.edu.co\/webnueva\/wp-json\/wp\/v2\/posts"}],"about":[{"href":"https:\/\/unibac.edu.co\/webnueva\/wp-json\/wp\/v2\/types\/post"}],"author":[{"embeddable":true,"href":"https:\/\/unibac.edu.co\/webnueva\/wp-json\/wp\/v2\/users\/1"}],"replies":[{"embeddable":true,"href":"https:\/\/unibac.edu.co\/webnueva\/wp-json\/wp\/v2\/comments?post=21726"}],"version-history":[{"count":4,"href":"https:\/\/unibac.edu.co\/webnueva\/wp-json\/wp\/v2\/posts\/21726\/revisions"}],"predecessor-version":[{"id":21732,"href":"https:\/\/unibac.edu.co\/webnueva\/wp-json\/wp\/v2\/posts\/21726\/revisions\/21732"}],"wp:attachment":[{"href":"https:\/\/unibac.edu.co\/webnueva\/wp-json\/wp\/v2\/media?parent=21726"}],"wp:term":[{"taxonomy":"category","embeddable":true,"href":"https:\/\/unibac.edu.co\/webnueva\/wp-json\/wp\/v2\/categories?post=21726"},{"taxonomy":"post_tag","embeddable":true,"href":"https:\/\/unibac.edu.co\/webnueva\/wp-json\/wp\/v2\/tags?post=21726"}],"curies":[{"name":"wp","href":"https:\/\/api.w.org\/{rel}","templated":true}]}}