{"id":21498,"date":"2023-07-20T07:17:05","date_gmt":"2023-07-20T12:17:05","guid":{"rendered":"https:\/\/unibac.edu.co\/webnueva\/?p=21498"},"modified":"2023-07-21T07:25:39","modified_gmt":"2023-07-21T12:25:39","slug":"comunidad-en-el-centro-cultural-del-socorro-disfruto-la-musica-de-adolfo-mejia","status":"publish","type":"post","link":"https:\/\/unibac.edu.co\/webnueva\/comunidad-en-el-centro-cultural-del-socorro-disfruto-la-musica-de-adolfo-mejia\/","title":{"rendered":"Comunidad en el Centro Cultural del Socorro disfrut\u00f3 la M\u00fasica de Adolfo Mej\u00eda"},"content":{"rendered":"\t\t<div data-elementor-type=\"wp-post\" data-elementor-id=\"21498\" class=\"elementor elementor-21498\" data-elementor-settings=\"{&quot;ha_cmc_init_switcher&quot;:&quot;no&quot;}\">\n\t\t\t\t\t\t<section class=\"elementor-section elementor-top-section elementor-element elementor-element-4513031d elementor-section-boxed elementor-section-height-default elementor-section-height-default\" data-id=\"4513031d\" data-element_type=\"section\" data-e-type=\"section\" data-settings=\"{&quot;_ha_eqh_enable&quot;:false}\">\n\t\t\t\t\t\t<div class=\"elementor-container elementor-column-gap-default\">\n\t\t\t\t\t<div class=\"elementor-column elementor-col-50 elementor-top-column elementor-element elementor-element-67b9d10c\" data-id=\"67b9d10c\" data-element_type=\"column\" data-e-type=\"column\">\n\t\t\t<div class=\"elementor-widget-wrap elementor-element-populated\">\n\t\t\t\t\t\t<div class=\"elementor-element elementor-element-1dc6061c elementor-widget elementor-widget-image\" data-id=\"1dc6061c\" data-element_type=\"widget\" data-e-type=\"widget\" data-widget_type=\"image.default\">\n\t\t\t\t<div class=\"elementor-widget-container\">\n\t\t\t\t\t\t\t\t\t\t\t\t\t\t\t<img fetchpriority=\"high\" decoding=\"async\" width=\"900\" height=\"506\" src=\"https:\/\/unibac.edu.co\/webnueva\/wp-content\/uploads\/2023\/07\/Socorro-1-1024x576.jpeg\" class=\"attachment-large size-large wp-image-21508\" alt=\"\" \/>\t\t\t\t\t\t\t\t\t\t\t\t\t\t\t<\/div>\n\t\t\t\t<\/div>\n\t\t\t\t<div class=\"elementor-element elementor-element-ca42f2b elementor-widget elementor-widget-gva-heading-block\" data-id=\"ca42f2b\" data-element_type=\"widget\" data-e-type=\"widget\" data-widget_type=\"gva-heading-block.default\">\n\t\t\t\t<div class=\"elementor-widget-container\">\n\t\t\t\t\t<div class=\"gva-element-gva-heading-block gva-element\">   <div class=\"align-left style-1 widget gsc-heading\">\r\n      <div class=\"content-inner\">\r\n         \r\n                  \r\n                  \r\n                     <h2 class=\"title\">\r\n               <span>Noticias<\/span>\r\n            <\/h2>\r\n         \r\n                     <div class=\"sub-title\"><span>Comunidad en el Centro Cultural del Socorro disfrut\u00f3 la M\u00fasica de Adolfo Mej\u00eda<\/span><\/div>\r\n          \r\n\r\n         \r\n         \r\n      <\/div>\r\n   <\/div>\r\n   <div class=\"clearfix\"><\/div>\r\n<\/div>\t\t\t\t<\/div>\n\t\t\t\t<\/div>\n\t\t\t\t<div class=\"elementor-element elementor-element-2196fed3 elementor-widget elementor-widget-text-editor\" data-id=\"2196fed3\" data-element_type=\"widget\" data-e-type=\"widget\" data-widget_type=\"text-editor.default\">\n\t\t\t\t<div class=\"elementor-widget-container\">\n\t\t\t\t\t\t\t\t\t<p><strong>Cartagena de Indias, 20 de julio de 2023.<\/strong><\/p><p>El concierto \u201cAdolfo Mej\u00eda y Cartagena: v\u00ednculo de letras y melod\u00edas\u201d tuvo espl\u00e9ndida acogida en la comunidad congregada en el Centro Cultural del Socorro, que disfrut\u00f3 las obras interpretadas por los cuartetos de Guitarras y de Cuerdas del Conservatorio Adolfo Mej\u00eda de Unibac.<\/p><p>Fue una actividad disfrutada por familias que acudieron para deleitarse con la magistral creatividad del maestro Adolfo Mej\u00eda, en el mes en que se conmemoran los 50 a\u00f1os de su fallecimiento.<\/p><p>El concierto did\u00e1ctico \u201cAdolfo Mej\u00eda y Cartagena: v\u00ednculo de letras y melod\u00edas\u201d tuvo su primera cita el pasado jueves en el centro cultural Las Pilanderas, de El Poz\u00f3n, que result\u00f3 ilustrativo sobre la versatilidad compositiva del egregio maestro, con obras de su repertorio cl\u00e1sico y popular.<\/p><p>Estos conciertos hacen parte de la programaci\u00f3n conjunta elaborada por la Instituci\u00f3n Universitaria de Bellas Artes -Unibac- y el instituto de Patrimonio y Cultura de Cartagena -IPCC-.<\/p><p>El concierto did\u00e1ctico &#8220;Cartagena y Mej\u00eda, un v\u00ednculo de letras y melod\u00edas&#8221; tuvo la presentaci\u00f3n de artistas del Conservatorio \u201cAdolfo Mej\u00eda\u201d de Unibac: Cuarteto de Guitarras conformado por Juan Camilo Tarazona, Camilo Guerrero, Joel Barbosa, Daniel Al\u00edan y el Cuarteto de Cuerdas Adolfo Mej\u00eda conformado por Paul Monroy, Diego Prada, Diana Guti\u00e9rrez, Jorge Nordmann.<\/p><p>El repertorio ejecutado por el Cuarteto de Guitarras fue: Pasillo en mi bemol y Bambuco en mi menor, arreglos para cuarteto de guitarras de Juan Camilo Tarazona; Malague\u00f1a para guitarra solo, solista Juan Camilo Tarazona. El Cuarteto de Cuerdas interpret\u00f3: Improvisaci\u00f3n, Bambuco en Si menor, Pasillo No. 1, Pasillo No. 2, Pincho.<\/p><p>La presentaci\u00f3n del concierto, con informaci\u00f3n pedag\u00f3gica sobre la vida y obra del maestro Adolfo Mej\u00eda estuvo a cargo del docente e investigador musical Hern\u00e1n Alberto Salazar.<\/p><p>Adem\u00e1s de ser un prodigioso ejecutante del piano o guitarra y eximio compositor, Mej\u00eda tambi\u00e9n dedic\u00f3 muchos a\u00f1os a la ense\u00f1anza musical, como docente de Bellas Artes. El recordado artista naci\u00f3 en Sinc\u00e9, Sucre, en 1905 y falleci\u00f3 en Cartagena de Indias en 1973.<\/p><p>La programaci\u00f3n del Mes Adolfo Mej\u00eda continuar\u00e1 con estas actividades:<\/p><ul><li>Jueves 27 de julio. Museo Naval del Caribe. Concierto: La m\u00fasica de c\u00e1mara de Adolfo Mej\u00eda. 5:00 p.m.<\/li><li>Viernes 28 de julio. Conversatorio concierto: La m\u00fasica vocal y coral de Adolfo Mej\u00eda. Teatro Adolfo Mej\u00eda. 6:00 p.m.<\/li><\/ul>\t\t\t\t\t\t\t\t<\/div>\n\t\t\t\t<\/div>\n\t\t\t\t<div class=\"elementor-element elementor-element-5118924 gallery-spacing-custom elementor-widget elementor-widget-image-gallery\" data-id=\"5118924\" data-element_type=\"widget\" data-e-type=\"widget\" data-widget_type=\"image-gallery.default\">\n\t\t\t\t<div class=\"elementor-widget-container\">\n\t\t\t\t\t\t\t<div class=\"elementor-image-gallery\">\n\t\t\t\n\t\t<style type=\"text\/css\">\n\t\t\t#gallery-1 {\n\t\t\t\tmargin: auto;\n\t\t\t}\n\t\t\t#gallery-1 .gallery-item {\n\t\t\t\tfloat: left;\n\t\t\t\tmargin-top: 10px;\n\t\t\t\ttext-align: center;\n\t\t\t\twidth: 33%;\n\t\t\t}\n\t\t\t#gallery-1 img {\n\t\t\t\tborder: 2px solid #cfcfcf;\n\t\t\t}\n\t\t\t#gallery-1 .gallery-caption {\n\t\t\t\tmargin-left: 0;\n\t\t\t}\n\t\t\t\/* see gallery_shortcode() in wp-includes\/media.php *\/\n\t\t<\/style>\n\t\t<div id='gallery-1' class='gallery galleryid-21498 gallery-columns-3 gallery-size-thumbnail'><dl class='gallery-item'>\n\t\t\t<dt class='gallery-icon landscape'>\n\t\t\t\t<img decoding=\"async\" width=\"180\" height=\"180\" src=\"https:\/\/unibac.edu.co\/webnueva\/wp-content\/uploads\/2023\/07\/Socorro-2-180x180.jpeg\" class=\"attachment-thumbnail size-thumbnail\" alt=\"\" \/>\n\t\t\t<\/dt><\/dl><dl class='gallery-item'>\n\t\t\t<dt class='gallery-icon landscape'>\n\t\t\t\t<img decoding=\"async\" width=\"180\" height=\"180\" src=\"https:\/\/unibac.edu.co\/webnueva\/wp-content\/uploads\/2023\/07\/Socorro-6-180x180.jpeg\" class=\"attachment-thumbnail size-thumbnail\" alt=\"\" \/>\n\t\t\t<\/dt><\/dl><dl class='gallery-item'>\n\t\t\t<dt class='gallery-icon landscape'>\n\t\t\t\t<img loading=\"lazy\" decoding=\"async\" width=\"180\" height=\"180\" src=\"https:\/\/unibac.edu.co\/webnueva\/wp-content\/uploads\/2023\/07\/Socorro-4-180x180.jpeg\" class=\"attachment-thumbnail size-thumbnail\" alt=\"\" \/>\n\t\t\t<\/dt><\/dl><br style=\"clear: both\" \/><dl class='gallery-item'>\n\t\t\t<dt class='gallery-icon landscape'>\n\t\t\t\t<img loading=\"lazy\" decoding=\"async\" width=\"180\" height=\"180\" src=\"https:\/\/unibac.edu.co\/webnueva\/wp-content\/uploads\/2023\/07\/Socorro-5-180x180.jpeg\" class=\"attachment-thumbnail size-thumbnail\" alt=\"\" \/>\n\t\t\t<\/dt><\/dl><dl class='gallery-item'>\n\t\t\t<dt class='gallery-icon landscape'>\n\t\t\t\t<img loading=\"lazy\" decoding=\"async\" width=\"180\" height=\"180\" src=\"https:\/\/unibac.edu.co\/webnueva\/wp-content\/uploads\/2023\/07\/Socorro-3-180x180.jpeg\" class=\"attachment-thumbnail size-thumbnail\" alt=\"\" \/>\n\t\t\t<\/dt><\/dl>\n\t\t\t<br style='clear: both' \/>\n\t\t<\/div>\n\t\t<\/div>\n\t\t\t\t\t\t<\/div>\n\t\t\t\t<\/div>\n\t\t\t\t\t<\/div>\n\t\t<\/div>\n\t\t\t\t<div class=\"elementor-column elementor-col-50 elementor-top-column elementor-element elementor-element-7055f5b1\" data-id=\"7055f5b1\" data-element_type=\"column\" data-e-type=\"column\">\n\t\t\t<div class=\"elementor-widget-wrap elementor-element-populated\">\n\t\t\t\t\t\t<div class=\"elementor-element elementor-element-2d21ee45 elementor-widget elementor-widget-sidebar\" data-id=\"2d21ee45\" data-element_type=\"widget\" data-e-type=\"widget\" data-widget_type=\"sidebar.default\">\n\t\t\t\t<div class=\"elementor-widget-container\">\n\t\t\t\t\t\n\t\t<aside id=\"recent-posts-3\" class=\"widget clearfix widget_recent_entries\">\n\t\t<h3 class=\"widget-title\"><span>\u00daltimas Noticias<\/span><\/h3>\n\t\t<ul>\n\t\t\t\t\t\t\t\t\t\t\t<li>\n\t\t\t\t\t<a href=\"https:\/\/unibac.edu.co\/webnueva\/tesis-de-grado-doctoral-sobre-german-cespedes-director-del-conservatorio-de-musica-de-unibac-obtiene-distincion-laureada\/\">Tesis de grado doctoral sobre Germ\u00e1n C\u00e9spedes, director del Conservatorio de M\u00fasica de Unibac, obtiene distinci\u00f3n laureada<\/a>\n\t\t\t\t\t\t\t\t\t\t\t<span class=\"post-date\">24 abril, 2026<\/span>\n\t\t\t\t\t\t\t\t\t<\/li>\n\t\t\t\t\t\t\t\t\t\t\t<li>\n\t\t\t\t\t<a href=\"https:\/\/unibac.edu.co\/webnueva\/ustedes-representan-el-capital-intelectual-renovador-de-nuestra-region-sacra-nader-en-ceremonia-de-graduacion-de-98-nuevos-profesionales-de-unibac\/\">\u201cUstedes representan el capital intelectual renovador de nuestra regi\u00f3n\u201d: Sacra N\u00e1der en ceremonia de graduaci\u00f3n de 98 nuevos profesionales de Unibac<\/a>\n\t\t\t\t\t\t\t\t\t\t\t<span class=\"post-date\">22 abril, 2026<\/span>\n\t\t\t\t\t\t\t\t\t<\/li>\n\t\t\t\t\t\t\t\t\t\t\t<li>\n\t\t\t\t\t<a href=\"https:\/\/unibac.edu.co\/webnueva\/presentacion-de-novedades-editoriales-unibac\/\">Presentaci\u00f3n de Novedades Editoriales \u2013 Unibac<\/a>\n\t\t\t\t\t\t\t\t\t\t\t<span class=\"post-date\">30 marzo, 2026<\/span>\n\t\t\t\t\t\t\t\t\t<\/li>\n\t\t\t\t\t\t\t\t\t\t\t<li>\n\t\t\t\t\t<a href=\"https:\/\/unibac.edu.co\/webnueva\/estudiantes-de-diseno-industrial-unibac-finalistas-en-green-product-award-alemania-con-productos-hechos-con-flores-yuca-y-alpiste\/\">Estudiantes de Dise\u00f1o Industrial Unibac, finalistas en Green Product Award (Alemania) con productos hechos con flores, yuca y alpiste<\/a>\n\t\t\t\t\t\t\t\t\t\t\t<span class=\"post-date\">19 marzo, 2026<\/span>\n\t\t\t\t\t\t\t\t\t<\/li>\n\t\t\t\t\t\t\t\t\t\t\t<li>\n\t\t\t\t\t<a href=\"https:\/\/unibac.edu.co\/webnueva\/la-toma-2026-manantial-creativo-en-trabajos-de-grado-de-estudiantes-unibac\/\">\u201cLa Toma 2026\u201d, manantial creativo en trabajos de grado de estudiantes Unibac<\/a>\n\t\t\t\t\t\t\t\t\t\t\t<span class=\"post-date\">10 marzo, 2026<\/span>\n\t\t\t\t\t\t\t\t\t<\/li>\n\t\t\t\t\t<\/ul>\n\n\t\t<\/aside>\t\t\t\t<\/div>\n\t\t\t\t<\/div>\n\t\t\t\t\t<\/div>\n\t\t<\/div>\n\t\t\t\t\t<\/div>\n\t\t<\/section>\n\t\t\t\t<\/div>\n\t\t","protected":false},"excerpt":{"rendered":"<p>Noticias Comunidad en el Centro Cultural del Socorro disfrut\u00f3 la M\u00fasica de Adolfo Mej\u00eda Cartagena de Indias, 20 de julio [&hellip;]<\/p>\n","protected":false},"author":1,"featured_media":0,"comment_status":"closed","ping_status":"closed","sticky":false,"template":"","format":"standard","meta":{"footnotes":""},"categories":[79],"tags":[],"class_list":["post-21498","post","type-post","status-publish","format-standard","hentry","category-noticias-unibac"],"_links":{"self":[{"href":"https:\/\/unibac.edu.co\/webnueva\/wp-json\/wp\/v2\/posts\/21498","targetHints":{"allow":["GET"]}}],"collection":[{"href":"https:\/\/unibac.edu.co\/webnueva\/wp-json\/wp\/v2\/posts"}],"about":[{"href":"https:\/\/unibac.edu.co\/webnueva\/wp-json\/wp\/v2\/types\/post"}],"author":[{"embeddable":true,"href":"https:\/\/unibac.edu.co\/webnueva\/wp-json\/wp\/v2\/users\/1"}],"replies":[{"embeddable":true,"href":"https:\/\/unibac.edu.co\/webnueva\/wp-json\/wp\/v2\/comments?post=21498"}],"version-history":[{"count":10,"href":"https:\/\/unibac.edu.co\/webnueva\/wp-json\/wp\/v2\/posts\/21498\/revisions"}],"predecessor-version":[{"id":21515,"href":"https:\/\/unibac.edu.co\/webnueva\/wp-json\/wp\/v2\/posts\/21498\/revisions\/21515"}],"wp:attachment":[{"href":"https:\/\/unibac.edu.co\/webnueva\/wp-json\/wp\/v2\/media?parent=21498"}],"wp:term":[{"taxonomy":"category","embeddable":true,"href":"https:\/\/unibac.edu.co\/webnueva\/wp-json\/wp\/v2\/categories?post=21498"},{"taxonomy":"post_tag","embeddable":true,"href":"https:\/\/unibac.edu.co\/webnueva\/wp-json\/wp\/v2\/tags?post=21498"}],"curies":[{"name":"wp","href":"https:\/\/api.w.org\/{rel}","templated":true}]}}