{"id":21382,"date":"2023-07-11T06:40:58","date_gmt":"2023-07-11T11:40:58","guid":{"rendered":"https:\/\/unibac.edu.co\/webnueva\/?p=21382"},"modified":"2023-07-12T06:55:13","modified_gmt":"2023-07-12T11:55:13","slug":"tres-estudiantes-de-unibac-entre-los-finalistas-del-festival-de-percusion-cartagena-2023","status":"publish","type":"post","link":"https:\/\/unibac.edu.co\/webnueva\/tres-estudiantes-de-unibac-entre-los-finalistas-del-festival-de-percusion-cartagena-2023\/","title":{"rendered":"Tres estudiantes de Unibac entre los finalistas del Festival de Percusi\u00f3n Cartagena 2023"},"content":{"rendered":"\t\t<div data-elementor-type=\"wp-post\" data-elementor-id=\"21382\" class=\"elementor elementor-21382\" data-elementor-settings=\"{&quot;ha_cmc_init_switcher&quot;:&quot;no&quot;}\">\n\t\t\t\t\t\t<section class=\"elementor-section elementor-top-section elementor-element elementor-element-1f6d7660 elementor-section-boxed elementor-section-height-default elementor-section-height-default\" data-id=\"1f6d7660\" data-element_type=\"section\" data-e-type=\"section\" data-settings=\"{&quot;_ha_eqh_enable&quot;:false}\">\n\t\t\t\t\t\t<div class=\"elementor-container elementor-column-gap-default\">\n\t\t\t\t\t<div class=\"elementor-column elementor-col-50 elementor-top-column elementor-element elementor-element-24893fa8\" data-id=\"24893fa8\" data-element_type=\"column\" data-e-type=\"column\">\n\t\t\t<div class=\"elementor-widget-wrap elementor-element-populated\">\n\t\t\t\t\t\t<div class=\"elementor-element elementor-element-445780f8 elementor-widget elementor-widget-image\" data-id=\"445780f8\" data-element_type=\"widget\" data-e-type=\"widget\" data-widget_type=\"image.default\">\n\t\t\t\t<div class=\"elementor-widget-container\">\n\t\t\t\t\t\t\t\t\t\t\t\t\t\t\t<img fetchpriority=\"high\" decoding=\"async\" width=\"819\" height=\"1024\" src=\"https:\/\/unibac.edu.co\/webnueva\/wp-content\/uploads\/2023\/07\/Festival-de-Percusion-2023-819x1024.png\" class=\"attachment-large size-large wp-image-21385\" alt=\"\" \/>\t\t\t\t\t\t\t\t\t\t\t\t\t\t\t<\/div>\n\t\t\t\t<\/div>\n\t\t\t\t<div class=\"elementor-element elementor-element-46b1e6e4 elementor-widget elementor-widget-gva-heading-block\" data-id=\"46b1e6e4\" data-element_type=\"widget\" data-e-type=\"widget\" data-widget_type=\"gva-heading-block.default\">\n\t\t\t\t<div class=\"elementor-widget-container\">\n\t\t\t\t\t<div class=\"gva-element-gva-heading-block gva-element\">   <div class=\"align-left style-1 widget gsc-heading\">\r\n      <div class=\"content-inner\">\r\n         \r\n                  \r\n                  \r\n                     <h2 class=\"title\">\r\n               <span>Noticias<\/span>\r\n            <\/h2>\r\n         \r\n                     <div class=\"sub-title\"><span>Tres estudiantes de Unibac entre los finalistas del Festival de Percusi\u00f3n Cartagena 2023<\/span><\/div>\r\n          \r\n\r\n         \r\n         \r\n      <\/div>\r\n   <\/div>\r\n   <div class=\"clearfix\"><\/div>\r\n<\/div>\t\t\t\t<\/div>\n\t\t\t\t<\/div>\n\t\t\t\t<div class=\"elementor-element elementor-element-6149d099 elementor-widget elementor-widget-text-editor\" data-id=\"6149d099\" data-element_type=\"widget\" data-e-type=\"widget\" data-widget_type=\"text-editor.default\">\n\t\t\t\t<div class=\"elementor-widget-container\">\n\t\t\t\t\t\t\t\t\t<p><strong>Cartagena de Indias, 11 de julio de 2023.<\/strong><\/p><p>Diez talentosos m\u00fasicos son los que clasificaron para la gran final del Festival de Percusi\u00f3n Cartagena 2023, que se cumple del 14 al 16 de agosto pr\u00f3ximos.<\/p><p>Entre los finalistas hay tres talentos Unibac: los estudiantes Manuela Mari\u00f1o, Caleb Malambo y Carlos Mario Puello.<\/p><p>El Festival contempla cuatro categor\u00edas: Redoblante, Multipercusi\u00f3n, Teclado a dos baquetas y Teclado a cuatro baquetas.<\/p><p>El objetivo de la competencia es promover y fomentar la interpretaci\u00f3n musical en los niveles b\u00e1sicos e intermedios en formaci\u00f3n de percusi\u00f3n solista en estudiantes de conservatorios de m\u00fasica y escuelas con formaci\u00f3n superior en Colombia, Cartagena y el Caribe colombiano.<\/p><h4>Los finalistas son:<\/h4><p><strong>Categor\u00eda Redoblante:<\/strong> Juan Pablo Ospina Mu\u00f1oz y Juliana Pe\u00f1a Ojeda.<\/p><p><strong>Categor\u00eda Multipercusi\u00f3n:<\/strong> Jer\u00f3nimo Villamar\u00edn Pe\u00f1a, Caleb de Jes\u00fas Malambo Bello (Unibac) y<br \/>Jayder Adri\u00e1n Parra Carvajal.<\/p><p><strong>Categor\u00eda Teclado a dos baquetas:<\/strong> Gabriel Eduardo Palencia Delgado y Manuela Mari\u00f1o Valencia (Unibac).<\/p><p><strong>Categor\u00eda Teclado a cuatro baquetas:<\/strong> Jer\u00f3nimo Giraldo Giraldo, Luis Alberto Yepes Ortiz y<br \/>Carlos Mario Puello Castillo (Unibac).<\/p><p>El jurado est\u00e1 integrado por Sergei Golovko, Estefan\u00eda \u00c1lvarez, Edgardo Trigo, Juan de Jes\u00fas P\u00e9rez y Wilson Tovar Jaramillo, director del Festival.<br \/>Adem\u00e1s de la competencia, el festival tambi\u00e9n contempla otras actividades como m\u00e1ster class, talleres y conciertos.<\/p>\t\t\t\t\t\t\t\t<\/div>\n\t\t\t\t<\/div>\n\t\t\t\t\t<\/div>\n\t\t<\/div>\n\t\t\t\t<div class=\"elementor-column elementor-col-50 elementor-top-column elementor-element elementor-element-1cc21e4a\" data-id=\"1cc21e4a\" data-element_type=\"column\" data-e-type=\"column\">\n\t\t\t<div class=\"elementor-widget-wrap elementor-element-populated\">\n\t\t\t\t\t\t<div class=\"elementor-element elementor-element-5f2b7bef elementor-widget elementor-widget-sidebar\" data-id=\"5f2b7bef\" data-element_type=\"widget\" data-e-type=\"widget\" data-widget_type=\"sidebar.default\">\n\t\t\t\t<div class=\"elementor-widget-container\">\n\t\t\t\t\t\n\t\t<aside id=\"recent-posts-3\" class=\"widget clearfix widget_recent_entries\">\n\t\t<h3 class=\"widget-title\"><span>\u00daltimas Noticias<\/span><\/h3>\n\t\t<ul>\n\t\t\t\t\t\t\t\t\t\t\t<li>\n\t\t\t\t\t<a href=\"https:\/\/unibac.edu.co\/webnueva\/tesis-de-grado-doctoral-sobre-german-cespedes-director-del-conservatorio-de-musica-de-unibac-obtiene-distincion-laureada\/\">Tesis de grado doctoral sobre Germ\u00e1n C\u00e9spedes, director del Conservatorio de M\u00fasica de Unibac, obtiene distinci\u00f3n laureada<\/a>\n\t\t\t\t\t\t\t\t\t\t\t<span class=\"post-date\">24 abril, 2026<\/span>\n\t\t\t\t\t\t\t\t\t<\/li>\n\t\t\t\t\t\t\t\t\t\t\t<li>\n\t\t\t\t\t<a href=\"https:\/\/unibac.edu.co\/webnueva\/ustedes-representan-el-capital-intelectual-renovador-de-nuestra-region-sacra-nader-en-ceremonia-de-graduacion-de-98-nuevos-profesionales-de-unibac\/\">\u201cUstedes representan el capital intelectual renovador de nuestra regi\u00f3n\u201d: Sacra N\u00e1der en ceremonia de graduaci\u00f3n de 98 nuevos profesionales de Unibac<\/a>\n\t\t\t\t\t\t\t\t\t\t\t<span class=\"post-date\">22 abril, 2026<\/span>\n\t\t\t\t\t\t\t\t\t<\/li>\n\t\t\t\t\t\t\t\t\t\t\t<li>\n\t\t\t\t\t<a href=\"https:\/\/unibac.edu.co\/webnueva\/presentacion-de-novedades-editoriales-unibac\/\">Presentaci\u00f3n de Novedades Editoriales \u2013 Unibac<\/a>\n\t\t\t\t\t\t\t\t\t\t\t<span class=\"post-date\">30 marzo, 2026<\/span>\n\t\t\t\t\t\t\t\t\t<\/li>\n\t\t\t\t\t\t\t\t\t\t\t<li>\n\t\t\t\t\t<a href=\"https:\/\/unibac.edu.co\/webnueva\/estudiantes-de-diseno-industrial-unibac-finalistas-en-green-product-award-alemania-con-productos-hechos-con-flores-yuca-y-alpiste\/\">Estudiantes de Dise\u00f1o Industrial Unibac, finalistas en Green Product Award (Alemania) con productos hechos con flores, yuca y alpiste<\/a>\n\t\t\t\t\t\t\t\t\t\t\t<span class=\"post-date\">19 marzo, 2026<\/span>\n\t\t\t\t\t\t\t\t\t<\/li>\n\t\t\t\t\t\t\t\t\t\t\t<li>\n\t\t\t\t\t<a href=\"https:\/\/unibac.edu.co\/webnueva\/la-toma-2026-manantial-creativo-en-trabajos-de-grado-de-estudiantes-unibac\/\">\u201cLa Toma 2026\u201d, manantial creativo en trabajos de grado de estudiantes Unibac<\/a>\n\t\t\t\t\t\t\t\t\t\t\t<span class=\"post-date\">10 marzo, 2026<\/span>\n\t\t\t\t\t\t\t\t\t<\/li>\n\t\t\t\t\t<\/ul>\n\n\t\t<\/aside>\t\t\t\t<\/div>\n\t\t\t\t<\/div>\n\t\t\t\t\t<\/div>\n\t\t<\/div>\n\t\t\t\t\t<\/div>\n\t\t<\/section>\n\t\t\t\t<\/div>\n\t\t","protected":false},"excerpt":{"rendered":"<p>Noticias Tres estudiantes de Unibac entre los finalistas del Festival de Percusi\u00f3n Cartagena 2023 Cartagena de Indias, 11 de julio [&hellip;]<\/p>\n","protected":false},"author":1,"featured_media":0,"comment_status":"closed","ping_status":"closed","sticky":false,"template":"","format":"standard","meta":{"footnotes":""},"categories":[79],"tags":[],"class_list":["post-21382","post","type-post","status-publish","format-standard","hentry","category-noticias-unibac"],"_links":{"self":[{"href":"https:\/\/unibac.edu.co\/webnueva\/wp-json\/wp\/v2\/posts\/21382","targetHints":{"allow":["GET"]}}],"collection":[{"href":"https:\/\/unibac.edu.co\/webnueva\/wp-json\/wp\/v2\/posts"}],"about":[{"href":"https:\/\/unibac.edu.co\/webnueva\/wp-json\/wp\/v2\/types\/post"}],"author":[{"embeddable":true,"href":"https:\/\/unibac.edu.co\/webnueva\/wp-json\/wp\/v2\/users\/1"}],"replies":[{"embeddable":true,"href":"https:\/\/unibac.edu.co\/webnueva\/wp-json\/wp\/v2\/comments?post=21382"}],"version-history":[{"count":4,"href":"https:\/\/unibac.edu.co\/webnueva\/wp-json\/wp\/v2\/posts\/21382\/revisions"}],"predecessor-version":[{"id":21388,"href":"https:\/\/unibac.edu.co\/webnueva\/wp-json\/wp\/v2\/posts\/21382\/revisions\/21388"}],"wp:attachment":[{"href":"https:\/\/unibac.edu.co\/webnueva\/wp-json\/wp\/v2\/media?parent=21382"}],"wp:term":[{"taxonomy":"category","embeddable":true,"href":"https:\/\/unibac.edu.co\/webnueva\/wp-json\/wp\/v2\/categories?post=21382"},{"taxonomy":"post_tag","embeddable":true,"href":"https:\/\/unibac.edu.co\/webnueva\/wp-json\/wp\/v2\/tags?post=21382"}],"curies":[{"name":"wp","href":"https:\/\/api.w.org\/{rel}","templated":true}]}}