{"id":21022,"date":"2023-06-07T09:09:03","date_gmt":"2023-06-07T14:09:03","guid":{"rendered":"https:\/\/unibac.edu.co\/webnueva\/?p=21022"},"modified":"2023-06-22T17:42:26","modified_gmt":"2023-06-22T22:42:26","slug":"inscripciones-abiertas-a-los-campamentos-de-veranos-de-unibac","status":"publish","type":"post","link":"https:\/\/unibac.edu.co\/webnueva\/inscripciones-abiertas-a-los-campamentos-de-veranos-de-unibac\/","title":{"rendered":"\u00a1Inscripciones abiertas! A los campamentos de veranos de Unibac"},"content":{"rendered":"\t\t<div data-elementor-type=\"wp-post\" data-elementor-id=\"21022\" class=\"elementor elementor-21022\" data-elementor-settings=\"{&quot;ha_cmc_init_switcher&quot;:&quot;no&quot;}\">\n\t\t\t\t\t\t<section class=\"elementor-section elementor-top-section elementor-element elementor-element-65c81843 elementor-section-boxed elementor-section-height-default elementor-section-height-default\" data-id=\"65c81843\" data-element_type=\"section\" data-e-type=\"section\" data-settings=\"{&quot;_ha_eqh_enable&quot;:false}\">\n\t\t\t\t\t\t<div class=\"elementor-container elementor-column-gap-default\">\n\t\t\t\t\t<div class=\"elementor-column elementor-col-50 elementor-top-column elementor-element elementor-element-7e2efe6e\" data-id=\"7e2efe6e\" data-element_type=\"column\" data-e-type=\"column\">\n\t\t\t<div class=\"elementor-widget-wrap elementor-element-populated\">\n\t\t\t\t\t\t<div class=\"elementor-element elementor-element-20656ef0 elementor-widget elementor-widget-image\" data-id=\"20656ef0\" data-element_type=\"widget\" data-e-type=\"widget\" data-widget_type=\"image.default\">\n\t\t\t\t<div class=\"elementor-widget-container\">\n\t\t\t\t\t\t\t\t\t\t\t\t\t\t\t<img fetchpriority=\"high\" decoding=\"async\" width=\"900\" height=\"333\" src=\"https:\/\/unibac.edu.co\/webnueva\/wp-content\/uploads\/2023\/06\/campamentos-1024x379.png\" class=\"attachment-large size-large wp-image-21034\" alt=\"\" \/>\t\t\t\t\t\t\t\t\t\t\t\t\t\t\t<\/div>\n\t\t\t\t<\/div>\n\t\t\t\t<div class=\"elementor-element elementor-element-243f9a3e elementor-widget elementor-widget-gva-heading-block\" data-id=\"243f9a3e\" data-element_type=\"widget\" data-e-type=\"widget\" data-widget_type=\"gva-heading-block.default\">\n\t\t\t\t<div class=\"elementor-widget-container\">\n\t\t\t\t\t<div class=\"gva-element-gva-heading-block gva-element\">   <div class=\"align-left style-1 widget gsc-heading\">\r\n      <div class=\"content-inner\">\r\n         \r\n                  \r\n                  \r\n                     <h2 class=\"title\">\r\n               <span>Noticias<\/span>\r\n            <\/h2>\r\n         \r\n                     <div class=\"sub-title\"><span>\u00a1Inscripciones abiertas! A los campamentos de veranos de Unibac<\/span><\/div>\r\n          \r\n\r\n         \r\n         \r\n      <\/div>\r\n   <\/div>\r\n   <div class=\"clearfix\"><\/div>\r\n<\/div>\t\t\t\t<\/div>\n\t\t\t\t<\/div>\n\t\t\t\t<div class=\"elementor-element elementor-element-375f1ec1 elementor-widget elementor-widget-text-editor\" data-id=\"375f1ec1\" data-element_type=\"widget\" data-e-type=\"widget\" data-widget_type=\"text-editor.default\">\n\t\t\t\t<div class=\"elementor-widget-container\">\n\t\t\t\t\t\t\t\t\t<p>Los Campamentos de Veranos son cursos cortos, que se desarrollar\u00e1n con clases te\u00f3ricas, ejercicios pr\u00e1cticos, trabajo de campo y resultados tangibles, los cuales ser\u00e1n dictados por docentes expertos de cada programa acad\u00e9mico.<\/p>\n<p>Los Campamentos de Veranos van dirigidos a: ni\u00f1os, j\u00f3venes, adultos, extranjeros, turistas, estudiantes y p\u00fablico en general.<\/p>\n<h4>Fecha de Inscripci\u00f3n:<\/h4>\n<ul>\n<li>Plazo de Inscripci\u00f3n hasta el d\u00eda 16 de Junio para el Campamento de Verano \u201cSoy Orquesta\u201d.<\/li>\n<li>Plazo de Inscripci\u00f3n hasta el d\u00eda 07 de Julio para el resto de los cursos del Campamento de Verano.<\/li>\n<\/ul>\n<h4>Proceso de Inscripci\u00f3n:<\/h4>\n<ul>\n<li>Ingresar a la p\u00e1gina web <a href=\"http:\/\/www.unibac.edu.co\">www.unibac.edu.co<\/a> en la secci\u00f3n de Campamentos de Verano.<\/li>\n<li>Diligenciar formulario de inscripci\u00f3n.<br>\nUna vez realice su inscripci\u00f3n, si aplica para el Campamento de Verano, se enviar\u00e1 a su correo electr\u00f3nico el volante de pago y\/o enlace para pago por PSE.<\/li>\n<\/ul>\n<h4>Fecha de Iniciaci\u00f3n:<\/h4>\n<ul>\n<li>Los Campamentos de Verano se desarrollar\u00e1n del 10 al 14 de Julio.<\/li>\n<li>En el caso del Campamento de Verano \u201cSoy Orquesta\u201d se desarrollar\u00e1 del 26 al 30 de Junio.<\/li>\n<\/ul>\n<h4>Intensidad Horaria:<\/h4>\n<ul>\n<li>El Campamento de Verano comprende cursos de 15 horas desarrolladas en 5 d\u00edas &#8211; 3 horas diarias.<\/li>\n<li>El Campamento de Verano \u201cSoy Orquesta\u201d se dictar\u00e1n 20 horas, desarrolladas en 5 d\u00edas &#8211; 4 horas diarias.<\/li>\n<\/ul>\n<h4>Costo:<\/h4>\n<ul>\n<li>Los Campamentos de Verano tienen un valor de $234.500 pesos.<br>\nTodos los cursos del Campamento de Verano ser\u00e1n certificados y se enviara una insignia digital.<\/li>\n<\/ul>\n<h3>CURSOS \u2013 CAMPAMENTO DE VERANO:<\/h3>\n<h4 style=\"text-align: center;\">PROGRAMA DE DISE\u00d1O GR\u00c1FICO<\/h4>\n<table>\n<tbody>\n<tr>\n<td><strong>NOMBRE DEL CURSO<\/strong><\/td>\n<td><strong>DOCENTE<\/strong><\/td>\n<td><strong>P\u00daBLICO<\/strong><\/td>\n<td><strong>HORARIO<\/strong><\/td>\n<\/tr>\n<tr>\n<td>Descolonizar lo Visual<\/td>\n<td>Rub\u00e9n Egea<\/td>\n<td>Mayor de Edad<\/td>\n<td>2:00 p.m. &#8211; 5:00 p.m.<\/td>\n<\/tr>\n<tr>\n<td>Fotograf\u00eda Gastron\u00f3mica<\/td>\n<td>Fernando Parra<\/td>\n<td>Mayor de Edad<\/td>\n<td>9:00 a.m. &#8211; 12:00 m.<\/td>\n<\/tr>\n<tr>\n<td>Iluminaci\u00f3n (Para Fotograf\u00eda)<\/td>\n<td>Fernando Parra<\/td>\n<td>Mayor de Edad<\/td>\n<td>9:00 a.m. &#8211; 12:00 m.<\/td>\n<\/tr>\n<tr>\n<td>Dise\u00f1o Web en WordPress<\/td>\n<td>Julio Viloria<\/td>\n<td>Mayor de Edad<\/td>\n<td>9:00 a.m. &#8211; 12:00 m.<\/td>\n<\/tr>\n<tr>\n<td>Concept Art de Personajes Fant\u00e1sticos<\/td>\n<td>Carlos Bayena<\/td>\n<td>A partir de los 15 a\u00f1os<\/td>\n<td>9:00 a.m. &#8211; 12:00 m.<\/td>\n<\/tr>\n<tr>\n<td>Caligraf\u00eda y Lettering<\/td>\n<td>Yenny Pinz\u00f3n<\/td>\n<td>A partir de los 15 a\u00f1os<\/td>\n<td>2:00 p.m. &#8211; 5:00 p.m.<\/td>\n<\/tr>\n<tr>\n<td>Campa\u00f1as Disruptivas<\/td>\n<td>Cristian Viveros<\/td>\n<td>Mayor de Edad<\/td>\n<td>2:00 p.m. &#8211; 5:00 p.m.<\/td>\n<\/tr>\n<tr>\n<td>Dise\u00f1o de Plantillas en Canvas<\/td>\n<td>Shannen Blanco<\/td>\n<td>Mayor de Edad<\/td>\n<td>2:00 p.m. &#8211; 5:00 p.m.<\/td>\n<\/tr>\n<\/tbody>\n<\/table>\n<h4 style=\"text-align: center;\">PROGRAMA DE DISE\u00d1O INDUSTRIAL<\/h4>\n<table width=\"596\">\n<tbody>\n<tr>\n<td width=\"189\"><strong>NOMBRE DEL CURSO<\/strong><\/td>\n<td width=\"113\"><strong>DOCENTE<\/strong><\/td>\n<td width=\"123\"><strong>P<\/strong><strong>\u00da<\/strong><strong>BLICO<\/strong><\/td>\n<td width=\"171\"><strong>HORARIO<\/strong><\/td>\n<\/tr>\n<tr>\n<td width=\"189\">&nbsp;Historia del Arte<\/td>\n<td width=\"113\">Marcela Reyes<\/td>\n<td width=\"123\">Mayor de Edad<\/td>\n<td width=\"171\">2:00 p.m. &#8211; 5:00 p.m.<\/td>\n<\/tr>\n<tr>\n<td width=\"189\">&nbsp;Modelado y Visualizaci\u00f3n 3D con Rhinoceros<\/td>\n<td width=\"113\">&nbsp;Samir Salas<\/td>\n<td width=\"123\">Mayor de Edad<\/td>\n<td width=\"171\">9:00 a.m. &#8211; 12:00 m.<\/td>\n<\/tr>\n<tr>\n<td width=\"189\">Modelado y Visualizaci\u00f3n 3D con Solidworks<\/td>\n<td width=\"113\">Jorge G\u00f3mez<\/td>\n<td width=\"123\">Mayor de Edad<\/td>\n<td width=\"171\">2:00 p.m. &#8211; 5:00 p.m.<\/td>\n<\/tr>\n<tr>\n<td width=\"189\">Ilustraci\u00f3n con T\u00e9cnicas Mixtas<\/td>\n<td width=\"113\">Carlos Carmona<\/td>\n<td width=\"123\">Mayor de Edad<\/td>\n<td width=\"171\">9:00 a.m. &#8211; 12:00 m.<\/td>\n<\/tr>\n<tr>\n<td width=\"189\">Cer\u00e1mica&nbsp;B\u00e1sica<\/td>\n<td width=\"113\">Diana Mendoza<\/td>\n<td width=\"123\">Mayor de Edad<\/td>\n<td width=\"171\">2:00 p.m. &#8211; 5:00 p.m.<\/td>\n<\/tr>\n<\/tbody>\n<\/table>\n<h4 style=\"text-align: center;\"><strong>PROGRAMA DE ARTES PL\u00c1STICAS<\/strong><\/h4>\n<table width=\"595\">\n<tbody>\n<tr>\n<td width=\"132\"><strong>NOMBRE DEL CURSO<\/strong><\/td>\n<td width=\"170\"><strong>DOCENTE<\/strong><\/td>\n<td width=\"113\"><strong>P<\/strong><strong>\u00da<\/strong><strong>BLICO<\/strong><\/td>\n<td width=\"180\"><strong>HORARIO<\/strong><\/td>\n<\/tr>\n<tr>\n<td width=\"132\">Grabado<\/td>\n<td width=\"170\">Laureano Alcal\u00e1 &#8211; Orlando Rodr\u00edguez<\/td>\n<td width=\"113\">Mayor de Edad<\/td>\n<td width=\"180\">9:00 a.m. &#8211; 12:00 m.<\/td>\n<\/tr>\n<tr>\n<td width=\"132\">Acuarela<\/td>\n<td width=\"170\">Orlando Rodr\u00edguez<\/td>\n<td width=\"113\">Mayor de Edad<\/td>\n<td width=\"180\">9:00 a.m. &#8211; 12:00 m.<\/td>\n<\/tr>\n<\/tbody>\n<\/table>\n<h4 style=\"text-align: center;\"><strong>PROGRAMA DE ARTES ESC\u00c9NICAS<\/strong><\/h4>\n<table>\n<tbody>\n<tr>\n<td width=\"167\"><strong>NOMBRE DEL CURSO<\/strong><\/td>\n<td width=\"135\"><strong>DOCENTE<\/strong><\/td>\n<td width=\"142\"><strong>P<\/strong><strong>\u00da<\/strong><strong>BLICO<\/strong><\/td>\n<td width=\"145\"><strong>HORARIO<\/strong><\/td>\n<\/tr>\n<tr>\n<td width=\"167\">T\u00e9cnicas de Actuaci\u00f3n sobre Creaci\u00f3n de Personajes.<\/td>\n<td width=\"135\">Yolanda Ram\u00edrez<\/td>\n<td width=\"142\">Mayor de Edad<\/td>\n<td width=\"145\">9:00 a.m. &#8211; 12:00 m.<\/td>\n<\/tr>\n<\/tbody>\n<\/table>\n<h4 style=\"text-align: center;\"><strong>PROGRAMA DE COMUNICACI\u00d3N AUDIOVISUAL<\/strong><\/h4>\n<table>\n<tbody>\n<tr>\n<td width=\"160\"><strong>NOMBRE DEL CURSO<\/strong><\/td>\n<td width=\"142\"><strong>DOCENTE<\/strong><\/td>\n<td width=\"132\"><strong>P<\/strong><strong>\u00da<\/strong><strong>BLICO<\/strong><\/td>\n<td width=\"154\"><strong>HORARIO<\/strong><\/td>\n<\/tr>\n<tr>\n<td width=\"160\">Marketing Digital y Redes Sociales<\/td>\n<td width=\"142\">Catalina Ortiz<\/td>\n<td width=\"132\">Mayor de Edad<\/td>\n<td width=\"154\">3:00 p.m. &#8211; 6:00 p.m.<\/td>\n<\/tr>\n<tr>\n<td width=\"160\">Fotograf\u00eda<\/td>\n<td width=\"142\">Aida Navarro<\/td>\n<td width=\"132\">A partir de los 16 a\u00f1os<\/td>\n<td width=\"154\">3:00 p.m. &#8211; 6:00 p.m.<\/td>\n<\/tr>\n<tr>\n<td width=\"160\">DJ Producci\u00f3n<\/td>\n<td width=\"142\">Alexander Corrales<\/td>\n<td width=\"132\">A partir de los 16 a\u00f1os<\/td>\n<td width=\"154\">3:00 p.m. &#8211; 6:00 p.m.<\/td>\n<\/tr>\n<tr>\n<td width=\"160\">Redacci\u00f3n y Competencias Comunicativas<\/td>\n<td width=\"142\">Alex Ortega<\/td>\n<td width=\"132\">Mayor de Edad<\/td>\n<td width=\"154\">3:00 p.m. &#8211; 6:00 p.m.<\/td>\n<\/tr>\n<\/tbody>\n<\/table>\n<p><strong>&nbsp;<\/strong><\/p>\n<h4 style=\"text-align: center;\"><strong>PROGRAMA DE <\/strong><strong>M\u00daSICA (<\/strong><strong>Del 26 al 30 de Junio<\/strong><strong>)<\/strong><\/h4>\n<table width=\"595\">\n<tbody>\n<tr>\n<td width=\"161\"><strong>NOMBRE DEL CURSO<\/strong><\/td>\n<td width=\"142\"><strong>DOCENTE<\/strong><\/td>\n<td width=\"132\"><strong>P<\/strong><strong>\u00da<\/strong><strong>BLICO<\/strong><\/td>\n<td width=\"160\"><strong>HORARIO<\/strong><\/td>\n<\/tr>\n<tr>\n<td width=\"161\">Soy Orquesta<\/td>\n<td width=\"142\">Adonay Torregrosa, Juan Camilo Tarazona, Diana Guti\u00e9rrez, Carlos D\u00edaz.<\/td>\n<td width=\"132\">Ni\u00f1os de 7 a 15 a\u00f1os.<\/td>\n<td width=\"160\">8:00 a.m. -12:00 m.<\/td>\n<\/tr>\n<\/tbody>\n<\/table>\n<h3>ACTUALIZACIONES CONVOCATORIA<\/h3>\n<table>\n<tbody>\n<tr>\n<td><b>FORMATO<\/b><\/td>\n<td><b>FECHA<\/b><\/td>\n<\/tr>\n<tr>\n<td><em><strong><span style=\"text-decoration: underline;\"><a href=\"https:\/\/forms.gle\/h8NDjUfbVgoo2KHW7\" target=\"_blank\" rel=\"noopener\">FORMULARIO DE INSCRIPCI\u00d3N OTROS PROGRAMAS<\/a><\/span><\/strong><\/em><\/td>\n<td>MAYO 26 \/ 2023<\/td>\n<\/tr>\n<tr>\n<td><em><strong><span style=\"text-decoration: underline;\"><a href=\"https:\/\/forms.gle\/LimpY2tQdyYF67QW8\" target=\"_blank\" rel=\"noopener\">FORMULARIO DE INSCRIPCI\u00d3N PROGRAMAS DE M\u00daSICA<\/a><\/span><\/strong><\/em><\/td>\n<td>JUNIO 16 \/ 2023<\/td>\n<\/tr>\n<tr>\n<td><br><\/td><td><br><\/td>\n<\/tr>\n<\/tbody>\n<\/table>\t\t\t\t\t\t\t\t<\/div>\n\t\t\t\t<\/div>\n\t\t\t\t\t<\/div>\n\t\t<\/div>\n\t\t\t\t<div class=\"elementor-column elementor-col-50 elementor-top-column elementor-element elementor-element-20a467d9\" data-id=\"20a467d9\" data-element_type=\"column\" data-e-type=\"column\">\n\t\t\t<div class=\"elementor-widget-wrap elementor-element-populated\">\n\t\t\t\t\t\t<div class=\"elementor-element elementor-element-7748f822 elementor-widget elementor-widget-sidebar\" data-id=\"7748f822\" data-element_type=\"widget\" data-e-type=\"widget\" data-widget_type=\"sidebar.default\">\n\t\t\t\t<div class=\"elementor-widget-container\">\n\t\t\t\t\t\n\t\t<aside id=\"recent-posts-3\" class=\"widget clearfix widget_recent_entries\">\n\t\t<h3 class=\"widget-title\"><span>\u00daltimas Noticias<\/span><\/h3>\n\t\t<ul>\n\t\t\t\t\t\t\t\t\t\t\t<li>\n\t\t\t\t\t<a href=\"https:\/\/unibac.edu.co\/webnueva\/tesis-de-grado-doctoral-sobre-german-cespedes-director-del-conservatorio-de-musica-de-unibac-obtiene-distincion-laureada\/\">Tesis de grado doctoral sobre Germ\u00e1n C\u00e9spedes, director del Conservatorio de M\u00fasica de Unibac, obtiene distinci\u00f3n laureada<\/a>\n\t\t\t\t\t\t\t\t\t\t\t<span class=\"post-date\">24 abril, 2026<\/span>\n\t\t\t\t\t\t\t\t\t<\/li>\n\t\t\t\t\t\t\t\t\t\t\t<li>\n\t\t\t\t\t<a href=\"https:\/\/unibac.edu.co\/webnueva\/ustedes-representan-el-capital-intelectual-renovador-de-nuestra-region-sacra-nader-en-ceremonia-de-graduacion-de-98-nuevos-profesionales-de-unibac\/\">\u201cUstedes representan el capital intelectual renovador de nuestra regi\u00f3n\u201d: Sacra N\u00e1der en ceremonia de graduaci\u00f3n de 98 nuevos profesionales de Unibac<\/a>\n\t\t\t\t\t\t\t\t\t\t\t<span class=\"post-date\">22 abril, 2026<\/span>\n\t\t\t\t\t\t\t\t\t<\/li>\n\t\t\t\t\t\t\t\t\t\t\t<li>\n\t\t\t\t\t<a href=\"https:\/\/unibac.edu.co\/webnueva\/presentacion-de-novedades-editoriales-unibac\/\">Presentaci\u00f3n de Novedades Editoriales \u2013 Unibac<\/a>\n\t\t\t\t\t\t\t\t\t\t\t<span class=\"post-date\">30 marzo, 2026<\/span>\n\t\t\t\t\t\t\t\t\t<\/li>\n\t\t\t\t\t\t\t\t\t\t\t<li>\n\t\t\t\t\t<a href=\"https:\/\/unibac.edu.co\/webnueva\/estudiantes-de-diseno-industrial-unibac-finalistas-en-green-product-award-alemania-con-productos-hechos-con-flores-yuca-y-alpiste\/\">Estudiantes de Dise\u00f1o Industrial Unibac, finalistas en Green Product Award (Alemania) con productos hechos con flores, yuca y alpiste<\/a>\n\t\t\t\t\t\t\t\t\t\t\t<span class=\"post-date\">19 marzo, 2026<\/span>\n\t\t\t\t\t\t\t\t\t<\/li>\n\t\t\t\t\t\t\t\t\t\t\t<li>\n\t\t\t\t\t<a href=\"https:\/\/unibac.edu.co\/webnueva\/la-toma-2026-manantial-creativo-en-trabajos-de-grado-de-estudiantes-unibac\/\">\u201cLa Toma 2026\u201d, manantial creativo en trabajos de grado de estudiantes Unibac<\/a>\n\t\t\t\t\t\t\t\t\t\t\t<span class=\"post-date\">10 marzo, 2026<\/span>\n\t\t\t\t\t\t\t\t\t<\/li>\n\t\t\t\t\t<\/ul>\n\n\t\t<\/aside>\t\t\t\t<\/div>\n\t\t\t\t<\/div>\n\t\t\t\t\t<\/div>\n\t\t<\/div>\n\t\t\t\t\t<\/div>\n\t\t<\/section>\n\t\t\t\t<\/div>\n\t\t","protected":false},"excerpt":{"rendered":"<p>Noticias \u00a1Inscripciones abiertas! A los campamentos de veranos de Unibac Los Campamentos de Veranos son cursos cortos, que se desarrollar\u00e1n [&hellip;]<\/p>\n","protected":false},"author":1,"featured_media":0,"comment_status":"closed","ping_status":"closed","sticky":false,"template":"","format":"standard","meta":{"footnotes":""},"categories":[79],"tags":[],"class_list":["post-21022","post","type-post","status-publish","format-standard","hentry","category-noticias-unibac"],"_links":{"self":[{"href":"https:\/\/unibac.edu.co\/webnueva\/wp-json\/wp\/v2\/posts\/21022","targetHints":{"allow":["GET"]}}],"collection":[{"href":"https:\/\/unibac.edu.co\/webnueva\/wp-json\/wp\/v2\/posts"}],"about":[{"href":"https:\/\/unibac.edu.co\/webnueva\/wp-json\/wp\/v2\/types\/post"}],"author":[{"embeddable":true,"href":"https:\/\/unibac.edu.co\/webnueva\/wp-json\/wp\/v2\/users\/1"}],"replies":[{"embeddable":true,"href":"https:\/\/unibac.edu.co\/webnueva\/wp-json\/wp\/v2\/comments?post=21022"}],"version-history":[{"count":44,"href":"https:\/\/unibac.edu.co\/webnueva\/wp-json\/wp\/v2\/posts\/21022\/revisions"}],"predecessor-version":[{"id":21129,"href":"https:\/\/unibac.edu.co\/webnueva\/wp-json\/wp\/v2\/posts\/21022\/revisions\/21129"}],"wp:attachment":[{"href":"https:\/\/unibac.edu.co\/webnueva\/wp-json\/wp\/v2\/media?parent=21022"}],"wp:term":[{"taxonomy":"category","embeddable":true,"href":"https:\/\/unibac.edu.co\/webnueva\/wp-json\/wp\/v2\/categories?post=21022"},{"taxonomy":"post_tag","embeddable":true,"href":"https:\/\/unibac.edu.co\/webnueva\/wp-json\/wp\/v2\/tags?post=21022"}],"curies":[{"name":"wp","href":"https:\/\/api.w.org\/{rel}","templated":true}]}}