{"id":20976,"date":"2023-06-02T14:08:11","date_gmt":"2023-06-02T19:08:11","guid":{"rendered":"https:\/\/unibac.edu.co\/webnueva\/?p=20976"},"modified":"2023-06-02T14:09:37","modified_gmt":"2023-06-02T19:09:37","slug":"dialogos-interculturales-en-unibac-cuatro-eventos-academicos-de-alto-impacto-social-2","status":"publish","type":"post","link":"https:\/\/unibac.edu.co\/webnueva\/dialogos-interculturales-en-unibac-cuatro-eventos-academicos-de-alto-impacto-social-2\/","title":{"rendered":"\u2018Di\u00e1logos Interculturales\u2019 en Unibac, cuatro eventos acad\u00e9micos de alto impacto social"},"content":{"rendered":"\t\t<div data-elementor-type=\"wp-post\" data-elementor-id=\"20976\" class=\"elementor elementor-20976\" data-elementor-settings=\"{&quot;ha_cmc_init_switcher&quot;:&quot;no&quot;}\">\n\t\t\t\t\t\t<section class=\"elementor-section elementor-top-section elementor-element elementor-element-51b94a4a elementor-section-boxed elementor-section-height-default elementor-section-height-default\" data-id=\"51b94a4a\" data-element_type=\"section\" data-e-type=\"section\" data-settings=\"{&quot;_ha_eqh_enable&quot;:false}\">\n\t\t\t\t\t\t<div class=\"elementor-container elementor-column-gap-default\">\n\t\t\t\t\t<div class=\"elementor-column elementor-col-50 elementor-top-column elementor-element elementor-element-6d6a98d4\" data-id=\"6d6a98d4\" data-element_type=\"column\" data-e-type=\"column\">\n\t\t\t<div class=\"elementor-widget-wrap elementor-element-populated\">\n\t\t\t\t\t\t<div class=\"elementor-element elementor-element-491456eb elementor-widget elementor-widget-image\" data-id=\"491456eb\" data-element_type=\"widget\" data-e-type=\"widget\" data-widget_type=\"image.default\">\n\t\t\t\t<div class=\"elementor-widget-container\">\n\t\t\t\t\t\t\t\t\t\t\t\t\t\t\t<img fetchpriority=\"high\" decoding=\"async\" width=\"781\" height=\"521\" src=\"https:\/\/unibac.edu.co\/webnueva\/wp-content\/uploads\/2021\/06\/unibac_1-1.jpg\" class=\"attachment-large size-large wp-image-8263\" alt=\"\" \/>\t\t\t\t\t\t\t\t\t\t\t\t\t\t\t<\/div>\n\t\t\t\t<\/div>\n\t\t\t\t<div class=\"elementor-element elementor-element-218142e9 elementor-widget elementor-widget-gva-heading-block\" data-id=\"218142e9\" data-element_type=\"widget\" data-e-type=\"widget\" data-widget_type=\"gva-heading-block.default\">\n\t\t\t\t<div class=\"elementor-widget-container\">\n\t\t\t\t\t<div class=\"gva-element-gva-heading-block gva-element\">   <div class=\"align-left style-1 widget gsc-heading\">\r\n      <div class=\"content-inner\">\r\n         \r\n                  \r\n                  \r\n                     <h2 class=\"title\">\r\n               <span>Noticias<\/span>\r\n            <\/h2>\r\n         \r\n                     <div class=\"sub-title\"><span>\u2018Di\u00e1logos Interculturales\u2019 en Unibac, cuatro eventos acad\u00e9micos de alto impacto social<\/span><\/div>\r\n          \r\n\r\n         \r\n         \r\n      <\/div>\r\n   <\/div>\r\n   <div class=\"clearfix\"><\/div>\r\n<\/div>\t\t\t\t<\/div>\n\t\t\t\t<\/div>\n\t\t\t\t<div class=\"elementor-element elementor-element-757d8c58 elementor-widget elementor-widget-text-editor\" data-id=\"757d8c58\" data-element_type=\"widget\" data-e-type=\"widget\" data-widget_type=\"text-editor.default\">\n\t\t\t\t<div class=\"elementor-widget-container\">\n\t\t\t\t\t\t\t\t\t<p><strong>Cartagena de Indias, 30 de mayo de 2023<\/strong><\/p><p>Vuelven los Di\u00e1logos Interculturales como una plataforma que vincula 4 eventos internacionales de desarrollo acad\u00e9mico, investigativo y proyectual que se genera en Unibac desde hace m\u00e1s de 10 a\u00f1os y que en el marco de la pandemia del C\u00f3vid 19 logra ampliar su radio de acci\u00f3n vincul\u00e1ndose a la red de la Comunidad de Apoyo para las Clases Espejo CACE extendida en l\u00ednea hoy a m\u00e1s de 54 instituciones universitarias de Am\u00e9rica Latina y el Caribe, para realizar estos encuentros de manera consecutiva y prospectiva.<\/p><p>En esta versi\u00f3n la tem\u00e1tica est\u00e1 enfocada a la \u201cMujer L\u00edder en la educaci\u00f3n, las artes, emprendimiento, cultura, pol\u00edtica, historia y sociedad, con aportes y apuestas de gesti\u00f3n al desarrollo, liderazgos con las comunidades, proyectos y experiencias exitosas proactivas que muestren el papel de la mujer que, con todo su potencial, sirvan de ejemplo a las actuales y nuevas generaciones\u201d.<\/p><p>Los estudiantes unibacenses son privilegiados al contar con este importante espacio de los Di\u00e1logos Interculturales que se desarrollar\u00e1n desde el martes 13 al viernes 16 de junio de 2023 en las instalaciones de la Instituci\u00f3n Universitaria, con los eventos de: Seminario de Emprendimiento, C\u00e1tedra Franco-colombiana, Encuentro de Historiadores y Encuentro de Pedagog\u00eda, los cuales contar\u00e1n con l\u00edderes participantes de M\u00e9xico, Brasil, Costa Rica, Francia y Colombia tanto de las universidades como l\u00edderes regionales y l\u00edderes institucionales quienes compartir\u00e1n experiencias de vida y experiencias exitosas relacionadas con los nuevos liderazgos.<br \/>En la Constituci\u00f3n Pol\u00edtica de Colombia se reconocen la igualdad de g\u00e9nero y la no discriminaci\u00f3n como principios rectores del Estado Social de Derecho. Lo que contribuye a empoderar a las mujeres promoviendo la igualdad de g\u00e9nero para acelerar el desarrollo sostenible, poniendo fin a todas las formas de discriminaci\u00f3n contra mujeres y ni\u00f1as por ser un derecho humano b\u00e1sico, con efecto multiplicador en todas las \u00e1reas del desarrollo.<\/p><p>Es necesario destacar que el 8 de marzo de 2023, d\u00eda internacional de la Mujer se promovi\u00f3 la Directiva presidencial n\u00famero 01 de 2023 con el Protocolo para la prevenci\u00f3n, atenci\u00f3n y medidas de protecci\u00f3n de todas las formas de violencia contra las mujeres y basadas en g\u00e9nero y\/o discriminaci\u00f3n por raz\u00f3n de raza, etnia, religi\u00f3n, nacionalidad, ideolog\u00eda pol\u00edtica o filos\u00f3fica, sexo u orientaci\u00f3n sexual o discapacidad, y dem\u00e1s razones de discriminaci\u00f3n en el \u00e1mbito laboral y la participaci\u00f3n efectiva de la mujer.<\/p><p>El momento es el preciso para dialogar acerca del empoderamiento de la mujer por contar con pol\u00edticas p\u00fablicas de Mujeres y Equidad de G\u00e9nero PPMYEG 2020-2030 como el resultado de un proceso hist\u00f3rico que promulga la igualdad de g\u00e9nero, el reconocimiento de los derechos de las mujeres, y la redistribuci\u00f3n de recursos para la consecuci\u00f3n de una igualdad efectiva y justa.<\/p><p>Por esto, es importante resaltar que el Documento Conpes contiene el informe global de cierre de brechas de g\u00e9nero del Foro Econ\u00f3mico Mundial, en donde se visibiliza que el COVID-19 represent\u00f3 un retraso en materia de equidad de g\u00e9nero de aproximadamente 10 a\u00f1os. A nivel mundial, un 32 % de las brechas entre hombres y mujeres no se han cerrado, y estas tardar\u00edan en cerrarse en aproximadamente m\u00e1s de cien a\u00f1os, siendo la brecha econ\u00f3mica la m\u00e1s cr\u00edtica. Los resultados del \u00edndice de cierre de brechas de g\u00e9nero para Colombia muestran que en el pa\u00eds la paridad de g\u00e9nero es del 72,5 % para 2021.<\/p><p>De acuerdo con el Conpes 4080 de 2022 &#8220;Pol\u00edtica P\u00fablica de Equidad de G\u00e9nero para las mujeres: Hacia el desarrollo sostenible del pa\u00eds&#8221;, establece la necesidad de fortalecer las pol\u00edticas de prevenci\u00f3n y atenci\u00f3n integral de las violencias contra las mujeres, para lo cual establece una serie de actividades que incluyen la elaboraci\u00f3n de protocolos sectoriales sobre violencias basadas en g\u00e9nero que afectan a las mujeres y la implementaci\u00f3n de estrategias de sensibilizaci\u00f3n y transformaci\u00f3n cultural de estereotipos de g\u00e9nero.<\/p><p>La hoja de ruta se centra en estrategias para que las mujeres sean agentes de transformaci\u00f3n y desarrollo, sabiendo que es necesario incrementar la participaci\u00f3n de las mujeres en los programas de educaci\u00f3n superior la digna inserci\u00f3n laboral.<\/p><p>En concordancia con lo anterior, se invita a los directivos, administrativos, docentes, estudiantes, acad\u00e9micos, l\u00edderes y a la comunidad en general a participar y continuar con esta inmensa tarea para alcanzar estos prop\u00f3sitos, y avanzar hacia los cambios en las estructuras pol\u00edticas, econ\u00f3micas, educativas, culturales y sociales, en procura de superar la violencia, la desigualdad y la discriminaci\u00f3n basada en el sexo, g\u00e9nero, raza, pertenencia \u00e9tnica, nacionalidad, orientaci\u00f3n sexual, identidad de g\u00e9nero, capacidad, curso de vida, y dem\u00e1s razones de discriminaci\u00f3n prohibidas.<\/p><p>Nuestro compromiso se basa en la promoci\u00f3n de los valores y en seguir con los di\u00e1logos interculturales como aportes globales a la sociedad mundial desde la academia, para que nuestra conciencia a futuro no nos recrimine por no haber cumplido con los compromisos generacionales con las tareas encomendadas al interpretar los nuevos tiempos y los sentimientos de la sociedad actual.<\/p>\t\t\t\t\t\t\t\t<\/div>\n\t\t\t\t<\/div>\n\t\t\t\t\t<\/div>\n\t\t<\/div>\n\t\t\t\t<div class=\"elementor-column elementor-col-50 elementor-top-column elementor-element elementor-element-43e1a747\" data-id=\"43e1a747\" data-element_type=\"column\" data-e-type=\"column\">\n\t\t\t<div class=\"elementor-widget-wrap elementor-element-populated\">\n\t\t\t\t\t\t<div class=\"elementor-element elementor-element-677c7e35 elementor-widget elementor-widget-sidebar\" data-id=\"677c7e35\" data-element_type=\"widget\" data-e-type=\"widget\" data-widget_type=\"sidebar.default\">\n\t\t\t\t<div class=\"elementor-widget-container\">\n\t\t\t\t\t\n\t\t<aside id=\"recent-posts-3\" class=\"widget clearfix widget_recent_entries\">\n\t\t<h3 class=\"widget-title\"><span>\u00daltimas Noticias<\/span><\/h3>\n\t\t<ul>\n\t\t\t\t\t\t\t\t\t\t\t<li>\n\t\t\t\t\t<a href=\"https:\/\/unibac.edu.co\/webnueva\/tesis-de-grado-doctoral-sobre-german-cespedes-director-del-conservatorio-de-musica-de-unibac-obtiene-distincion-laureada\/\">Tesis de grado doctoral sobre Germ\u00e1n C\u00e9spedes, director del Conservatorio de M\u00fasica de Unibac, obtiene distinci\u00f3n laureada<\/a>\n\t\t\t\t\t\t\t\t\t\t\t<span class=\"post-date\">24 abril, 2026<\/span>\n\t\t\t\t\t\t\t\t\t<\/li>\n\t\t\t\t\t\t\t\t\t\t\t<li>\n\t\t\t\t\t<a href=\"https:\/\/unibac.edu.co\/webnueva\/ustedes-representan-el-capital-intelectual-renovador-de-nuestra-region-sacra-nader-en-ceremonia-de-graduacion-de-98-nuevos-profesionales-de-unibac\/\">\u201cUstedes representan el capital intelectual renovador de nuestra regi\u00f3n\u201d: Sacra N\u00e1der en ceremonia de graduaci\u00f3n de 98 nuevos profesionales de Unibac<\/a>\n\t\t\t\t\t\t\t\t\t\t\t<span class=\"post-date\">22 abril, 2026<\/span>\n\t\t\t\t\t\t\t\t\t<\/li>\n\t\t\t\t\t\t\t\t\t\t\t<li>\n\t\t\t\t\t<a href=\"https:\/\/unibac.edu.co\/webnueva\/presentacion-de-novedades-editoriales-unibac\/\">Presentaci\u00f3n de Novedades Editoriales \u2013 Unibac<\/a>\n\t\t\t\t\t\t\t\t\t\t\t<span class=\"post-date\">30 marzo, 2026<\/span>\n\t\t\t\t\t\t\t\t\t<\/li>\n\t\t\t\t\t\t\t\t\t\t\t<li>\n\t\t\t\t\t<a href=\"https:\/\/unibac.edu.co\/webnueva\/estudiantes-de-diseno-industrial-unibac-finalistas-en-green-product-award-alemania-con-productos-hechos-con-flores-yuca-y-alpiste\/\">Estudiantes de Dise\u00f1o Industrial Unibac, finalistas en Green Product Award (Alemania) con productos hechos con flores, yuca y alpiste<\/a>\n\t\t\t\t\t\t\t\t\t\t\t<span class=\"post-date\">19 marzo, 2026<\/span>\n\t\t\t\t\t\t\t\t\t<\/li>\n\t\t\t\t\t\t\t\t\t\t\t<li>\n\t\t\t\t\t<a href=\"https:\/\/unibac.edu.co\/webnueva\/la-toma-2026-manantial-creativo-en-trabajos-de-grado-de-estudiantes-unibac\/\">\u201cLa Toma 2026\u201d, manantial creativo en trabajos de grado de estudiantes Unibac<\/a>\n\t\t\t\t\t\t\t\t\t\t\t<span class=\"post-date\">10 marzo, 2026<\/span>\n\t\t\t\t\t\t\t\t\t<\/li>\n\t\t\t\t\t<\/ul>\n\n\t\t<\/aside>\t\t\t\t<\/div>\n\t\t\t\t<\/div>\n\t\t\t\t\t<\/div>\n\t\t<\/div>\n\t\t\t\t\t<\/div>\n\t\t<\/section>\n\t\t\t\t<\/div>\n\t\t","protected":false},"excerpt":{"rendered":"<p>Noticias \u2018Di\u00e1logos Interculturales\u2019 en Unibac, cuatro eventos acad\u00e9micos de alto impacto social Cartagena de Indias, 30 de mayo de 2023 [&hellip;]<\/p>\n","protected":false},"author":1,"featured_media":0,"comment_status":"closed","ping_status":"closed","sticky":false,"template":"","format":"standard","meta":{"footnotes":""},"categories":[79],"tags":[],"class_list":["post-20976","post","type-post","status-publish","format-standard","hentry","category-noticias-unibac"],"_links":{"self":[{"href":"https:\/\/unibac.edu.co\/webnueva\/wp-json\/wp\/v2\/posts\/20976","targetHints":{"allow":["GET"]}}],"collection":[{"href":"https:\/\/unibac.edu.co\/webnueva\/wp-json\/wp\/v2\/posts"}],"about":[{"href":"https:\/\/unibac.edu.co\/webnueva\/wp-json\/wp\/v2\/types\/post"}],"author":[{"embeddable":true,"href":"https:\/\/unibac.edu.co\/webnueva\/wp-json\/wp\/v2\/users\/1"}],"replies":[{"embeddable":true,"href":"https:\/\/unibac.edu.co\/webnueva\/wp-json\/wp\/v2\/comments?post=20976"}],"version-history":[{"count":10,"href":"https:\/\/unibac.edu.co\/webnueva\/wp-json\/wp\/v2\/posts\/20976\/revisions"}],"predecessor-version":[{"id":20986,"href":"https:\/\/unibac.edu.co\/webnueva\/wp-json\/wp\/v2\/posts\/20976\/revisions\/20986"}],"wp:attachment":[{"href":"https:\/\/unibac.edu.co\/webnueva\/wp-json\/wp\/v2\/media?parent=20976"}],"wp:term":[{"taxonomy":"category","embeddable":true,"href":"https:\/\/unibac.edu.co\/webnueva\/wp-json\/wp\/v2\/categories?post=20976"},{"taxonomy":"post_tag","embeddable":true,"href":"https:\/\/unibac.edu.co\/webnueva\/wp-json\/wp\/v2\/tags?post=20976"}],"curies":[{"name":"wp","href":"https:\/\/api.w.org\/{rel}","templated":true}]}}