{"id":20671,"date":"2023-04-28T15:06:09","date_gmt":"2023-04-28T20:06:09","guid":{"rendered":"https:\/\/unibac.edu.co\/webnueva\/?p=20671"},"modified":"2023-04-28T15:08:09","modified_gmt":"2023-04-28T20:08:09","slug":"unibac-gradua-a-123-profesionales-en-ceremonia-realizada-en-el-teatro-adolfo-mejia","status":"publish","type":"post","link":"https:\/\/unibac.edu.co\/webnueva\/unibac-gradua-a-123-profesionales-en-ceremonia-realizada-en-el-teatro-adolfo-mejia\/","title":{"rendered":"Unibac grad\u00faa a 123 profesionales en ceremonia realizada en el Teatro Adolfo Mej\u00eda"},"content":{"rendered":"\t\t<div data-elementor-type=\"wp-post\" data-elementor-id=\"20671\" class=\"elementor elementor-20671\" data-elementor-settings=\"{&quot;ha_cmc_init_switcher&quot;:&quot;no&quot;}\">\n\t\t\t\t\t\t<section class=\"elementor-section elementor-top-section elementor-element elementor-element-3ec16a81 elementor-section-boxed elementor-section-height-default elementor-section-height-default\" data-id=\"3ec16a81\" data-element_type=\"section\" data-e-type=\"section\" data-settings=\"{&quot;_ha_eqh_enable&quot;:false}\">\n\t\t\t\t\t\t<div class=\"elementor-container elementor-column-gap-default\">\n\t\t\t\t\t<div class=\"elementor-column elementor-col-50 elementor-top-column elementor-element elementor-element-5e5d01d1\" data-id=\"5e5d01d1\" data-element_type=\"column\" data-e-type=\"column\">\n\t\t\t<div class=\"elementor-widget-wrap elementor-element-populated\">\n\t\t\t\t\t\t<div class=\"elementor-element elementor-element-62d5f55d elementor-widget elementor-widget-image\" data-id=\"62d5f55d\" data-element_type=\"widget\" data-e-type=\"widget\" data-widget_type=\"image.default\">\n\t\t\t\t<div class=\"elementor-widget-container\">\n\t\t\t\t\t\t\t\t\t\t\t\t\t\t\t<img fetchpriority=\"high\" decoding=\"async\" width=\"900\" height=\"600\" src=\"https:\/\/unibac.edu.co\/webnueva\/wp-content\/uploads\/2023\/04\/WhatsApp-Image-2023-04-28-at-1.30.28-PM-1024x683.jpeg\" class=\"attachment-large size-large wp-image-20674\" alt=\"\" \/>\t\t\t\t\t\t\t\t\t\t\t\t\t\t\t<\/div>\n\t\t\t\t<\/div>\n\t\t\t\t<div class=\"elementor-element elementor-element-19fdf90a elementor-widget elementor-widget-gva-heading-block\" data-id=\"19fdf90a\" data-element_type=\"widget\" data-e-type=\"widget\" data-widget_type=\"gva-heading-block.default\">\n\t\t\t\t<div class=\"elementor-widget-container\">\n\t\t\t\t\t<div class=\"gva-element-gva-heading-block gva-element\">   <div class=\"align-left style-1 widget gsc-heading\">\r\n      <div class=\"content-inner\">\r\n         \r\n                  \r\n                  \r\n                     <h2 class=\"title\">\r\n               <span>Noticias<\/span>\r\n            <\/h2>\r\n         \r\n                     <div class=\"sub-title\"><span>Unibac grad\u00faa a 123 profesionales en ceremonia realizada en el Teatro Adolfo Mej\u00eda <\/span><\/div>\r\n          \r\n\r\n         \r\n         \r\n      <\/div>\r\n   <\/div>\r\n   <div class=\"clearfix\"><\/div>\r\n<\/div>\t\t\t\t<\/div>\n\t\t\t\t<\/div>\n\t\t\t\t<div class=\"elementor-element elementor-element-a6a7628 elementor-widget elementor-widget-text-editor\" data-id=\"a6a7628\" data-element_type=\"widget\" data-e-type=\"widget\" data-widget_type=\"text-editor.default\">\n\t\t\t\t<div class=\"elementor-widget-container\">\n\t\t\t\t\t\t\t\t\t<p><strong>Cartagena de Indias, jueves 27 de abril de 2023.<\/strong><\/p><p>La Instituci\u00f3n Universitaria Bellas Artes y Ciencias de Bol\u00edvar (Unibac) gradu\u00f3 en la ma\u00f1ana de este jueves a su trig\u00e9sima cuarta promoci\u00f3n de j\u00f3venes profesionales unibacenses, en ceremonia realizada por primera vez en el bell\u00edsimo Teatro Adolfo Mej\u00eda de Cartagena.<\/p><p>Para la ceremonia de esta TRIG\u00c9SIMA CUARTA PROMOCI\u00d3N. Recibieron su t\u00edtulo profesional 4 nuevos maestros en Artes Esc\u00e9nicas, 18 maestros en Artes Pl\u00e1sticas, 38 Comunicadores Audiovisuales, 30 Dise\u00f1adores Gr\u00e1ficos, 10 Dise\u00f1adores Industriales y 23 maestros en M\u00fasica.<\/p><p>Durante la ceremonia fueron destacados por su rendimiento acad\u00e9mico los graduandos: KELLY MELISSA LADR\u00d3N DE GUEVARA \u00c1LVAREZ, del programa de Dise\u00f1o Industrial, quien logr\u00f3 la distinci\u00f3n como mejor promedio de la promoci\u00f3n. Asimismo, ZARYS GRACIEL FALCON P\u00c9REZ, de Artes Esc\u00e9nicas; YUNAISIS TEJADA ROCHA, de Artes Pl\u00e1sticas; DANA MARCELA ROMERO IRIARTE, de Comunicaci\u00f3n Audiovisual; DANESA MARGARITA TERAN RU\u00cdZ, de Dise\u00f1o Gr\u00e1fico, y CARLOS ANDR\u00c9S FRANCO VALENCIA, de M\u00fasica, quienes obtuvieron los mejores promedios de sus respectivos programas.<\/p><p>CARLOS ANDR\u00c9S FRANCO VALENCIA, SANDER SANGREGORIO D\u00cdAZ y CHRISTIAN JAVIER FONSECA SALAZAR, del programa de M\u00fasica, obtuvieron una distinci\u00f3n por su trabajo de grado meritorios. Adem\u00e1s, MAYERLIS CARDONA MORALES, ANDR\u00c9S EDUARDO PARRA MART\u00cdNEZ y RAYMUNDO DAVID LORDUY GONZ\u00c1LEZ, del programa de Dise\u00f1o Gr\u00e1fico, obtuvieron una distinci\u00f3n por su trabajo de grado meritorios titulado \u201cDise\u00f1o de prototipo de aplicaci\u00f3n m\u00f3vil de la plataforma de PROYECTO E para favorecer la experiencia de usuario de la comunidad acad\u00e9mica de la Instituci\u00f3n Universitaria Bellas Artes y Ciencias de Bol\u00edvar en Cartagena de Indias\u201d.<\/p><h4 style=\"text-align: center;\">\u00a1TALENTO UNIBAC!\u201d<\/h4>\t\t\t\t\t\t\t\t<\/div>\n\t\t\t\t<\/div>\n\t\t\t\t\t<\/div>\n\t\t<\/div>\n\t\t\t\t<div class=\"elementor-column elementor-col-50 elementor-top-column elementor-element elementor-element-646f97a\" data-id=\"646f97a\" data-element_type=\"column\" data-e-type=\"column\">\n\t\t\t<div class=\"elementor-widget-wrap elementor-element-populated\">\n\t\t\t\t\t\t<div class=\"elementor-element elementor-element-866480 elementor-widget elementor-widget-sidebar\" data-id=\"866480\" data-element_type=\"widget\" data-e-type=\"widget\" data-widget_type=\"sidebar.default\">\n\t\t\t\t<div class=\"elementor-widget-container\">\n\t\t\t\t\t\n\t\t<aside id=\"recent-posts-3\" class=\"widget clearfix widget_recent_entries\">\n\t\t<h3 class=\"widget-title\"><span>\u00daltimas Noticias<\/span><\/h3>\n\t\t<ul>\n\t\t\t\t\t\t\t\t\t\t\t<li>\n\t\t\t\t\t<a href=\"https:\/\/unibac.edu.co\/webnueva\/tesis-de-grado-doctoral-sobre-german-cespedes-director-del-conservatorio-de-musica-de-unibac-obtiene-distincion-laureada\/\">Tesis de grado doctoral sobre Germ\u00e1n C\u00e9spedes, director del Conservatorio de M\u00fasica de Unibac, obtiene distinci\u00f3n laureada<\/a>\n\t\t\t\t\t\t\t\t\t\t\t<span class=\"post-date\">24 abril, 2026<\/span>\n\t\t\t\t\t\t\t\t\t<\/li>\n\t\t\t\t\t\t\t\t\t\t\t<li>\n\t\t\t\t\t<a href=\"https:\/\/unibac.edu.co\/webnueva\/ustedes-representan-el-capital-intelectual-renovador-de-nuestra-region-sacra-nader-en-ceremonia-de-graduacion-de-98-nuevos-profesionales-de-unibac\/\">\u201cUstedes representan el capital intelectual renovador de nuestra regi\u00f3n\u201d: Sacra N\u00e1der en ceremonia de graduaci\u00f3n de 98 nuevos profesionales de Unibac<\/a>\n\t\t\t\t\t\t\t\t\t\t\t<span class=\"post-date\">22 abril, 2026<\/span>\n\t\t\t\t\t\t\t\t\t<\/li>\n\t\t\t\t\t\t\t\t\t\t\t<li>\n\t\t\t\t\t<a href=\"https:\/\/unibac.edu.co\/webnueva\/presentacion-de-novedades-editoriales-unibac\/\">Presentaci\u00f3n de Novedades Editoriales \u2013 Unibac<\/a>\n\t\t\t\t\t\t\t\t\t\t\t<span class=\"post-date\">30 marzo, 2026<\/span>\n\t\t\t\t\t\t\t\t\t<\/li>\n\t\t\t\t\t\t\t\t\t\t\t<li>\n\t\t\t\t\t<a href=\"https:\/\/unibac.edu.co\/webnueva\/estudiantes-de-diseno-industrial-unibac-finalistas-en-green-product-award-alemania-con-productos-hechos-con-flores-yuca-y-alpiste\/\">Estudiantes de Dise\u00f1o Industrial Unibac, finalistas en Green Product Award (Alemania) con productos hechos con flores, yuca y alpiste<\/a>\n\t\t\t\t\t\t\t\t\t\t\t<span class=\"post-date\">19 marzo, 2026<\/span>\n\t\t\t\t\t\t\t\t\t<\/li>\n\t\t\t\t\t\t\t\t\t\t\t<li>\n\t\t\t\t\t<a href=\"https:\/\/unibac.edu.co\/webnueva\/la-toma-2026-manantial-creativo-en-trabajos-de-grado-de-estudiantes-unibac\/\">\u201cLa Toma 2026\u201d, manantial creativo en trabajos de grado de estudiantes Unibac<\/a>\n\t\t\t\t\t\t\t\t\t\t\t<span class=\"post-date\">10 marzo, 2026<\/span>\n\t\t\t\t\t\t\t\t\t<\/li>\n\t\t\t\t\t<\/ul>\n\n\t\t<\/aside>\t\t\t\t<\/div>\n\t\t\t\t<\/div>\n\t\t\t\t\t<\/div>\n\t\t<\/div>\n\t\t\t\t\t<\/div>\n\t\t<\/section>\n\t\t\t\t<\/div>\n\t\t","protected":false},"excerpt":{"rendered":"<p>Noticias Unibac grad\u00faa a 123 profesionales en ceremonia realizada en el Teatro Adolfo Mej\u00eda Cartagena de Indias, jueves 27 de [&hellip;]<\/p>\n","protected":false},"author":1,"featured_media":0,"comment_status":"closed","ping_status":"closed","sticky":false,"template":"","format":"standard","meta":{"footnotes":""},"categories":[79],"tags":[],"class_list":["post-20671","post","type-post","status-publish","format-standard","hentry","category-noticias-unibac"],"_links":{"self":[{"href":"https:\/\/unibac.edu.co\/webnueva\/wp-json\/wp\/v2\/posts\/20671","targetHints":{"allow":["GET"]}}],"collection":[{"href":"https:\/\/unibac.edu.co\/webnueva\/wp-json\/wp\/v2\/posts"}],"about":[{"href":"https:\/\/unibac.edu.co\/webnueva\/wp-json\/wp\/v2\/types\/post"}],"author":[{"embeddable":true,"href":"https:\/\/unibac.edu.co\/webnueva\/wp-json\/wp\/v2\/users\/1"}],"replies":[{"embeddable":true,"href":"https:\/\/unibac.edu.co\/webnueva\/wp-json\/wp\/v2\/comments?post=20671"}],"version-history":[{"count":4,"href":"https:\/\/unibac.edu.co\/webnueva\/wp-json\/wp\/v2\/posts\/20671\/revisions"}],"predecessor-version":[{"id":20677,"href":"https:\/\/unibac.edu.co\/webnueva\/wp-json\/wp\/v2\/posts\/20671\/revisions\/20677"}],"wp:attachment":[{"href":"https:\/\/unibac.edu.co\/webnueva\/wp-json\/wp\/v2\/media?parent=20671"}],"wp:term":[{"taxonomy":"category","embeddable":true,"href":"https:\/\/unibac.edu.co\/webnueva\/wp-json\/wp\/v2\/categories?post=20671"},{"taxonomy":"post_tag","embeddable":true,"href":"https:\/\/unibac.edu.co\/webnueva\/wp-json\/wp\/v2\/tags?post=20671"}],"curies":[{"name":"wp","href":"https:\/\/api.w.org\/{rel}","templated":true}]}}