{"id":20535,"date":"2023-04-13T10:39:28","date_gmt":"2023-04-13T15:39:28","guid":{"rendered":"https:\/\/unibac.edu.co\/webnueva\/?p=20535"},"modified":"2023-04-13T10:43:44","modified_gmt":"2023-04-13T15:43:44","slug":"rostros-y-colores-de-la-calle-sera-expuesta-en-el-museo-san-pedro-claver","status":"publish","type":"post","link":"https:\/\/unibac.edu.co\/webnueva\/rostros-y-colores-de-la-calle-sera-expuesta-en-el-museo-san-pedro-claver\/","title":{"rendered":"\u201cROSTROS Y COLORES DE LA CALLE\u2019 ser\u00e1 expuesta en el Museo San Pedro Claver\u201d"},"content":{"rendered":"\t\t<div data-elementor-type=\"wp-post\" data-elementor-id=\"20535\" class=\"elementor elementor-20535\" data-elementor-settings=\"{&quot;ha_cmc_init_switcher&quot;:&quot;no&quot;}\">\n\t\t\t\t\t\t<section class=\"elementor-section elementor-top-section elementor-element elementor-element-3439c9b8 elementor-section-boxed elementor-section-height-default elementor-section-height-default\" data-id=\"3439c9b8\" data-element_type=\"section\" data-e-type=\"section\" data-settings=\"{&quot;_ha_eqh_enable&quot;:false}\">\n\t\t\t\t\t\t<div class=\"elementor-container elementor-column-gap-default\">\n\t\t\t\t\t<div class=\"elementor-column elementor-col-50 elementor-top-column elementor-element elementor-element-6c8355e8\" data-id=\"6c8355e8\" data-element_type=\"column\" data-e-type=\"column\">\n\t\t\t<div class=\"elementor-widget-wrap elementor-element-populated\">\n\t\t\t\t\t\t<div class=\"elementor-element elementor-element-7405a119 elementor-widget elementor-widget-image\" data-id=\"7405a119\" data-element_type=\"widget\" data-e-type=\"widget\" data-widget_type=\"image.default\">\n\t\t\t\t<div class=\"elementor-widget-container\">\n\t\t\t\t\t\t\t\t\t\t\t\t\t\t\t<img fetchpriority=\"high\" decoding=\"async\" width=\"900\" height=\"900\" src=\"https:\/\/unibac.edu.co\/webnueva\/wp-content\/uploads\/2023\/04\/rostros-y-colores.jpg\" class=\"attachment-large size-large wp-image-20538\" alt=\"\" \/>\t\t\t\t\t\t\t\t\t\t\t\t\t\t\t<\/div>\n\t\t\t\t<\/div>\n\t\t\t\t<div class=\"elementor-element elementor-element-4e655c5 elementor-widget elementor-widget-gva-heading-block\" data-id=\"4e655c5\" data-element_type=\"widget\" data-e-type=\"widget\" data-widget_type=\"gva-heading-block.default\">\n\t\t\t\t<div class=\"elementor-widget-container\">\n\t\t\t\t\t<div class=\"gva-element-gva-heading-block gva-element\">   <div class=\"align-left style-1 widget gsc-heading\">\r\n      <div class=\"content-inner\">\r\n         \r\n                  \r\n                  \r\n                     <h2 class=\"title\">\r\n               <span>Noticias<\/span>\r\n            <\/h2>\r\n         \r\n                     <div class=\"sub-title\"><span>\u201cROSTROS Y COLORES DE LA CALLE\u2019 ser\u00e1 expuesta en el Museo San Pedro Claver\u201d<\/span><\/div>\r\n          \r\n\r\n         \r\n         \r\n      <\/div>\r\n   <\/div>\r\n   <div class=\"clearfix\"><\/div>\r\n<\/div>\t\t\t\t<\/div>\n\t\t\t\t<\/div>\n\t\t\t\t<div class=\"elementor-element elementor-element-79d5c505 elementor-widget elementor-widget-text-editor\" data-id=\"79d5c505\" data-element_type=\"widget\" data-e-type=\"widget\" data-widget_type=\"text-editor.default\">\n\t\t\t\t<div class=\"elementor-widget-container\">\n\t\t\t\t\t\t\t\t\t<p><b>Cartagena de Indias, 10 de abril de 2023.\u00a0<\/b><\/p><p>Una exposici\u00f3n fotogr\u00e1fica colectiva, sobre vendedores ambulantes de Cartagena.<\/p><p><span style=\"font-family: var( --e-global-typography-text-font-family ), Sans-serif; font-weight: var( --e-global-typography-text-font-weight );\">El evento inaugural ser\u00e1 de entrada libre, el pr\u00f3ximo viernes 14 de abril a las 7:00 p.m., en el Sal\u00f3n Pacho Aldana, S.J. del Santuario Museo San Pedro Claver. La agenda estar\u00e1 marcada por un conversatorio, recorrido guiado y presentaci\u00f3n oficial.<\/span><\/p><p>Esta es una exposici\u00f3n realizada en alianza con el Semillero de fotograf\u00eda \u201cCazadores de im\u00e1genes\u201d de la Instituci\u00f3n Universitaria Bellas Artes y Ciencias de Bol\u00edvar Unibac, dirigido por la docente Aida Navarro.<\/p><p>La muestra consta de m\u00e1s de 14 fotograf\u00edas realizadas por los integrantes del semillero. El objetivo principal de la muestra es resaltar los personajes que componen lo cotidiano, quienes a diario se cruzan durante el camino a casa o al trabajo, reconocer lugares, sonidos y paisajes urbanos que construyen la identidad de la Cartagena contempor\u00e1nea.<\/p><p>Los invitamos a conocer esta iniciativa que apuesta por el arte joven cartagenero en clave de Derechos Humanos.<\/p><p>Una actividad que se realiza en el marco de la agenda de exposiciones itinerantes 2023 del Santuario Museo San Pedro Claver. La exposici\u00f3n estar\u00e1 disponible del 14 de abril hasta el 15 de junio de 2023.<\/p><h3 style=\"text-align: center;\">\u00a1Talento Unibac!<\/h3>\t\t\t\t\t\t\t\t<\/div>\n\t\t\t\t<\/div>\n\t\t\t\t\t<\/div>\n\t\t<\/div>\n\t\t\t\t<div class=\"elementor-column elementor-col-50 elementor-top-column elementor-element elementor-element-36df2e06\" data-id=\"36df2e06\" data-element_type=\"column\" data-e-type=\"column\">\n\t\t\t<div class=\"elementor-widget-wrap elementor-element-populated\">\n\t\t\t\t\t\t<div class=\"elementor-element elementor-element-2d4f2101 elementor-widget elementor-widget-sidebar\" data-id=\"2d4f2101\" data-element_type=\"widget\" data-e-type=\"widget\" data-widget_type=\"sidebar.default\">\n\t\t\t\t<div class=\"elementor-widget-container\">\n\t\t\t\t\t\n\t\t<aside id=\"recent-posts-3\" class=\"widget clearfix widget_recent_entries\">\n\t\t<h3 class=\"widget-title\"><span>\u00daltimas Noticias<\/span><\/h3>\n\t\t<ul>\n\t\t\t\t\t\t\t\t\t\t\t<li>\n\t\t\t\t\t<a href=\"https:\/\/unibac.edu.co\/webnueva\/tesis-de-grado-doctoral-sobre-german-cespedes-director-del-conservatorio-de-musica-de-unibac-obtiene-distincion-laureada\/\">Tesis de grado doctoral sobre Germ\u00e1n C\u00e9spedes, director del Conservatorio de M\u00fasica de Unibac, obtiene distinci\u00f3n laureada<\/a>\n\t\t\t\t\t\t\t\t\t\t\t<span class=\"post-date\">24 abril, 2026<\/span>\n\t\t\t\t\t\t\t\t\t<\/li>\n\t\t\t\t\t\t\t\t\t\t\t<li>\n\t\t\t\t\t<a href=\"https:\/\/unibac.edu.co\/webnueva\/ustedes-representan-el-capital-intelectual-renovador-de-nuestra-region-sacra-nader-en-ceremonia-de-graduacion-de-98-nuevos-profesionales-de-unibac\/\">\u201cUstedes representan el capital intelectual renovador de nuestra regi\u00f3n\u201d: Sacra N\u00e1der en ceremonia de graduaci\u00f3n de 98 nuevos profesionales de Unibac<\/a>\n\t\t\t\t\t\t\t\t\t\t\t<span class=\"post-date\">22 abril, 2026<\/span>\n\t\t\t\t\t\t\t\t\t<\/li>\n\t\t\t\t\t\t\t\t\t\t\t<li>\n\t\t\t\t\t<a href=\"https:\/\/unibac.edu.co\/webnueva\/presentacion-de-novedades-editoriales-unibac\/\">Presentaci\u00f3n de Novedades Editoriales \u2013 Unibac<\/a>\n\t\t\t\t\t\t\t\t\t\t\t<span class=\"post-date\">30 marzo, 2026<\/span>\n\t\t\t\t\t\t\t\t\t<\/li>\n\t\t\t\t\t\t\t\t\t\t\t<li>\n\t\t\t\t\t<a href=\"https:\/\/unibac.edu.co\/webnueva\/estudiantes-de-diseno-industrial-unibac-finalistas-en-green-product-award-alemania-con-productos-hechos-con-flores-yuca-y-alpiste\/\">Estudiantes de Dise\u00f1o Industrial Unibac, finalistas en Green Product Award (Alemania) con productos hechos con flores, yuca y alpiste<\/a>\n\t\t\t\t\t\t\t\t\t\t\t<span class=\"post-date\">19 marzo, 2026<\/span>\n\t\t\t\t\t\t\t\t\t<\/li>\n\t\t\t\t\t\t\t\t\t\t\t<li>\n\t\t\t\t\t<a href=\"https:\/\/unibac.edu.co\/webnueva\/la-toma-2026-manantial-creativo-en-trabajos-de-grado-de-estudiantes-unibac\/\">\u201cLa Toma 2026\u201d, manantial creativo en trabajos de grado de estudiantes Unibac<\/a>\n\t\t\t\t\t\t\t\t\t\t\t<span class=\"post-date\">10 marzo, 2026<\/span>\n\t\t\t\t\t\t\t\t\t<\/li>\n\t\t\t\t\t<\/ul>\n\n\t\t<\/aside>\t\t\t\t<\/div>\n\t\t\t\t<\/div>\n\t\t\t\t\t<\/div>\n\t\t<\/div>\n\t\t\t\t\t<\/div>\n\t\t<\/section>\n\t\t\t\t<\/div>\n\t\t","protected":false},"excerpt":{"rendered":"<p>Noticias \u201cROSTROS Y COLORES DE LA CALLE\u2019 ser\u00e1 expuesta en el Museo San Pedro Claver\u201d Cartagena de Indias, 10 de [&hellip;]<\/p>\n","protected":false},"author":1,"featured_media":0,"comment_status":"closed","ping_status":"closed","sticky":false,"template":"","format":"standard","meta":{"footnotes":""},"categories":[79],"tags":[],"class_list":["post-20535","post","type-post","status-publish","format-standard","hentry","category-noticias-unibac"],"_links":{"self":[{"href":"https:\/\/unibac.edu.co\/webnueva\/wp-json\/wp\/v2\/posts\/20535","targetHints":{"allow":["GET"]}}],"collection":[{"href":"https:\/\/unibac.edu.co\/webnueva\/wp-json\/wp\/v2\/posts"}],"about":[{"href":"https:\/\/unibac.edu.co\/webnueva\/wp-json\/wp\/v2\/types\/post"}],"author":[{"embeddable":true,"href":"https:\/\/unibac.edu.co\/webnueva\/wp-json\/wp\/v2\/users\/1"}],"replies":[{"embeddable":true,"href":"https:\/\/unibac.edu.co\/webnueva\/wp-json\/wp\/v2\/comments?post=20535"}],"version-history":[{"count":7,"href":"https:\/\/unibac.edu.co\/webnueva\/wp-json\/wp\/v2\/posts\/20535\/revisions"}],"predecessor-version":[{"id":20544,"href":"https:\/\/unibac.edu.co\/webnueva\/wp-json\/wp\/v2\/posts\/20535\/revisions\/20544"}],"wp:attachment":[{"href":"https:\/\/unibac.edu.co\/webnueva\/wp-json\/wp\/v2\/media?parent=20535"}],"wp:term":[{"taxonomy":"category","embeddable":true,"href":"https:\/\/unibac.edu.co\/webnueva\/wp-json\/wp\/v2\/categories?post=20535"},{"taxonomy":"post_tag","embeddable":true,"href":"https:\/\/unibac.edu.co\/webnueva\/wp-json\/wp\/v2\/tags?post=20535"}],"curies":[{"name":"wp","href":"https:\/\/api.w.org\/{rel}","templated":true}]}}