{"id":20504,"date":"2023-04-10T20:37:36","date_gmt":"2023-04-11T01:37:36","guid":{"rendered":"https:\/\/unibac.edu.co\/webnueva\/?p=20504"},"modified":"2023-04-11T13:49:19","modified_gmt":"2023-04-11T18:49:19","slug":"la-rectora-de-unibac-sacra-nader-david-recibio-la-distincion-orden-al-merito-cultural","status":"publish","type":"post","link":"https:\/\/unibac.edu.co\/webnueva\/la-rectora-de-unibac-sacra-nader-david-recibio-la-distincion-orden-al-merito-cultural\/","title":{"rendered":"La rectora de Unibac, Sacra N\u00e1der David, recibi\u00f3 la distinci\u00f3n &#8220;Orden al M\u00e9rito Cultural&#8221;"},"content":{"rendered":"\t\t<div data-elementor-type=\"wp-post\" data-elementor-id=\"20504\" class=\"elementor elementor-20504\" data-elementor-settings=\"{&quot;ha_cmc_init_switcher&quot;:&quot;no&quot;}\">\n\t\t\t\t\t\t<section class=\"elementor-section elementor-top-section elementor-element elementor-element-27604c4f elementor-section-boxed elementor-section-height-default elementor-section-height-default\" data-id=\"27604c4f\" data-element_type=\"section\" data-e-type=\"section\" data-settings=\"{&quot;_ha_eqh_enable&quot;:false}\">\n\t\t\t\t\t\t<div class=\"elementor-container elementor-column-gap-default\">\n\t\t\t\t\t<div class=\"elementor-column elementor-col-50 elementor-top-column elementor-element elementor-element-572452fb\" data-id=\"572452fb\" data-element_type=\"column\" data-e-type=\"column\">\n\t\t\t<div class=\"elementor-widget-wrap elementor-element-populated\">\n\t\t\t\t\t\t<div class=\"elementor-element elementor-element-1a39bc45 elementor-widget elementor-widget-image\" data-id=\"1a39bc45\" data-element_type=\"widget\" data-e-type=\"widget\" data-widget_type=\"image.default\">\n\t\t\t\t<div class=\"elementor-widget-container\">\n\t\t\t\t\t\t\t\t\t\t\t\t\t\t\t<img fetchpriority=\"high\" decoding=\"async\" width=\"1080\" height=\"1080\" src=\"https:\/\/unibac.edu.co\/webnueva\/wp-content\/uploads\/2023\/04\/IMG_9424.jpg\" class=\"attachment-full size-full wp-image-20516\" alt=\"\" \/>\t\t\t\t\t\t\t\t\t\t\t\t\t\t\t<\/div>\n\t\t\t\t<\/div>\n\t\t\t\t<div class=\"elementor-element elementor-element-342f8893 elementor-widget elementor-widget-gva-heading-block\" data-id=\"342f8893\" data-element_type=\"widget\" data-e-type=\"widget\" data-widget_type=\"gva-heading-block.default\">\n\t\t\t\t<div class=\"elementor-widget-container\">\n\t\t\t\t\t<div class=\"gva-element-gva-heading-block gva-element\">   <div class=\"align-left style-1 widget gsc-heading\">\r\n      <div class=\"content-inner\">\r\n         \r\n                  \r\n                  \r\n                     <h2 class=\"title\">\r\n               <span>Noticias<\/span>\r\n            <\/h2>\r\n         \r\n                     <div class=\"sub-title\"><span>La rectora de Unibac, Sacra N\u00e1der David, recibi\u00f3 la distinci\u00f3n &quot;Orden al M\u00e9rito Cultural&quot;<\/span><\/div>\r\n          \r\n\r\n         \r\n         \r\n      <\/div>\r\n   <\/div>\r\n   <div class=\"clearfix\"><\/div>\r\n<\/div>\t\t\t\t<\/div>\n\t\t\t\t<\/div>\n\t\t\t\t<div class=\"elementor-element elementor-element-791a95a5 elementor-widget elementor-widget-text-editor\" data-id=\"791a95a5\" data-element_type=\"widget\" data-e-type=\"widget\" data-widget_type=\"text-editor.default\">\n\t\t\t\t<div class=\"elementor-widget-container\">\n\t\t\t\t\t\t\t\t\t<p>Cartagena de Indias, 1 de Abril de 2023.<\/p><p>La Fundaci\u00f3n Talento Humano, celebr\u00f3 sus 17 a\u00f1os al servicio del arte y\u00a0la cultura. Por lo que motivados en esta celebraci\u00f3n, la Junta Directiva,\u00a0escogi\u00f3 a la rectora de la Instituci\u00f3n Universitaria Bellas Artes y Ciencias\u00a0de Bol\u00edvar \u2013 Unibac, Sacra N\u00e1der David, para exaltar sus servicios y\u00a0trayectoria dentro de su carrera profesional, otorgandole el pergamino\u00a0Orden al M\u00e9rito Cultural.<\/p><p>\u201c<i><b>Al recibir este reconocimiento puedo testificar que todos estos a\u00f1os de\u00a0trabajo, no han sido en vano sino de un esfuerzo constante, brind\u00e1ndole\u00a0la oportunidad a muchos j\u00f3venes de mostrar la cultura que nos\u00a0<span style=\"font-family: var( --e-global-typography-text-font-family ), Sans-serif;\">caracteriza. Gracias infinitas, este es un logro m\u00e1s para mi casa\u00a0<\/span><span style=\"font-family: var( --e-global-typography-text-font-family ), Sans-serif;\">UNIBAC\u201d, Sacra N\u00e1der David.<\/span><\/b><\/i><\/p><p>Cabe resaltar, que la Fundaci\u00f3n Talento Humano, es una organizaci\u00f3n\u00a0sin \u00e1nimo de lucro, cuyo objetivo es la formulaci\u00f3n, planeaci\u00f3n y\u00a0realizaci\u00f3n de eventos que visibilicen a los artistas del pa\u00eds en el\u00a0extranjero.<\/p><p>\u201c<i>Para esta entidad, fue un honor entregarle la distinci\u00f3n a la doctora\u00a0Sacra, por que tuvimos en cuenta su valor intr\u00ednseco y cualidades\u00a0morales e intelectuales dentro la cultura\u201d, expres\u00f3 Ramiro D\u00edaz Romero,\u00a0presidente de la Fundaci\u00f3n Talento Humano.\u00a0<\/i><\/p><p>El acto se realiz\u00f3 dentro de la programaci\u00f3n cultural en el Museo Naval\u00a0del Caribe.<\/p>\t\t\t\t\t\t\t\t<\/div>\n\t\t\t\t<\/div>\n\t\t\t\t\t<\/div>\n\t\t<\/div>\n\t\t\t\t<div class=\"elementor-column elementor-col-50 elementor-top-column elementor-element elementor-element-220ebb31\" data-id=\"220ebb31\" data-element_type=\"column\" data-e-type=\"column\">\n\t\t\t<div class=\"elementor-widget-wrap elementor-element-populated\">\n\t\t\t\t\t\t<div class=\"elementor-element elementor-element-1749b960 elementor-widget elementor-widget-sidebar\" data-id=\"1749b960\" data-element_type=\"widget\" data-e-type=\"widget\" data-widget_type=\"sidebar.default\">\n\t\t\t\t<div class=\"elementor-widget-container\">\n\t\t\t\t\t\n\t\t<aside id=\"recent-posts-3\" class=\"widget clearfix widget_recent_entries\">\n\t\t<h3 class=\"widget-title\"><span>\u00daltimas Noticias<\/span><\/h3>\n\t\t<ul>\n\t\t\t\t\t\t\t\t\t\t\t<li>\n\t\t\t\t\t<a href=\"https:\/\/unibac.edu.co\/webnueva\/tesis-de-grado-doctoral-sobre-german-cespedes-director-del-conservatorio-de-musica-de-unibac-obtiene-distincion-laureada\/\">Tesis de grado doctoral sobre Germ\u00e1n C\u00e9spedes, director del Conservatorio de M\u00fasica de Unibac, obtiene distinci\u00f3n laureada<\/a>\n\t\t\t\t\t\t\t\t\t\t\t<span class=\"post-date\">24 abril, 2026<\/span>\n\t\t\t\t\t\t\t\t\t<\/li>\n\t\t\t\t\t\t\t\t\t\t\t<li>\n\t\t\t\t\t<a href=\"https:\/\/unibac.edu.co\/webnueva\/ustedes-representan-el-capital-intelectual-renovador-de-nuestra-region-sacra-nader-en-ceremonia-de-graduacion-de-98-nuevos-profesionales-de-unibac\/\">\u201cUstedes representan el capital intelectual renovador de nuestra regi\u00f3n\u201d: Sacra N\u00e1der en ceremonia de graduaci\u00f3n de 98 nuevos profesionales de Unibac<\/a>\n\t\t\t\t\t\t\t\t\t\t\t<span class=\"post-date\">22 abril, 2026<\/span>\n\t\t\t\t\t\t\t\t\t<\/li>\n\t\t\t\t\t\t\t\t\t\t\t<li>\n\t\t\t\t\t<a href=\"https:\/\/unibac.edu.co\/webnueva\/presentacion-de-novedades-editoriales-unibac\/\">Presentaci\u00f3n de Novedades Editoriales \u2013 Unibac<\/a>\n\t\t\t\t\t\t\t\t\t\t\t<span class=\"post-date\">30 marzo, 2026<\/span>\n\t\t\t\t\t\t\t\t\t<\/li>\n\t\t\t\t\t\t\t\t\t\t\t<li>\n\t\t\t\t\t<a href=\"https:\/\/unibac.edu.co\/webnueva\/estudiantes-de-diseno-industrial-unibac-finalistas-en-green-product-award-alemania-con-productos-hechos-con-flores-yuca-y-alpiste\/\">Estudiantes de Dise\u00f1o Industrial Unibac, finalistas en Green Product Award (Alemania) con productos hechos con flores, yuca y alpiste<\/a>\n\t\t\t\t\t\t\t\t\t\t\t<span class=\"post-date\">19 marzo, 2026<\/span>\n\t\t\t\t\t\t\t\t\t<\/li>\n\t\t\t\t\t\t\t\t\t\t\t<li>\n\t\t\t\t\t<a href=\"https:\/\/unibac.edu.co\/webnueva\/la-toma-2026-manantial-creativo-en-trabajos-de-grado-de-estudiantes-unibac\/\">\u201cLa Toma 2026\u201d, manantial creativo en trabajos de grado de estudiantes Unibac<\/a>\n\t\t\t\t\t\t\t\t\t\t\t<span class=\"post-date\">10 marzo, 2026<\/span>\n\t\t\t\t\t\t\t\t\t<\/li>\n\t\t\t\t\t<\/ul>\n\n\t\t<\/aside>\t\t\t\t<\/div>\n\t\t\t\t<\/div>\n\t\t\t\t\t<\/div>\n\t\t<\/div>\n\t\t\t\t\t<\/div>\n\t\t<\/section>\n\t\t\t\t<\/div>\n\t\t","protected":false},"excerpt":{"rendered":"<p>Noticias La rectora de Unibac, Sacra N\u00e1der David, recibi\u00f3 la distinci\u00f3n &quot;Orden al M\u00e9rito Cultural&quot; Cartagena de Indias, 1 de [&hellip;]<\/p>\n","protected":false},"author":1,"featured_media":0,"comment_status":"closed","ping_status":"closed","sticky":false,"template":"","format":"standard","meta":{"footnotes":""},"categories":[79],"tags":[],"class_list":["post-20504","post","type-post","status-publish","format-standard","hentry","category-noticias-unibac"],"_links":{"self":[{"href":"https:\/\/unibac.edu.co\/webnueva\/wp-json\/wp\/v2\/posts\/20504","targetHints":{"allow":["GET"]}}],"collection":[{"href":"https:\/\/unibac.edu.co\/webnueva\/wp-json\/wp\/v2\/posts"}],"about":[{"href":"https:\/\/unibac.edu.co\/webnueva\/wp-json\/wp\/v2\/types\/post"}],"author":[{"embeddable":true,"href":"https:\/\/unibac.edu.co\/webnueva\/wp-json\/wp\/v2\/users\/1"}],"replies":[{"embeddable":true,"href":"https:\/\/unibac.edu.co\/webnueva\/wp-json\/wp\/v2\/comments?post=20504"}],"version-history":[{"count":19,"href":"https:\/\/unibac.edu.co\/webnueva\/wp-json\/wp\/v2\/posts\/20504\/revisions"}],"predecessor-version":[{"id":20526,"href":"https:\/\/unibac.edu.co\/webnueva\/wp-json\/wp\/v2\/posts\/20504\/revisions\/20526"}],"wp:attachment":[{"href":"https:\/\/unibac.edu.co\/webnueva\/wp-json\/wp\/v2\/media?parent=20504"}],"wp:term":[{"taxonomy":"category","embeddable":true,"href":"https:\/\/unibac.edu.co\/webnueva\/wp-json\/wp\/v2\/categories?post=20504"},{"taxonomy":"post_tag","embeddable":true,"href":"https:\/\/unibac.edu.co\/webnueva\/wp-json\/wp\/v2\/tags?post=20504"}],"curies":[{"name":"wp","href":"https:\/\/api.w.org\/{rel}","templated":true}]}}