{"id":20375,"date":"2023-03-17T12:25:25","date_gmt":"2023-03-17T17:25:25","guid":{"rendered":"https:\/\/unibac.edu.co\/webnueva\/?p=20375"},"modified":"2023-03-17T12:31:20","modified_gmt":"2023-03-17T17:31:20","slug":"comunicado-a-la-comunidad-unibacense-sobre-las-elecciones-a-representante-estudiantil-ante-el-consejo-directivo","status":"publish","type":"post","link":"https:\/\/unibac.edu.co\/webnueva\/comunicado-a-la-comunidad-unibacense-sobre-las-elecciones-a-representante-estudiantil-ante-el-consejo-directivo\/","title":{"rendered":"<strong>COMUNICADO A LA COMUNIDAD UNIBACENSE SOBRE LAS ELECCIONES A REPRESENTANTE ESTUDIANTIL ANTE EL CONSEJO DIRECTIVO<\/strong>"},"content":{"rendered":"\t\t<div data-elementor-type=\"wp-post\" data-elementor-id=\"20375\" class=\"elementor elementor-20375\" data-elementor-settings=\"{&quot;ha_cmc_init_switcher&quot;:&quot;no&quot;}\">\n\t\t\t\t\t\t<section class=\"elementor-section elementor-top-section elementor-element elementor-element-7d3b4c37 elementor-section-boxed elementor-section-height-default elementor-section-height-default\" data-id=\"7d3b4c37\" data-element_type=\"section\" data-e-type=\"section\" data-settings=\"{&quot;_ha_eqh_enable&quot;:false}\">\n\t\t\t\t\t\t<div class=\"elementor-container elementor-column-gap-default\">\n\t\t\t\t\t<div class=\"elementor-column elementor-col-50 elementor-top-column elementor-element elementor-element-5ee09f2b\" data-id=\"5ee09f2b\" data-element_type=\"column\" data-e-type=\"column\">\n\t\t\t<div class=\"elementor-widget-wrap elementor-element-populated\">\n\t\t\t\t\t\t<div class=\"elementor-element elementor-element-5b25a4c elementor-widget elementor-widget-image\" data-id=\"5b25a4c\" data-element_type=\"widget\" data-e-type=\"widget\" data-widget_type=\"image.default\">\n\t\t\t\t<div class=\"elementor-widget-container\">\n\t\t\t\t\t\t\t\t\t\t\t\t\t\t\t<img fetchpriority=\"high\" decoding=\"async\" width=\"781\" height=\"521\" src=\"https:\/\/unibac.edu.co\/webnueva\/wp-content\/uploads\/2021\/06\/unibac_1-1.jpg\" class=\"attachment-large size-large wp-image-8263\" alt=\"\" \/>\t\t\t\t\t\t\t\t\t\t\t\t\t\t\t<\/div>\n\t\t\t\t<\/div>\n\t\t\t\t<div class=\"elementor-element elementor-element-7145f1e0 elementor-widget elementor-widget-gva-heading-block\" data-id=\"7145f1e0\" data-element_type=\"widget\" data-e-type=\"widget\" data-widget_type=\"gva-heading-block.default\">\n\t\t\t\t<div class=\"elementor-widget-container\">\n\t\t\t\t\t<div class=\"gva-element-gva-heading-block gva-element\">   <div class=\"align-left style-1 widget gsc-heading\">\r\n      <div class=\"content-inner\">\r\n         \r\n                  \r\n                  \r\n                     <h2 class=\"title\">\r\n               <span>Noticias<\/span>\r\n            <\/h2>\r\n         \r\n                     <div class=\"sub-title\"><span>Comunicado a la comunidad Unibacense sobre las elecciones a representante estudiantil ante el Consejo Directivo <\/span><\/div>\r\n          \r\n\r\n         \r\n         \r\n      <\/div>\r\n   <\/div>\r\n   <div class=\"clearfix\"><\/div>\r\n<\/div>\t\t\t\t<\/div>\n\t\t\t\t<\/div>\n\t\t\t\t<div class=\"elementor-element elementor-element-ed4c375 elementor-widget elementor-widget-text-editor\" data-id=\"ed4c375\" data-element_type=\"widget\" data-e-type=\"widget\" data-widget_type=\"text-editor.default\">\n\t\t\t\t<div class=\"elementor-widget-container\">\n\t\t\t\t\t\t\t\t\t<p><strong>Cartagena de Indias, 17 de marzo de 2023 <\/strong><\/p><p>La Instituci\u00f3n Universitaria Bellas Artes y Ciencias de Bol\u00edvar (Unibac), con el fin de despejar cualquier tipo de duda que pudiera surgir en el seno de los estudiantes, la comunidad acad\u00e9mica y la ciudadan\u00eda en general con ocasi\u00f3n a los resultados de las elecciones realizadas este jueves 16 de marzo para elegir al representante de los estudiantes ante el Consejo Directivo de la Instituci\u00f3n, procede a precisar y clarificar el alcance jur\u00eddico de los resultados del proceso.<\/p><p>Unibac, a trav\u00e9s de Resoluci\u00f3n No. 104 de 2023 se convoc\u00f3 a elecci\u00f3n para elegir al representante de los estudiantes ante su Consejo Directivo.<\/p><p>Como es sabido, este jueves se realiz\u00f3 en total normalidad la elecci\u00f3n en los t\u00e9rminos establecidos en el cronograma, obteni\u00e9ndose en la misma el siguiente resultado:\u00a0<\/p><ul><li><em><strong>Natalia Herre\u00f1o 202 votos<\/strong><\/em><\/li><li><em><strong>Rossman Trillos 47<\/strong><\/em><\/li><li><em><strong>Voto en Blanco 244\u00a0<\/strong><\/em><\/li><li><em><strong>Votos Nulos 8.\u00a0<\/strong><\/em><\/li><li><em><strong>En la jornada se depositaron 501 votos.<\/strong><\/em><\/li><\/ul><p>Si bien el voto en blanco depositado en la jornada de este jueves super\u00f3 ligeramente a los obtenidos por la candidata Herre\u00f1o, no es cierto que las votaciones se tengan que repetir con nuevos candidatos. Por eso es necesario hacer las siguientes precisiones conceptuales y jur\u00eddicas que, por supuesto, pueden ser debidamente constatadas.<\/p><p>Para intentar reforzar la tesis de que se tienen que repetir las elecciones estudiantiles en Unibac porque el n\u00famero de votos en blanco es superior al de la candidata Herre\u00f1o, en algunos foros de redes sociales se ha venido citando el par\u00e1grafo 1\u00b0 del art\u00edculo 258 de la Constituci\u00f3n Nacional, que es la norma que regula el voto en blanco en Colombia y que establece lo siguiente:<\/p><blockquote>\u201c<b>PAR\u00c1GRAFO 1o<\/b>. <i>&lt;Par\u00e1grafo modificado por el art\u00edculo 9 del Acto Legislativo 1 de 2009. El nuevo texto es el siguiente:&gt; Deber\u00e1 repetirse por una sola vez la votaci\u00f3n para elegir miembros de una Corporaci\u00f3n P\u00fablica, Gobernador, alcalde o la primera vuelta en las elecciones presidenciales, cuando del total de votos v\u00e1lidos, los votos en blanco constituyan la mayor\u00eda. Trat\u00e1ndose de elecciones unipersonales no podr\u00e1n presentarse los mismos candidatos, mientras en las de Corporaciones P\u00fablicas no se podr\u00e1n presentar a las nuevas elecciones las listas que no hayan alcanzado el umbral.\u201d<\/i><\/blockquote><p>Es decir, que la Constituci\u00f3n solamente autoriza su aplicaci\u00f3n para elegir miembros de corporaciones p\u00fablicas como congresistas, diputados, concejales, ediles y primera vuelta presidencial, y para la elecci\u00f3n de cargos unipersonales, como lo son los alcaldes y gobernadores, en las cuales se elige a una sola persona.<br \/>Las elecciones a representante estudiantil ante el Consejo Directivo de la Instituci\u00f3n celebradas este jueves NO se encuentran contempladas dentro de las dos opciones planteadas en la norma constitucional, dado que no son celebradas para elegir cargos de elecci\u00f3n popular como los indicados, adem\u00e1s de ello, la elecci\u00f3n no se realiz\u00f3 para elegir cargos unipersonales ya que el m\u00e1ximo \u00f3rgano administrativo de la instituci\u00f3n es un cuerpo colegiado, es decir, el Consejo Directivo de Unibac, al cual pertenecer\u00eda la elegida como representante del estudiantado unibacense.<\/p><p>En conclusi\u00f3n, la norma constitucional que regula el voto en blanco en Colombia no autoriza su aplicaci\u00f3n en elecciones estudiantiles como las celebradas en Unibac, por lo tanto, su aplicaci\u00f3n en esta entidad tiene un efecto simb\u00f3lico pero no jur\u00eddico, y su inclusi\u00f3n en el tarjet\u00f3n fue prevista como una opci\u00f3n para aquellos estudiantes que no compartieran los programas expuestos por los candidatos inscritos.<br \/>No obstante a lo anterior, en el evento que la norma constitucional que regula el voto en blanco permitiera su aplicaci\u00f3n para elecciones como las celebradas en Unibac, no habr\u00eda alcanzado el m\u00ednimo requerido para forzar a una nueva elecci\u00f3n, pues para darse dicha dicho escenario era necesario la obtenci\u00f3n de la mayor\u00eda absoluta y no simple de los votos v\u00e1lidos depositados, es decir 247 votos, sin embargo, el blanco solo tuvo 244. Esto significa que en esa eventualidad, tampoco hubiera ganado el blanco y por lo tanto no se hubieran repetido las elecciones.<\/p><p><b>Mayor\u00eda simple:<\/b> La mayor\u00eda simple o pluralidad establece que una elecci\u00f3n o votaci\u00f3n se gana cuando un candidato u opci\u00f3n obtiene m\u00e1s votos que cualquier otro, pero no consigue m\u00e1s del 50% de los votos, es decir, no consigue mayor\u00eda absoluta.<\/p><p><b>Mayor\u00eda absoluta:<\/b> Se denomina mayor\u00eda absoluta a la circunstancia que se da en una votaci\u00f3n cuando un candidato o proposici\u00f3n obtiene m\u00e1s de la mitad de los votos.<\/p><p>De conformidad con lo anterior, se debe concluir, en primera medida, que para las elecciones como las celebradas en Unibac el voto en blanco no tiene valor jur\u00eddico, y en segunda, que en el evento de que la norma permitiera su aplicaci\u00f3n, de todas formas los votos depositados a favor de esta opci\u00f3n no obtuvieron la mayor\u00eda absoluta requerida para forzar a una nueva elecci\u00f3n.<\/p><p><b>Fin del Comunicado<\/b><\/p>\t\t\t\t\t\t\t\t<\/div>\n\t\t\t\t<\/div>\n\t\t\t\t\t<\/div>\n\t\t<\/div>\n\t\t\t\t<div class=\"elementor-column elementor-col-50 elementor-top-column elementor-element elementor-element-52aee439\" data-id=\"52aee439\" data-element_type=\"column\" data-e-type=\"column\">\n\t\t\t<div class=\"elementor-widget-wrap elementor-element-populated\">\n\t\t\t\t\t\t<div class=\"elementor-element elementor-element-6e47f947 elementor-widget elementor-widget-sidebar\" data-id=\"6e47f947\" data-element_type=\"widget\" data-e-type=\"widget\" data-widget_type=\"sidebar.default\">\n\t\t\t\t<div class=\"elementor-widget-container\">\n\t\t\t\t\t\n\t\t<aside id=\"recent-posts-3\" class=\"widget clearfix widget_recent_entries\">\n\t\t<h3 class=\"widget-title\"><span>\u00daltimas Noticias<\/span><\/h3>\n\t\t<ul>\n\t\t\t\t\t\t\t\t\t\t\t<li>\n\t\t\t\t\t<a href=\"https:\/\/unibac.edu.co\/webnueva\/tesis-de-grado-doctoral-sobre-german-cespedes-director-del-conservatorio-de-musica-de-unibac-obtiene-distincion-laureada\/\">Tesis de grado doctoral sobre Germ\u00e1n C\u00e9spedes, director del Conservatorio de M\u00fasica de Unibac, obtiene distinci\u00f3n laureada<\/a>\n\t\t\t\t\t\t\t\t\t\t\t<span class=\"post-date\">24 abril, 2026<\/span>\n\t\t\t\t\t\t\t\t\t<\/li>\n\t\t\t\t\t\t\t\t\t\t\t<li>\n\t\t\t\t\t<a href=\"https:\/\/unibac.edu.co\/webnueva\/ustedes-representan-el-capital-intelectual-renovador-de-nuestra-region-sacra-nader-en-ceremonia-de-graduacion-de-98-nuevos-profesionales-de-unibac\/\">\u201cUstedes representan el capital intelectual renovador de nuestra regi\u00f3n\u201d: Sacra N\u00e1der en ceremonia de graduaci\u00f3n de 98 nuevos profesionales de Unibac<\/a>\n\t\t\t\t\t\t\t\t\t\t\t<span class=\"post-date\">22 abril, 2026<\/span>\n\t\t\t\t\t\t\t\t\t<\/li>\n\t\t\t\t\t\t\t\t\t\t\t<li>\n\t\t\t\t\t<a href=\"https:\/\/unibac.edu.co\/webnueva\/presentacion-de-novedades-editoriales-unibac\/\">Presentaci\u00f3n de Novedades Editoriales \u2013 Unibac<\/a>\n\t\t\t\t\t\t\t\t\t\t\t<span class=\"post-date\">30 marzo, 2026<\/span>\n\t\t\t\t\t\t\t\t\t<\/li>\n\t\t\t\t\t\t\t\t\t\t\t<li>\n\t\t\t\t\t<a href=\"https:\/\/unibac.edu.co\/webnueva\/estudiantes-de-diseno-industrial-unibac-finalistas-en-green-product-award-alemania-con-productos-hechos-con-flores-yuca-y-alpiste\/\">Estudiantes de Dise\u00f1o Industrial Unibac, finalistas en Green Product Award (Alemania) con productos hechos con flores, yuca y alpiste<\/a>\n\t\t\t\t\t\t\t\t\t\t\t<span class=\"post-date\">19 marzo, 2026<\/span>\n\t\t\t\t\t\t\t\t\t<\/li>\n\t\t\t\t\t\t\t\t\t\t\t<li>\n\t\t\t\t\t<a href=\"https:\/\/unibac.edu.co\/webnueva\/la-toma-2026-manantial-creativo-en-trabajos-de-grado-de-estudiantes-unibac\/\">\u201cLa Toma 2026\u201d, manantial creativo en trabajos de grado de estudiantes Unibac<\/a>\n\t\t\t\t\t\t\t\t\t\t\t<span class=\"post-date\">10 marzo, 2026<\/span>\n\t\t\t\t\t\t\t\t\t<\/li>\n\t\t\t\t\t<\/ul>\n\n\t\t<\/aside>\t\t\t\t<\/div>\n\t\t\t\t<\/div>\n\t\t\t\t\t<\/div>\n\t\t<\/div>\n\t\t\t\t\t<\/div>\n\t\t<\/section>\n\t\t\t\t<\/div>\n\t\t","protected":false},"excerpt":{"rendered":"<p>Noticias Comunicado a la comunidad Unibacense sobre las elecciones a representante estudiantil ante el Consejo Directivo Cartagena de Indias, 17 [&hellip;]<\/p>\n","protected":false},"author":1,"featured_media":0,"comment_status":"closed","ping_status":"closed","sticky":false,"template":"","format":"standard","meta":{"footnotes":""},"categories":[79],"tags":[],"class_list":["post-20375","post","type-post","status-publish","format-standard","hentry","category-noticias-unibac"],"_links":{"self":[{"href":"https:\/\/unibac.edu.co\/webnueva\/wp-json\/wp\/v2\/posts\/20375","targetHints":{"allow":["GET"]}}],"collection":[{"href":"https:\/\/unibac.edu.co\/webnueva\/wp-json\/wp\/v2\/posts"}],"about":[{"href":"https:\/\/unibac.edu.co\/webnueva\/wp-json\/wp\/v2\/types\/post"}],"author":[{"embeddable":true,"href":"https:\/\/unibac.edu.co\/webnueva\/wp-json\/wp\/v2\/users\/1"}],"replies":[{"embeddable":true,"href":"https:\/\/unibac.edu.co\/webnueva\/wp-json\/wp\/v2\/comments?post=20375"}],"version-history":[{"count":7,"href":"https:\/\/unibac.edu.co\/webnueva\/wp-json\/wp\/v2\/posts\/20375\/revisions"}],"predecessor-version":[{"id":20383,"href":"https:\/\/unibac.edu.co\/webnueva\/wp-json\/wp\/v2\/posts\/20375\/revisions\/20383"}],"wp:attachment":[{"href":"https:\/\/unibac.edu.co\/webnueva\/wp-json\/wp\/v2\/media?parent=20375"}],"wp:term":[{"taxonomy":"category","embeddable":true,"href":"https:\/\/unibac.edu.co\/webnueva\/wp-json\/wp\/v2\/categories?post=20375"},{"taxonomy":"post_tag","embeddable":true,"href":"https:\/\/unibac.edu.co\/webnueva\/wp-json\/wp\/v2\/tags?post=20375"}],"curies":[{"name":"wp","href":"https:\/\/api.w.org\/{rel}","templated":true}]}}