{"id":18947,"date":"2022-12-04T14:37:37","date_gmt":"2022-12-04T19:37:37","guid":{"rendered":"https:\/\/unibac.edu.co\/webnueva\/?p=18947"},"modified":"2022-12-04T14:37:41","modified_gmt":"2022-12-04T19:37:41","slug":"la-orquesta-sinfonica-de-bolivar-sera-la-invitada-especial-al-encendido-de-la-navidad-en-riohacha-la-guajira","status":"publish","type":"post","link":"https:\/\/unibac.edu.co\/webnueva\/la-orquesta-sinfonica-de-bolivar-sera-la-invitada-especial-al-encendido-de-la-navidad-en-riohacha-la-guajira\/","title":{"rendered":"La Orquesta Sinf\u00f3nica de Bol\u00edvar ser\u00e1 la invitada especial al encendido de la Navidad en Riohacha, La Guajira"},"content":{"rendered":"\n<figure class=\"wp-block-image size-large\"><img fetchpriority=\"high\" decoding=\"async\" width=\"1024\" height=\"682\" src=\"https:\/\/unibac.edu.co\/webnueva\/wp-content\/uploads\/2022\/12\/IMG-20211213-WA0110-1024x682.jpg\" alt=\"\" class=\"wp-image-18948\" \/><\/figure>\n\n\n\n<p><strong>Cartagena de Indias, lunes 5 de diciembre de 2022<\/strong>. Por invitaci\u00f3n de la direcci\u00f3n de Turismo Departamental de La Guajira, la Orquesta Sinf\u00f3nica de Bol\u00edvar (OSB) embajadora cultural de la <strong>Instituci\u00f3n Universitaria Bellas Artes y Ciencias de Bol\u00edvar (Bol\u00edvar)<\/strong>, se presentar\u00e1 en la plaza Jos\u00e9 Prudencio Padilla de Riohacha, este mi\u00e9rcoles 7 de diciembre a las 6:00 p.m.\u00a0<\/p>\n\n\n\n<p>El evento cultural que acompa\u00f1ar\u00e1 el encendido del Alumbrado Navide\u00f1o, es apoyado por la Alcald\u00eda de Riohacha y auspiciado por la empresa Ecopetrol.&nbsp;<\/p>\n\n\n\n<p>La <strong>OSB<\/strong> presentar\u00e1 un vibrante repertorio de m\u00fasica universal y tradicional alusiva a la \u00e9poca de Navidad, al p\u00fablico congregado en la noche de las velitas en este emblem\u00e1tico rinc\u00f3n de la capital de La Guajira.<\/p>\n\n\n\n<p>La <strong>OSB<\/strong> est\u00e1 conformada por cerca de 50 m\u00fasicos, docentes y estudiantes del <strong>Conservatorio de M\u00fasica Adolfo Mej\u00eda Navarro de Unibac<\/strong>, dirigidos por el maestro <strong>Germ\u00e1n C\u00e9spedes<\/strong>. Con este concierto la orquesta entra en la recta final de una temporada de conciertos 2022, durante la cual fue protagonista de importantes eventos de amplio impacto cultural a nivel local y regional.<\/p>\n\n\n\n<p><strong>FIN DEL COMUNICADO<\/strong><\/p>\n","protected":false},"excerpt":{"rendered":"<p>Cartagena de Indias, lunes 5 de diciembre de 2022. Por invitaci\u00f3n de la direcci\u00f3n de Turismo Departamental de La Guajira, [&hellip;]<\/p>\n","protected":false},"author":3,"featured_media":0,"comment_status":"closed","ping_status":"closed","sticky":false,"template":"","format":"standard","meta":{"footnotes":""},"categories":[79],"tags":[],"class_list":["post-18947","post","type-post","status-publish","format-standard","hentry","category-noticias-unibac"],"_links":{"self":[{"href":"https:\/\/unibac.edu.co\/webnueva\/wp-json\/wp\/v2\/posts\/18947","targetHints":{"allow":["GET"]}}],"collection":[{"href":"https:\/\/unibac.edu.co\/webnueva\/wp-json\/wp\/v2\/posts"}],"about":[{"href":"https:\/\/unibac.edu.co\/webnueva\/wp-json\/wp\/v2\/types\/post"}],"author":[{"embeddable":true,"href":"https:\/\/unibac.edu.co\/webnueva\/wp-json\/wp\/v2\/users\/3"}],"replies":[{"embeddable":true,"href":"https:\/\/unibac.edu.co\/webnueva\/wp-json\/wp\/v2\/comments?post=18947"}],"version-history":[{"count":1,"href":"https:\/\/unibac.edu.co\/webnueva\/wp-json\/wp\/v2\/posts\/18947\/revisions"}],"predecessor-version":[{"id":18949,"href":"https:\/\/unibac.edu.co\/webnueva\/wp-json\/wp\/v2\/posts\/18947\/revisions\/18949"}],"wp:attachment":[{"href":"https:\/\/unibac.edu.co\/webnueva\/wp-json\/wp\/v2\/media?parent=18947"}],"wp:term":[{"taxonomy":"category","embeddable":true,"href":"https:\/\/unibac.edu.co\/webnueva\/wp-json\/wp\/v2\/categories?post=18947"},{"taxonomy":"post_tag","embeddable":true,"href":"https:\/\/unibac.edu.co\/webnueva\/wp-json\/wp\/v2\/tags?post=18947"}],"curies":[{"name":"wp","href":"https:\/\/api.w.org\/{rel}","templated":true}]}}