{"id":18941,"date":"2022-12-03T13:53:21","date_gmt":"2022-12-03T18:53:21","guid":{"rendered":"https:\/\/unibac.edu.co\/webnueva\/?p=18941"},"modified":"2022-12-04T14:35:30","modified_gmt":"2022-12-04T19:35:30","slug":"este-martes-concierto-melomanias-en-la-plaza-benkos-bioho-con-lo-mejor-del-talento-unibac","status":"publish","type":"post","link":"https:\/\/unibac.edu.co\/webnueva\/este-martes-concierto-melomanias-en-la-plaza-benkos-bioho-con-lo-mejor-del-talento-unibac\/","title":{"rendered":"Este martes, concierto Meloman\u00edas en la Plaza Benkos Bioh\u00f3 con lo mejor del talento Unibac"},"content":{"rendered":"\n<figure class=\"wp-block-image size-large\"><img fetchpriority=\"high\" decoding=\"async\" width=\"1024\" height=\"1024\" src=\"https:\/\/unibac.edu.co\/webnueva\/wp-content\/uploads\/2022\/12\/IMG_20221202_191220_651-1024x1024.jpg\" alt=\"\" class=\"wp-image-18942\" \/><\/figure>\n\n\n\n<p><strong>Cartagena de Indias, lunes 5 de de diciembre de 2022.<\/strong>&nbsp;Este martes 6 de diciembre, a las 6:00 p.m., la Banda Sabanera Unibac, y las agrupaciones Jazz And Jam y Sound Gospel, ofrecer\u00e1n un concierto en la emblem\u00e1tica Plaza Benkos Bioh\u00f3, del sector La Matuna en el centro de Cartagena de Indias.<\/p>\n\n\n\n<p>Las tres agrupaciones musicales, forjadas en las aulas de la Instituci\u00f3n Universitaria Bellas Artes y Ciencias de Bol\u00edvar (Unibac), est\u00e1n conformadas por estudiantes, docentes y egresados del Conservatorio de M\u00fasica Adolfo Mej\u00eda Navarro, y son lideradas por los maestros Jorge Otero Manchego, Liliana Atencia y Lucy Garc\u00eda, respectivamente.<\/p>\n\n\n\n<figure class=\"wp-block-image size-large\"><img decoding=\"async\" width=\"1024\" height=\"768\" src=\"https:\/\/unibac.edu.co\/webnueva\/wp-content\/uploads\/2022\/12\/FB_IMG_1670090727377-1024x768.jpg\" alt=\"\" class=\"wp-image-18943\" \/><\/figure>\n\n\n\n<p>&#8216;Meloman\u00edas&#8217; es un aclamado programa de Proyecci\u00f3n Social de Unibac, que brinda un espacio cultural para el disfrute de los bolivarenses y promueve los talentos musicales que se forman en el Conservatorio Adolfo Mej\u00eda de la Instituci\u00f3n. Este concierto tiene una connotaci\u00f3n muy especial ya que Unibac, a trav\u00e9s de su rectora <strong>Sacra N\u00e1der David<\/strong>, estar\u00e1 dando una gran noticia para la ciudad y el Departamento.<\/p>\n\n\n\n<p>El concierto es de entrada libre al p\u00fablico.<\/p>\n\n\n\n<p>Fin del comunicado.<\/p>\n","protected":false},"excerpt":{"rendered":"<p>Cartagena de Indias, lunes 5 de de diciembre de 2022.&nbsp;Este martes 6 de diciembre, a las 6:00 p.m., la Banda [&hellip;]<\/p>\n","protected":false},"author":3,"featured_media":0,"comment_status":"closed","ping_status":"closed","sticky":false,"template":"","format":"standard","meta":{"footnotes":""},"categories":[79],"tags":[],"class_list":["post-18941","post","type-post","status-publish","format-standard","hentry","category-noticias-unibac"],"_links":{"self":[{"href":"https:\/\/unibac.edu.co\/webnueva\/wp-json\/wp\/v2\/posts\/18941","targetHints":{"allow":["GET"]}}],"collection":[{"href":"https:\/\/unibac.edu.co\/webnueva\/wp-json\/wp\/v2\/posts"}],"about":[{"href":"https:\/\/unibac.edu.co\/webnueva\/wp-json\/wp\/v2\/types\/post"}],"author":[{"embeddable":true,"href":"https:\/\/unibac.edu.co\/webnueva\/wp-json\/wp\/v2\/users\/3"}],"replies":[{"embeddable":true,"href":"https:\/\/unibac.edu.co\/webnueva\/wp-json\/wp\/v2\/comments?post=18941"}],"version-history":[{"count":2,"href":"https:\/\/unibac.edu.co\/webnueva\/wp-json\/wp\/v2\/posts\/18941\/revisions"}],"predecessor-version":[{"id":18945,"href":"https:\/\/unibac.edu.co\/webnueva\/wp-json\/wp\/v2\/posts\/18941\/revisions\/18945"}],"wp:attachment":[{"href":"https:\/\/unibac.edu.co\/webnueva\/wp-json\/wp\/v2\/media?parent=18941"}],"wp:term":[{"taxonomy":"category","embeddable":true,"href":"https:\/\/unibac.edu.co\/webnueva\/wp-json\/wp\/v2\/categories?post=18941"},{"taxonomy":"post_tag","embeddable":true,"href":"https:\/\/unibac.edu.co\/webnueva\/wp-json\/wp\/v2\/tags?post=18941"}],"curies":[{"name":"wp","href":"https:\/\/api.w.org\/{rel}","templated":true}]}}