{"id":18658,"date":"2022-10-13T12:17:00","date_gmt":"2022-10-13T17:17:00","guid":{"rendered":"https:\/\/unibac.edu.co\/webnueva\/?p=18658"},"modified":"2022-10-13T13:04:12","modified_gmt":"2022-10-13T18:04:12","slug":"con-250-participantes-en-tarima-se-realizo-en-el-centro-de-convenciones-la-gala-musical-de-las-clinicas-kids-unibac","status":"publish","type":"post","link":"https:\/\/unibac.edu.co\/webnueva\/con-250-participantes-en-tarima-se-realizo-en-el-centro-de-convenciones-la-gala-musical-de-las-clinicas-kids-unibac\/","title":{"rendered":"Con 250 participantes en tarima se realiz\u00f3 en el Centro de Convenciones la Gala musical de las Cl\u00ednicas Kids Unibac"},"content":{"rendered":"\n<figure class=\"wp-block-image size-large\"><img fetchpriority=\"high\" decoding=\"async\" width=\"1024\" height=\"574\" src=\"https:\/\/unibac.edu.co\/webnueva\/wp-content\/uploads\/2022\/10\/IMG_20221012_230931_799-1024x574.webp\" alt=\"\" class=\"wp-image-18659\" \/><\/figure>\n\n\n\n<p><strong>Cartagena de Indias, jueves 13 de octubre de 2022.<\/strong> Con la presencia del viceministro de Cultura, Jorge Ignacio Zorro S\u00e1nchez, y la participaci\u00f3n de once proyectos orquestales infantiles y juveniles provenientes de cinco departamentos del Caribe y el Tolima, se realiz\u00f3 un grandioso concierto en el Centro de Convenciones de Cartagena.<\/p>\n\n\n\n<figure class=\"wp-block-image size-large\"><img decoding=\"async\" width=\"1024\" height=\"574\" src=\"https:\/\/unibac.edu.co\/webnueva\/wp-content\/uploads\/2022\/10\/IMG_20221012_230932_495-1024x574.webp\" alt=\"\" class=\"wp-image-18661\" \/><\/figure>\n\n\n\n<p>La Gala de orquestas, que hace parte de la programaci\u00f3n cultural de las Cl\u00ednicas Kids y la octava versi\u00f3n de las Cl\u00ednicas Instrumentales de Unibac, present\u00f3 en escena a 250 participantes de este importante certamen, que busca articular los procesos de formaci\u00f3n musical de la regi\u00f3n.<\/p>\n\n\n\n<figure class=\"wp-block-image size-large\"><img decoding=\"async\" width=\"1024\" height=\"574\" src=\"https:\/\/unibac.edu.co\/webnueva\/wp-content\/uploads\/2022\/10\/IMG_20221012_230932_046-1024x574.webp\" alt=\"\" class=\"wp-image-18660\" \/><\/figure>\n\n\n\n<p>Las Cl\u00ednicas instrumentales contin\u00faan desarrollando una agenda acad\u00e9mica y cultural que concluye este viernes 14 con un concierto en el Teatro Adolfo Mejia, de entrada libre hasta completar aforo.<\/p>\n\n\n\n<p>Las Cl\u00ednicas Instrumentales, apoyadas por el Ministerio de Cultura, la Embajada de los Estados Unidos, la Universidad de los Andes y m\u00faltiples organizaciones nacionales e internacionales, son un evento de internacionalizaci\u00f3n, educaci\u00f3n continua y proyecci\u00f3n social del Conservatorio de M\u00fasica Adolfo Mejia Navarro de Unibac.<\/p>\n\n\n\n<p><strong>Fin del comunicado<\/strong>.<\/p>\n","protected":false},"excerpt":{"rendered":"<p>Cartagena de Indias, jueves 13 de octubre de 2022. Con la presencia del viceministro de Cultura, Jorge Ignacio Zorro S\u00e1nchez, [&hellip;]<\/p>\n","protected":false},"author":3,"featured_media":0,"comment_status":"closed","ping_status":"closed","sticky":false,"template":"","format":"standard","meta":{"footnotes":""},"categories":[79],"tags":[],"class_list":["post-18658","post","type-post","status-publish","format-standard","hentry","category-noticias-unibac"],"_links":{"self":[{"href":"https:\/\/unibac.edu.co\/webnueva\/wp-json\/wp\/v2\/posts\/18658","targetHints":{"allow":["GET"]}}],"collection":[{"href":"https:\/\/unibac.edu.co\/webnueva\/wp-json\/wp\/v2\/posts"}],"about":[{"href":"https:\/\/unibac.edu.co\/webnueva\/wp-json\/wp\/v2\/types\/post"}],"author":[{"embeddable":true,"href":"https:\/\/unibac.edu.co\/webnueva\/wp-json\/wp\/v2\/users\/3"}],"replies":[{"embeddable":true,"href":"https:\/\/unibac.edu.co\/webnueva\/wp-json\/wp\/v2\/comments?post=18658"}],"version-history":[{"count":2,"href":"https:\/\/unibac.edu.co\/webnueva\/wp-json\/wp\/v2\/posts\/18658\/revisions"}],"predecessor-version":[{"id":18663,"href":"https:\/\/unibac.edu.co\/webnueva\/wp-json\/wp\/v2\/posts\/18658\/revisions\/18663"}],"wp:attachment":[{"href":"https:\/\/unibac.edu.co\/webnueva\/wp-json\/wp\/v2\/media?parent=18658"}],"wp:term":[{"taxonomy":"category","embeddable":true,"href":"https:\/\/unibac.edu.co\/webnueva\/wp-json\/wp\/v2\/categories?post=18658"},{"taxonomy":"post_tag","embeddable":true,"href":"https:\/\/unibac.edu.co\/webnueva\/wp-json\/wp\/v2\/tags?post=18658"}],"curies":[{"name":"wp","href":"https:\/\/api.w.org\/{rel}","templated":true}]}}