{"id":18463,"date":"2022-09-19T01:33:24","date_gmt":"2022-09-19T06:33:24","guid":{"rendered":"https:\/\/unibac.edu.co\/webnueva\/?p=18463"},"modified":"2022-09-19T08:36:13","modified_gmt":"2022-09-19T13:36:13","slug":"unibac-realiza-la-ix-jornada-internacional-de-estudios-teatrales-del-caribe","status":"publish","type":"post","link":"https:\/\/unibac.edu.co\/webnueva\/unibac-realiza-la-ix-jornada-internacional-de-estudios-teatrales-del-caribe\/","title":{"rendered":"Unibac realiza la IX Jornada Internacional de Estudios Teatrales del Caribe"},"content":{"rendered":"\n<figure class=\"wp-block-image size-large\"><img fetchpriority=\"high\" decoding=\"async\" width=\"1024\" height=\"480\" src=\"https:\/\/unibac.edu.co\/webnueva\/wp-content\/uploads\/2022\/09\/REDES-IG-Facebook_Mesa-de-trabajo-1-copia-1024x480.jpg\" alt=\"\" class=\"wp-image-18464\" \/><\/figure>\n\n\n\n<p><strong>Cartagena de Indias, 19 de septiembre de 2022.<\/strong>&nbsp;Este martes 20 y mi\u00e9rcoles 21 de septiembre, el programa de Artes Esc\u00e9nicas de la Instituci\u00f3n Universitaria de Bellas Artes y Ciencias de Bol\u00edvar <strong>(Unibac)<\/strong> realizar\u00e1 la <strong>IX Jornada Internacional de Estudios Teatrales del Caribe.<\/strong><\/p>\n\n\n\n<p>La Jornada Internacional de Estudios Teatrales del Caribe, es un proyecto integrador y de intercambio que propende la promoci\u00f3n y formaci\u00f3n teatral que re\u00fane artistas, formadores y estudiantes del teatro y la danza de diferentes instituciones especializadas en artes esc\u00e9nicas de toda la cuenca del Caribe continental e insular. Busca, adem\u00e1s, generar espacios pedag\u00f3gicos de reflexi\u00f3n y pr\u00e1ctica art\u00edstica. Este proyecto ha permitido consolidar alianzas y la participaci\u00f3n de maestros de talla internacional y nacional que han sido importantes en nuestros procesos educativos.<\/p>\n\n\n\n<p>Este encuentro acad\u00e9mico en su IX versi\u00f3n est\u00e1 organizado a partir de diferentes modalidades y formatos como talleres, seminarios, coloquios y desmontajes de procesos creativos. Pueden asistir estudiantes, profesores, investigadores y espectadores interesados en el desarrollo art\u00edstico y cultural, como parte de las intervenciones m\u00faltiples que la Jornada realiza en el contexto de la ciudad.<\/p>\n\n\n\n<p>En esta oportunidad, el evento se desarrolla bajo la tem\u00e1tica de <em><strong>\u201cTejidos por el cuerpo y nuevas teatralidades\u201d <\/strong><\/em>y contar\u00e1 con la participaci\u00f3n de grandes maestros nacionales y extranjeros como&nbsp;el teatr\u00f3logo cubano y doctor en Ciencias del arte, Eberto Bernab\u00e9 Garc\u00eda; el actor, investigador, m\u00fasico, poeta y director de teatro argentino, Juan Cristobal Comotti; la bailarina e int\u00e9rprete de Danza contempor\u00e1nea y ex gimnasta venezolana residente en M\u00e9xico, Greys Vecchionacce; el actor, director, improvisador, docente e investigador teatral colombiano, Rigoberto \u2018Gigio\u2019 Giraldo; la actriz colombiana, Lida Fernanda Cardona, y la artista teatral y psic\u00f3loga colombiana, Paola Maribel S\u00e1nchez Portilla.<\/p>\n\n\n\n<p>La agenda, organizada por el programa de Artes Esc\u00e9nicas, ser\u00e1 presencial y abierta al p\u00fablico interesado.<\/p>\n\n\n\n<p><strong>Esta es la programaci\u00f3n:<\/strong><\/p>\n\n\n\n<figure class=\"wp-block-table\"><table><tbody><tr><td><strong>Sal\u00f3n<\/strong><strong><\/strong><\/td><td><strong>Martes 20 de sept.<\/strong><strong><\/strong><\/td><td><strong>Pr\u00e1ct<\/strong><strong><\/strong><\/td><td><strong>observa<\/strong><strong><\/strong><\/td><td><strong>Hora<\/strong><strong><\/strong><\/td><\/tr><tr><td>Pierre Daguet<\/td><td>Inicio de jornada<\/td><td>7:00am-9:30am<\/td><\/tr><tr><td>Pierre Daguet<\/td><td>Taller de Emociones y Transformaciones: M\u00e9todo de Alba Emoting (Susana Bloch) y T\u00e9cnica de Transformaciones (Antonio LLopis) Lida F. Cardona Paola M. S\u00e1nchez COLOMBIA- CALI &nbsp;<\/td><td>21<\/td><td>3<\/td><td>9:30m am 12:00pm<\/td><\/tr><tr><td>25<\/td><td><strong><em>Textualidades esc\u00e9nicas: <\/em><\/strong><em>Taller de construcci\u00f3n dramat\u00fargica para\/desde la escena<\/em> Dr. C. Eberto B. Garc\u00eda Abreu CUBANO<\/td><td>21<\/td><td>N\/A<\/td><td>2:30pm 5:30pm<\/td><\/tr><tr><td>2<\/td><td><em>Seminario-Pr\u00e1ctico \u201c<strong>Gama de emociones&#8221;<\/strong><\/em> Auto-sistemas de Actuaci\u00f3n para formatos de Impro y estilos de teatralidad Juan Comotti ARGENTINO<\/td><td>22<\/td><td>2<\/td><td>9:30m am 12:00pm<\/td><\/tr><tr><td>2<\/td><td><strong>Taller Dramaturgia de la Espontaneidad<\/strong> \u201cImprovisar es saber escribir en el escenario\u201d Rigoberto Giraldo \u201cGIGIO\u201d COLOMBIA-BOGOT\u00c1<\/td><td>22<\/td><td>4<\/td><td>2:00pm- 5:30pm<\/td><\/tr><tr><td>Pierre Daguet<\/td><td>Clase Movimiento En Vida (Contempo-fusi\u00f3n) Greys Vecchionacce M\u00c9XICO-VENEZUELA<\/td><td>23<\/td><td>4<\/td><td>2:00pm- 5:30pm<\/td><\/tr><tr><td>&nbsp;<\/td><\/tr><tr><td><strong>Sal\u00f3n<\/strong><strong><\/strong><\/td><td><strong>Martes 21 de sept.<\/strong><strong><\/strong><\/td><td><strong>&nbsp;<\/strong><\/td><td><strong>&nbsp;<\/strong><\/td><td><strong>Hora<\/strong><strong><\/strong><\/td><\/tr><tr><td>2<\/td><td>Taller de Emociones y Transformaciones: M\u00e9todo de Alba Emoting (Susana Bloch) y T\u00e9cnica de Transformaciones (Antonio LLopis) Lida F. Cardona Paola M. S\u00e1nchez COLOMBIA- CALI &nbsp;<\/td><td>21<\/td><td>3<\/td><td>&nbsp; 8:00am- 11:30am &nbsp;<\/td><\/tr><tr><td>Pierre Daguet<\/td><td>Clase Movimiento En Vida (Contempo-fusi\u00f3n) Greissy Vecchionacce M\u00c9XICO-VENEZUELA<\/td><td>23<\/td><td>4<\/td><td>8:00am- 11:30am<\/td><\/tr><tr><td>Miguel Sebasti\u00e1n<\/td><td><strong>Taller Dramaturgia de la Espontaneidad<\/strong> \u201cImprovisar es saber escribir en el escenario\u201d Rigoberto Giraldo \u201cGigio\u201d COLOMBIA-BOGOTA<em><\/em><\/td><td>22<\/td><td>4<\/td><td>8:00am- 11:30am<\/td><\/tr><tr><td>Miguel Sebasti\u00e1n<\/td><td><strong><em>Textualidades esc\u00e9nicas: <\/em><\/strong><em>Taller de construcci\u00f3n dramat\u00fargica para\/desde la escena<\/em> Dr. C. Eberto B. Garc\u00eda Abreu CUBANO<\/td><td>21<\/td><td>N\/A<\/td><td>2:00pm- 5:30pm<\/td><\/tr><tr><td>2<\/td><td><em>Seminario-Pr\u00e1ctico \u201c<strong>Gama de emociones&#8221;<\/strong><\/em> Auto-sistemas de Actuaci\u00f3n para formatos de Impro y estilos de teatralidad Juan Comotti ARGENTINO<\/td><td>22<\/td><td>2<\/td><td>2:00pm- 5:30pm<\/td><\/tr><\/tbody><\/table><\/figure>\n","protected":false},"excerpt":{"rendered":"<p>Cartagena de Indias, 19 de septiembre de 2022.&nbsp;Este martes 20 y mi\u00e9rcoles 21 de septiembre, el programa de Artes Esc\u00e9nicas [&hellip;]<\/p>\n","protected":false},"author":3,"featured_media":0,"comment_status":"closed","ping_status":"closed","sticky":false,"template":"","format":"standard","meta":{"footnotes":""},"categories":[79],"tags":[],"class_list":["post-18463","post","type-post","status-publish","format-standard","hentry","category-noticias-unibac"],"_links":{"self":[{"href":"https:\/\/unibac.edu.co\/webnueva\/wp-json\/wp\/v2\/posts\/18463","targetHints":{"allow":["GET"]}}],"collection":[{"href":"https:\/\/unibac.edu.co\/webnueva\/wp-json\/wp\/v2\/posts"}],"about":[{"href":"https:\/\/unibac.edu.co\/webnueva\/wp-json\/wp\/v2\/types\/post"}],"author":[{"embeddable":true,"href":"https:\/\/unibac.edu.co\/webnueva\/wp-json\/wp\/v2\/users\/3"}],"replies":[{"embeddable":true,"href":"https:\/\/unibac.edu.co\/webnueva\/wp-json\/wp\/v2\/comments?post=18463"}],"version-history":[{"count":3,"href":"https:\/\/unibac.edu.co\/webnueva\/wp-json\/wp\/v2\/posts\/18463\/revisions"}],"predecessor-version":[{"id":18469,"href":"https:\/\/unibac.edu.co\/webnueva\/wp-json\/wp\/v2\/posts\/18463\/revisions\/18469"}],"wp:attachment":[{"href":"https:\/\/unibac.edu.co\/webnueva\/wp-json\/wp\/v2\/media?parent=18463"}],"wp:term":[{"taxonomy":"category","embeddable":true,"href":"https:\/\/unibac.edu.co\/webnueva\/wp-json\/wp\/v2\/categories?post=18463"},{"taxonomy":"post_tag","embeddable":true,"href":"https:\/\/unibac.edu.co\/webnueva\/wp-json\/wp\/v2\/tags?post=18463"}],"curies":[{"name":"wp","href":"https:\/\/api.w.org\/{rel}","templated":true}]}}