{"id":18414,"date":"2022-09-12T17:34:41","date_gmt":"2022-09-12T22:34:41","guid":{"rendered":"https:\/\/unibac.edu.co\/webnueva\/?p=18414"},"modified":"2022-09-12T17:34:46","modified_gmt":"2022-09-12T22:34:46","slug":"extraordinario-cierre-del-decimo-festival-departamental-de-bandas-bolivar-primero-con-la-participacion-activa-del-talento-unibac","status":"publish","type":"post","link":"https:\/\/unibac.edu.co\/webnueva\/extraordinario-cierre-del-decimo-festival-departamental-de-bandas-bolivar-primero-con-la-participacion-activa-del-talento-unibac\/","title":{"rendered":"Extraordinario cierre del d\u00e9cimo Festival Departamental de Bandas Bol\u00edvar Primero con la participaci\u00f3n activa del talento Unibac"},"content":{"rendered":"\n<figure class=\"wp-block-image size-large\"><img fetchpriority=\"high\" decoding=\"async\" width=\"1024\" height=\"578\" src=\"https:\/\/unibac.edu.co\/webnueva\/wp-content\/uploads\/2022\/09\/IMG-20220910-WA0041-1024x578.jpg\" alt=\"\" class=\"wp-image-18415\" \/><\/figure>\n\n\n\n<p><strong>Cartagena de Indias, lunes 12 de septiembre de 2022. <\/strong>Tras dos ediciones en modalidad remota por la pandemia, el Festival Departamental de Bandas \u2018Bol\u00edvar Primero\u2019 en su d\u00e9cima versi\u00f3n, regres\u00f3 con un \u00e9xito arrollador, gracias a una extraordinaria organizaci\u00f3n, producci\u00f3n y la ya tradicional participaci\u00f3n de la Instituci\u00f3n Universitaria Bellas Artes y Ciencias de Bol\u00edvar (Unibac), como aliado art\u00edstico.<\/p>\n\n\n\n<p>Unibac, a trav\u00e9s del Conservatorio de M\u00fasica Adolfo Mej\u00eda y la direcci\u00f3n de los maestros Germ\u00e1n C\u00e9spedes D\u00edaz y Rupert Sierra Salazar, fue la encargada de la franja acad\u00e9mica del Festival, que nutre y llena de contenido pedag\u00f3gico este encuentro band\u00edstico que se ha venido consolidando en los \u00faltimos a\u00f1os como uno de los mejores del Caribe colombiano. \u00a0\u00a0<\/p>\n\n\n\n<figure class=\"wp-block-image size-large\"><img decoding=\"async\" width=\"1024\" height=\"575\" src=\"https:\/\/unibac.edu.co\/webnueva\/wp-content\/uploads\/2022\/09\/IMG-20220910-WA0046-1-1024x575.jpg\" alt=\"\" class=\"wp-image-18416\" \/><\/figure>\n\n\n\n<p>As\u00ed mismo, Unibac se ha convertido en cantera de j\u00f3venes m\u00fasicos que participan anualmente como directores de bandas o integrantes de las mismas. En esta \u00faltima edici\u00f3n, particip\u00f3 m\u00e1s de una docena de talentosos m\u00fasicos unibacenses entre estudiantes y egresados, muchos de ellos, llegando a la gran final. La franja acad\u00e9mica del d\u00e9cimo Festibandas estuvo a cargo de los maestros docentes Adonay Torregrosa, Jairo Cabrera, Carlos D\u00edaz, Silvia Cartusciello y Eric G\u00f3mez, quienes ofrecieron talleres instrumentales y de luter\u00eda a las 13 bandas participantes.<\/p>\n\n\n\n<p>Como directores de bandas participaron los egresados unibacenses Luis Fajardo, director de la banda municipal de Simit\u00ed; Jes\u00fas Meza, director de la banda de Santa Catalina; Danilo Mercado, quien dirigi\u00f3 la Superbanda 20 de enero de Soplaviento, tercera en el certamen categor\u00eda mayores, y H\u00e9ctor Iriarte, director de la Banda Palitiao Colectivo Canta de Cartagena, quien ocup\u00f3 el segundo lugar en la categor\u00eda menores.<\/p>\n\n\n\n<p>Tambi\u00e9n participaron los estudiantes unibacenses Jes\u00fas Andr\u00e9s Echenique P\u00e9rez, Keider Jos\u00e9 Pimentel Aguirre, Andrea Paola Santoya Garc\u00eda, Jos\u00e9 Prens Garc\u00eda&nbsp;y Kevin Prasca Romero, con la banda 20 de enero de Soplaviento; Robyn Luis Izquierdo Rodr\u00edguez y Hamilton Cantillo Castillo, con la banda 25 de Noviembre de Santa Catalina; Edwin Alberto Hoyos, con la banda de San Pablo; Herlis Manuel Palacio Casta\u00f1o y C\u00e9sar Plata M\u00e1rquez, con la Banda 3 de Julio de Santa Rosa de Lima, y Carlos Ortiz, con la Banda Palitiao en representaci\u00f3n de Cartagena.<\/p>\n\n\n\n<p><strong>Las bandas ganadoras<\/strong><\/p>\n\n\n\n<p>En la categor\u00eda menores la Banda Prejuvenil 8 de diciembre de Pinillos logr\u00f3 el primer lugar, segundo fue para la Banda Palitiao Colectivo Canta de Cartagena y tercero fue para la Escuela de M\u00fasica Casa de la Cultura de Zambrano, Bol\u00edvar.<\/p>\n\n\n\n<figure class=\"wp-block-image size-large\"><img decoding=\"async\" width=\"1024\" height=\"682\" src=\"https:\/\/unibac.edu.co\/webnueva\/wp-content\/uploads\/2022\/09\/IMG-20220912-WA0056-1024x682.jpg\" alt=\"\" class=\"wp-image-18417\" \/><\/figure>\n\n\n\n<p>En la categor\u00eda Mayores tras una presentaci\u00f3n impecable la Gran Banda La Valerosa de Mompox repiti\u00f3 t\u00edtulo y fue declarada fuera de concurso para el pr\u00f3ximo a\u00f1o. El segundo lugar lo obtuvo la Banda 16 de Mayo de San Juan Nepomuceno y el tercero fue para la Superbanda 20 de enero de Soplaviento.<\/p>\n\n\n\n<p>El reconocimiento al Mejor proceso de Escuela de Formaci\u00f3n Musical lo obtuvo la Banda 14 de septiembre de San Estanislao.&nbsp;<\/p>\n\n\n\n<p>El Festival Departamental de Bandas Bol\u00edvar Primero lleg\u00f3 a todo el p\u00fablico bolivarense y colombiano gracias al apoyo de empresas y entidades como Gobernaci\u00f3n de Bol\u00edvar, Icultur, Supergiros, Comfenalco, Comfamiliar, Palacio de la Proclamaci\u00f3n, <strong>Unibac<\/strong>, Asomanga, Asocentro, Canal Cartagena, FONTUR y el Ministerio de Industria, Comercio y Turismo.<\/p>\n\n\n\n<p>FIN DEL COMUNICADO.<\/p>\n","protected":false},"excerpt":{"rendered":"<p>Cartagena de Indias, lunes 12 de septiembre de 2022. Tras dos ediciones en modalidad remota por la pandemia, el Festival [&hellip;]<\/p>\n","protected":false},"author":3,"featured_media":0,"comment_status":"closed","ping_status":"closed","sticky":false,"template":"","format":"standard","meta":{"footnotes":""},"categories":[79],"tags":[],"class_list":["post-18414","post","type-post","status-publish","format-standard","hentry","category-noticias-unibac"],"_links":{"self":[{"href":"https:\/\/unibac.edu.co\/webnueva\/wp-json\/wp\/v2\/posts\/18414","targetHints":{"allow":["GET"]}}],"collection":[{"href":"https:\/\/unibac.edu.co\/webnueva\/wp-json\/wp\/v2\/posts"}],"about":[{"href":"https:\/\/unibac.edu.co\/webnueva\/wp-json\/wp\/v2\/types\/post"}],"author":[{"embeddable":true,"href":"https:\/\/unibac.edu.co\/webnueva\/wp-json\/wp\/v2\/users\/3"}],"replies":[{"embeddable":true,"href":"https:\/\/unibac.edu.co\/webnueva\/wp-json\/wp\/v2\/comments?post=18414"}],"version-history":[{"count":1,"href":"https:\/\/unibac.edu.co\/webnueva\/wp-json\/wp\/v2\/posts\/18414\/revisions"}],"predecessor-version":[{"id":18418,"href":"https:\/\/unibac.edu.co\/webnueva\/wp-json\/wp\/v2\/posts\/18414\/revisions\/18418"}],"wp:attachment":[{"href":"https:\/\/unibac.edu.co\/webnueva\/wp-json\/wp\/v2\/media?parent=18414"}],"wp:term":[{"taxonomy":"category","embeddable":true,"href":"https:\/\/unibac.edu.co\/webnueva\/wp-json\/wp\/v2\/categories?post=18414"},{"taxonomy":"post_tag","embeddable":true,"href":"https:\/\/unibac.edu.co\/webnueva\/wp-json\/wp\/v2\/tags?post=18414"}],"curies":[{"name":"wp","href":"https:\/\/api.w.org\/{rel}","templated":true}]}}