{"id":18394,"date":"2022-09-09T13:52:39","date_gmt":"2022-09-09T18:52:39","guid":{"rendered":"https:\/\/unibac.edu.co\/webnueva\/?p=18394"},"modified":"2022-09-09T13:52:45","modified_gmt":"2022-09-09T18:52:45","slug":"biblioteca-de-unibac-recibe-en-donacion-la-biblioteca-de-escritoras-colombianas-proyecto-editorial-que-promueve-y-rescata-la-literatura-escrita-por-mujeres","status":"publish","type":"post","link":"https:\/\/unibac.edu.co\/webnueva\/biblioteca-de-unibac-recibe-en-donacion-la-biblioteca-de-escritoras-colombianas-proyecto-editorial-que-promueve-y-rescata-la-literatura-escrita-por-mujeres\/","title":{"rendered":"Biblioteca de Unibac recibe en donaci\u00f3n la Biblioteca de escritoras colombianas, proyecto editorial que promueve y rescata la literatura escrita por mujeres"},"content":{"rendered":"\n<figure class=\"wp-block-image size-full\"><img fetchpriority=\"high\" decoding=\"async\" width=\"1000\" height=\"680\" src=\"https:\/\/unibac.edu.co\/webnueva\/wp-content\/uploads\/2022\/09\/biblio-mujeres.jpg\" alt=\"\" class=\"wp-image-18395\" \/><\/figure>\n\n\n\n<p><strong>Cartagena de Indias, viernes 9 de septiembre de 2022.<\/strong> La Biblioteca Mar\u00fan Gossa\u00edn Jattin de la Instituci\u00f3n Universitaria Bellas Artes y Ciencias de Bol\u00edvar (Unibac) recibi\u00f3 en donaci\u00f3n la Biblioteca de Escritoras Colombianas\u200b un proyecto del Ministerio de Cultura y la Biblioteca Nacional de Colombia que se inici\u00f3 en 2020.<\/p>\n\n\n\n<p>Durante la fase de investigaci\u00f3n se encontr\u00f3 que las escritoras colombianas son una poblaci\u00f3n hist\u00f3ricamente marginada en todos los \u00e1mbitos del medio literario. Las mujeres&nbsp;en Colombia no han tenido las mismas oportunidades que los hombres para educarse, publicar sus libros, hacerlos circular, abrirse camino en la academia, enviar sus obras a los concursos, ni ganar los premios. Por lo anterior su participaci\u00f3n en las letras ha sido menos visible y sus trabajos, no solo no han sido valorados como lo merecen, sino que en muchas oportunidades han sido olvidados, borrados o censurados. Es cierto que en a\u00f1os recientes la situaci\u00f3n de las escritoras colombianas ha mejorado. Sin embargo, siguen en desventaja frente a la de los hombres.&nbsp;<\/p>\n\n\n\n<p>La Biblioteca de Escritoras Colombianas busca subsanar esta situaci\u00f3n promover el trabajo de nuestras escritoras.<strong>&nbsp;La obra consta de dieciocho t\u00edtulos, de algunas de las autoras m\u00e1s representativas del pa\u00eds, nacidas desde la Colonia hasta la primera mitad del siglo XX. El objetivo principal es rescatar las obras de autoras que est\u00e1n descatalogadas, o que no han tenido la divulgaci\u00f3n&nbsp;que merecen<\/strong>. Es una biblioteca diversa que incluye autoras de todo el pa\u00eds: Bogot\u00e1 y la regi\u00f3n Andina, la Sierra Nevada del Cocuy, la costa Caribe, San Andr\u00e9s Islas, el nororiente, el suroccidente, el Eje Cafetero y Medell\u00edn. Hay escritoras blancas, mestizas, negras, raizales e ind\u00edgenas. Son de variados perfiles: mujeres privilegiadas y mujeres excluidas, religiosas y laicas, amas de casa y profesionales, y en condici\u00f3n de discapacidad.&nbsp;<strong>Los g\u00e9neros literarios est\u00e1n representados con novelas, cuentos, poes\u00eda, cr\u00f3nicas, textos period\u00edsticos y&nbsp;teatro. Cada t\u00edtulo cuenta con un pr\u00f3logo escrito por una especialista que da contexto a la obra y a su autora, y permite repensar la literatura y la condici\u00f3n de las mujeres dentro del panorama colombiano.&nbsp;<\/strong><\/p>\n\n\n\n<p><strong>La Biblioteca de Escritoras Colombianas cuenta con estos t\u00edtulos:<\/strong><\/p>\n\n\n\n<ul class=\"wp-block-list\"><li><em>Su vida<\/em>, autobiograf\u00eda de Francisca Josefa de Castillo, con pr\u00f3logo de \u00c1ngela In\u00e9s Robledo.<\/li><li><em>Una holandesa en Am\u00e9rica<\/em>, novela de Soledad Acosta de Samper, con pr\u00f3logo de Carolina Alzate.<\/li><li><em>D\u00e9jennos tranquilas<\/em>, textos period\u00edsticos de Sof\u00eda Ospina de Navarro, con pr\u00f3logo de Paloma P\u00e9rez Sastre.<\/li><li><em>Los hijos de ella<\/em>, obra de teatro de Amira de la Rosa, con pr\u00f3logo de Patricia Ariza.<\/li><li><em>Autobiograf\u00eda de una u\u00f1a<\/em>, columnas de Emilia Pardo Uma\u00f1a, con pr\u00f3logo de Rosario del Castillo.<\/li><li><em>Mi Cristo negro<\/em>, novela de Teresa Mart\u00ednez de Varela, con pr\u00f3logo de Yijhan Renter\u00eda Salazar.<\/li><li><em>\u00c1ngela y el diablo<\/em>, cuentos de Elisa M\u00fajica, con pr\u00f3logo de Lina Alonso Castillo.<\/li><li><em>Ac\u00e1 empieza el fuego&nbsp;<\/em>de la poeta Emilia Ayarza, con pr\u00f3logo de Camila Charry Noriega.<\/li><li><em>Ninguna voz repetir\u00e1 la m\u00eda<\/em>, poes\u00eda de Meira Delmar, con pr\u00f3logo de Mar\u00eda Antonia Le\u00f3n.<\/li><li><em>El nombre de antes<\/em>, poes\u00eda de Maruja Vieira, con pr\u00f3logo de Adriana Villegas Botero.<\/li><li><em>Mi capit\u00e1n Fabi\u00e1n Sicach\u00e1<\/em>, novela de Flor Romero de Nohra, con pr\u00f3logo de Aleyda Guti\u00e9rrez Mavesoy.<\/li><li><em>La m de las moscas<\/em>, cuentos de Helena Araujo, con pr\u00f3logo de Natalia Mej\u00eda E.<\/li><li><em>Sail Ahoy!!! (\u00a1Vela a la vista!)<\/em>, novela de Hazel Robinson Abrahams, con pr\u00f3logo de Adriana Rosas.<\/li><li><em>Dos veces Alicia<\/em>, novela de Albaluc\u00eda \u00c1ngel, con pr\u00f3logo de Alejandra Jaramillo Morales e Ivonne Alonso Mondrag\u00f3n.<\/li><li><em>Tengo los pies en la cabeza<\/em>, novela de Berich\u00e1 (Esperanza Aguablanca), con pr\u00f3logo de Adriana Campos Umbarila.<\/li><li><em>Oficio de vivir<\/em>, poes\u00eda de Mar\u00eda Mercedes Carranza, con pr\u00f3logo y compilaci\u00f3n de su hija Melibea.<\/li><li><em>La mujer que sab\u00eda demasiado<\/em>, novela de Silvia Galvis, con pr\u00f3logo de Luz Mary Giraldo.<\/li><li><em>Mido mi cuarta y me paro en ella<\/em>, cuentos de Amalial\u00fa Posso Figueroa, con pr\u00f3logo de Velia Vidal.<\/li><\/ul>\n\n\n\n<p>Los 18 ejemplares de esta colecci\u00f3n pueden consultarse en el cat\u00e1logo bibliogr\u00e1fico en l\u00ednea de la Biblioteca de Unibac Bibliosafe en la siguiente direcci\u00f3n: <a href=\"https:\/\/unibac.prixmasol.com\/catalogo\">https:\/\/unibac.prixmasol.com\/catalogo<\/a><\/p>\n\n\n\n<p>Para conocer m\u00e1s sobre esta importante colecci\u00f3n puedes ver este video informativo:<\/p>\n\n\n\n<figure class=\"wp-block-embed is-type-video is-provider-youtube wp-block-embed-youtube wp-embed-aspect-16-9 wp-has-aspect-ratio\"><div class=\"wp-block-embed__wrapper\">\n<iframe title=\"Cultura. Ministerio de Cultura lanza \u2018Biblioteca de Escritoras Colombianas\u2019\" width=\"900\" height=\"506\" src=\"https:\/\/www.youtube.com\/embed\/IbEhPCBpZkk?feature=oembed\" frameborder=\"0\" allow=\"accelerometer; autoplay; clipboard-write; encrypted-media; gyroscope; picture-in-picture\" allowfullscreen><\/iframe>\n<\/div><\/figure>\n\n\n\n<p><strong><em>\u00a0\u201cNuestra biblioteca, m\u00e1s y mejores servicios para el beneficio de los usuarios\u201d.<\/em><\/strong><\/p>\n","protected":false},"excerpt":{"rendered":"<p>Cartagena de Indias, viernes 9 de septiembre de 2022. La Biblioteca Mar\u00fan Gossa\u00edn Jattin de la Instituci\u00f3n Universitaria Bellas Artes [&hellip;]<\/p>\n","protected":false},"author":3,"featured_media":0,"comment_status":"closed","ping_status":"closed","sticky":false,"template":"","format":"standard","meta":{"footnotes":""},"categories":[79],"tags":[],"class_list":["post-18394","post","type-post","status-publish","format-standard","hentry","category-noticias-unibac"],"_links":{"self":[{"href":"https:\/\/unibac.edu.co\/webnueva\/wp-json\/wp\/v2\/posts\/18394","targetHints":{"allow":["GET"]}}],"collection":[{"href":"https:\/\/unibac.edu.co\/webnueva\/wp-json\/wp\/v2\/posts"}],"about":[{"href":"https:\/\/unibac.edu.co\/webnueva\/wp-json\/wp\/v2\/types\/post"}],"author":[{"embeddable":true,"href":"https:\/\/unibac.edu.co\/webnueva\/wp-json\/wp\/v2\/users\/3"}],"replies":[{"embeddable":true,"href":"https:\/\/unibac.edu.co\/webnueva\/wp-json\/wp\/v2\/comments?post=18394"}],"version-history":[{"count":1,"href":"https:\/\/unibac.edu.co\/webnueva\/wp-json\/wp\/v2\/posts\/18394\/revisions"}],"predecessor-version":[{"id":18396,"href":"https:\/\/unibac.edu.co\/webnueva\/wp-json\/wp\/v2\/posts\/18394\/revisions\/18396"}],"wp:attachment":[{"href":"https:\/\/unibac.edu.co\/webnueva\/wp-json\/wp\/v2\/media?parent=18394"}],"wp:term":[{"taxonomy":"category","embeddable":true,"href":"https:\/\/unibac.edu.co\/webnueva\/wp-json\/wp\/v2\/categories?post=18394"},{"taxonomy":"post_tag","embeddable":true,"href":"https:\/\/unibac.edu.co\/webnueva\/wp-json\/wp\/v2\/tags?post=18394"}],"curies":[{"name":"wp","href":"https:\/\/api.w.org\/{rel}","templated":true}]}}