{"id":18374,"date":"2022-09-01T16:08:01","date_gmt":"2022-09-01T21:08:01","guid":{"rendered":"https:\/\/unibac.edu.co\/webnueva\/?p=18374"},"modified":"2022-09-01T16:08:59","modified_gmt":"2022-09-01T21:08:59","slug":"unibac-e-ipcc-suscriben-convenio-para-la-formacion-y-profesionalizacion-de-artistas-y-cultores-de-cartagena-de-indias","status":"publish","type":"post","link":"https:\/\/unibac.edu.co\/webnueva\/unibac-e-ipcc-suscriben-convenio-para-la-formacion-y-profesionalizacion-de-artistas-y-cultores-de-cartagena-de-indias\/","title":{"rendered":"Unibac e IPCC suscriben convenio para la formaci\u00f3n y profesionalizaci\u00f3n de artistas y cultores de Cartagena de Indias"},"content":{"rendered":"\n<figure class=\"wp-block-image size-large\"><img fetchpriority=\"high\" decoding=\"async\" width=\"1024\" height=\"575\" src=\"https:\/\/unibac.edu.co\/webnueva\/wp-content\/uploads\/2022\/09\/IMG-20220831-WA0072-1024x575.jpg\" alt=\"\" class=\"wp-image-18375\" \/><\/figure>\n\n\n\n<p><strong>Cartagena de Indias, mi\u00e9rcoles 31 de agosto de 2022.<\/strong> La Instituci\u00f3n Universitaria Bellas Artes y Ciencias de Bol\u00edvar <strong>(Unibac)<\/strong>, y el Instituto de Patrimonio y Cultura de Cartagena <strong>(IPCC)<\/strong>, firmaron este mi\u00e9rcoles un convenio interadministrativo para la formaci\u00f3n y profesionalizaci\u00f3n de los actores festivos de Cartagena, en cinco (5) de los seis programas que oferta la Instituci\u00f3n.<\/p>\n\n\n\n<p>Este importante <strong>programa de profesionalizaci\u00f3n<\/strong> en distintas \u00e1reas art\u00edsticas que ofrece Unibac en alianza con el IPCC, responde a las necesidades de formaci\u00f3n de muchos artistas e incansables trabajadores del ecosistema cultural de Cartagena, quienes se enfrentan a condiciones de p\u00e9rdida de oportunidades para su desarrollo, as\u00ed como a la imposibilidad de contribuir al quehacer de las din\u00e1micas inherentes a las industrias creativas y al desarrollo de la ciudad.<\/p>\n\n\n\n<p>Este empe\u00f1o com\u00fan que finalmente se ve materializado en este convenio, busca elevar la calidad de la pr\u00e1ctica profesional de los artistas, su calidad de vida y la de sus familias. Es por ello que ambas instituciones extienden la invitaci\u00f3n a artistas y gestores culturales sin formaci\u00f3n profesional, mayores de 28 a\u00f1os, residentes en Cartagena y que est\u00e9n interesados en participar de dicho programa formativo para la obtenci\u00f3n de su t\u00edtulo profesional, a trav\u00e9s de los programas acad\u00e9micos de M\u00fasica, Artes Pl\u00e1sticas, Artes Esc\u00e9nicas, Dise\u00f1o Industrial y Comunicaci\u00f3n Audiovisual, a diligenciar este formulario de preinscripci\u00f3n: <a rel=\"noreferrer noopener\" href=\"https:\/\/forms.gle\/fLjpArN52d3kZYXV8\" target=\"_blank\"><strong>https:\/\/forms.gle\/fLjpArN52d3kZYXV8<\/strong><\/a><\/p>\n\n\n\n<p>Este programa formativo, que parte de la estrategia orientada por el IPCC para la salvaguardia del patrimonio inmaterial de Cartagena, es de car\u00e1cter gratuito y se propone convalidar los saberes de los artistas y gestores culturales cartageneros de gran trayectoria, para facilitar la obtenci\u00f3n de su t\u00edtulo profesional en el campo de las artes, en un periodo de tiempo inferior al estipulado regularmente, es decir, 3 semestres acad\u00e9micos para Artes Pl\u00e1sticas, Artes Esc\u00e9nicas, Dise\u00f1o Industrial y Comunicaci\u00f3n Audiovisual, y 4 semestres acad\u00e9micos para el programa de M\u00fasica.<\/p>\n\n\n\n<p>El convenio, a trav\u00e9s del Programa de formaci\u00f3n para la profesionalizaci\u00f3n de artistas y gestores culturales del distrito de Cartagena otorgar\u00e1 40 becas, y la selecci\u00f3n de las personas beneficiarias depender\u00e1 de un proceso de evaluaci\u00f3n y convalidaci\u00f3n de saberes, realizado por Unibac a trav\u00e9s de la presentaci\u00f3n de una prueba escrita, una entrevista y el estudio del portafolio art\u00edstico para aspirantes al programa de M\u00fasica, quienes adicionalmente deber\u00e1n presentar una prueba de ejecuci\u00f3n instrumental.<\/p>\n\n\n\n<figure class=\"wp-block-image size-large\"><img decoding=\"async\" width=\"819\" height=\"1024\" src=\"https:\/\/unibac.edu.co\/webnueva\/wp-content\/uploads\/2022\/09\/Post_face_convocatoria-819x1024.png\" alt=\"\" class=\"wp-image-18376\" \/><\/figure>\n\n\n\n<p>Sobre el convenio suscrito con el ente rector de la cultura en el Distrito, la rectora de Unibac, <strong>Sacra N\u00e1der David<\/strong>, manifest\u00f3 que el programa de profesionalizaci\u00f3n de artistas festivos de Cartagena es la <em>\u201cmaterializaci\u00f3n de un sue\u00f1o que, tanto el director del IPCC como yo, hemos tenido durante a\u00f1os<\/em>\u201d. La funcionaria tambi\u00e9n destac\u00f3 la importancia de la Escuela de Formaci\u00f3n Festiva (EFF), ya que \u201c<em>una ciudad que tiene un patrimonio cultural intangible tan importante como las Fiestas de la Independencia, que encarnan la met\u00e1fora viva de nuestra Independencia, debe contar con un programa de formaci\u00f3n acad\u00e9mica que coadyuve al proceso de revitalizaci\u00f3n de nuestras pr\u00e1cticas festivas<\/em>\u201d.<\/p>\n\n\n\n<p>Tal como lo rese\u00f1\u00f3 la rectora unibacense, este convenio interadministrativo incluye tres componentes estrat\u00e9gicos, 1. La <strong>Escuela de Formaci\u00f3n Festiva<\/strong>, que se desarrolla a trav\u00e9s de un Diplomado que contempla dos componentes: uno b\u00e1sico, que abarca los fundamentos hist\u00f3ricos y conceptuales que sustentan la tradici\u00f3n festiva en Cartagena, y otro especifico a cada una de las modalidades art\u00edsticas y oficios que intervienen en el quehacer festivo. 2. <strong>El Programa de formaci\u00f3n para la profesionalizaci\u00f3n de artistas y gestores culturales<\/strong>, que es el que se est\u00e1 ofertando actualmente, y 3. El <strong>Proceso de formaci\u00f3n de creadores, gestores, hacedores y portadores a trav\u00e9s de becas de formaci\u00f3n profesional.<\/strong><\/p>\n\n\n\n<p>Toda la informaci\u00f3n sobre el proceso de selecci\u00f3n para el programa de profesionalizaci\u00f3n, los requisitos para participar y la documentaci\u00f3n requerida se pueden consultar en la p\u00e1gina web <a href=\"http:\/\/www.unibac.edu.co\"><strong>www.unibac.edu.co<\/strong><\/a> o haciendo clic en este enlace: <a href=\"https:\/\/cutt.ly\/lCtZ7tC\"><strong>https:\/\/cutt.ly\/lCtZ7tC<\/strong><\/a><\/p>\n\n\n\n<p>FIN DEL COMUNICADO.<\/p>\n","protected":false},"excerpt":{"rendered":"<p>Cartagena de Indias, mi\u00e9rcoles 31 de agosto de 2022. La Instituci\u00f3n Universitaria Bellas Artes y Ciencias de Bol\u00edvar (Unibac), y [&hellip;]<\/p>\n","protected":false},"author":3,"featured_media":0,"comment_status":"closed","ping_status":"closed","sticky":false,"template":"","format":"standard","meta":{"footnotes":""},"categories":[79],"tags":[],"class_list":["post-18374","post","type-post","status-publish","format-standard","hentry","category-noticias-unibac"],"_links":{"self":[{"href":"https:\/\/unibac.edu.co\/webnueva\/wp-json\/wp\/v2\/posts\/18374","targetHints":{"allow":["GET"]}}],"collection":[{"href":"https:\/\/unibac.edu.co\/webnueva\/wp-json\/wp\/v2\/posts"}],"about":[{"href":"https:\/\/unibac.edu.co\/webnueva\/wp-json\/wp\/v2\/types\/post"}],"author":[{"embeddable":true,"href":"https:\/\/unibac.edu.co\/webnueva\/wp-json\/wp\/v2\/users\/3"}],"replies":[{"embeddable":true,"href":"https:\/\/unibac.edu.co\/webnueva\/wp-json\/wp\/v2\/comments?post=18374"}],"version-history":[{"count":2,"href":"https:\/\/unibac.edu.co\/webnueva\/wp-json\/wp\/v2\/posts\/18374\/revisions"}],"predecessor-version":[{"id":18378,"href":"https:\/\/unibac.edu.co\/webnueva\/wp-json\/wp\/v2\/posts\/18374\/revisions\/18378"}],"wp:attachment":[{"href":"https:\/\/unibac.edu.co\/webnueva\/wp-json\/wp\/v2\/media?parent=18374"}],"wp:term":[{"taxonomy":"category","embeddable":true,"href":"https:\/\/unibac.edu.co\/webnueva\/wp-json\/wp\/v2\/categories?post=18374"},{"taxonomy":"post_tag","embeddable":true,"href":"https:\/\/unibac.edu.co\/webnueva\/wp-json\/wp\/v2\/tags?post=18374"}],"curies":[{"name":"wp","href":"https:\/\/api.w.org\/{rel}","templated":true}]}}